{"id":99990,"date":"2025-12-05T13:31:05","date_gmt":"2025-12-05T13:31:05","guid":{"rendered":"https:\/\/jorgezanoni.com.br\/2019\/?p=99990"},"modified":"2025-12-05T13:31:05","modified_gmt":"2025-12-05T13:31:05","slug":"morador-de-panorama-morre-em-acidente-na-sp-294-em-tupi-paulista","status":"publish","type":"post","link":"https:\/\/jorgezanoni.com.br\/2019\/morador-de-panorama-morre-em-acidente-na-sp-294-em-tupi-paulista\/","title":{"rendered":"Morador de Panorama morre em acidente na SP-294 em Tupi Paulista"},"content":{"rendered":"<div class=\"xdj266r x14z9mp xat24cr x1lziwak x1vvkbs x126k92a\">\n<div dir=\"auto\" style=\"text-align: justify;\"><strong>Bruno Pires de 38 anos, morador no Bairro Bela Vista em Panorama, \u00e9 a v\u00edtima fatal do acidente. Ele trabalha em uma empresa nas proximidades de Andradina. Deixa duas filhas.<\/strong><\/div>\n<\/div>\n<div dir=\"auto\" style=\"text-align: justify;\"><\/div>\n<div dir=\"auto\" style=\"text-align: justify;\">Acidente foi registrado \u00e0s 02h07min. na Rodovia Cmt Jo\u00e3o Ribeiro de Barros,\u00a0 SP-204, km 658, em Tupi Paulista.<\/div>\n<div dir=\"auto\" style=\"text-align: justify;\"><\/div>\n<p style=\"text-align: justify;\">Na madrugada desta sexta-feira (05), o Policiamento Rodovi\u00e1rio foi acionado para o registro de um sinistro de tr\u00e2nsito com v\u00edtima, onde o autom\u00f3vel gm\/vectra, com placas de Sud Mennucci\/SP, que transitava no sentido Dracena a Tupi Paulista, veio a perder o controle, vindo a capotar no canteiro central da rotat\u00f3ria.<\/p>\n<p style=\"text-align: justify;\">O condutor, homem de 38 anos e morador de Panorama\/SP, encontrava-se s\u00f3 no ve\u00edculo, quando perdeu o controle e foi projetado para fora do autom\u00f3vel durante o capotamento e mesmo sendo socorrido pela equipe dos Bombeiros at\u00e9 o Pronto Socorro de Dracena, n\u00e3o resistiu aos ferimentos.<\/p>\n<p style=\"text-align: justify;\">Equipe da Pol\u00edcia Cient\u00edfica compareceu no local.<\/p>\n<p style=\"text-align: justify;\">Ocorr\u00eancia foi apresentada no Plant\u00e3o da Pol\u00edcia Civil de Dracena.<\/p>\n<p style=\"text-align: justify;\">Equipes da Eixo-SP sinalizaram o local e o tr\u00e2nsito n\u00e3o precisou ser interditado.<\/p>\n<p style=\"text-align: justify;\">N\u00e3o foi poss\u00edvel realizar o teste com o etil\u00f4metro, devido o estado grav\u00edssimo que encontrava-se o condutor.<\/p>\n<p style=\"text-align: justify;\">POL\u00cdCIA MILITAR, RUMO AOS 200 ANOS! PROTEGENDO VIDAS, GARANTINDO A LEI E PROMOVENDO A PAZ.<\/p>\n<p><img loading=\"lazy\" decoding=\"async\" class=\"alignnone size-full wp-image-99993\" src=\"https:\/\/jorgezanoni.com.br\/2019\/wp-content\/uploads\/2025\/12\/panorama-1.jpg\" alt=\"\" width=\"262\" height=\"307\" srcset=\"https:\/\/jorgezanoni.com.br\/2019\/wp-content\/uploads\/2025\/12\/panorama-1.jpg 262w, https:\/\/jorgezanoni.com.br\/2019\/wp-content\/uploads\/2025\/12\/panorama-1-256x300.jpg 256w\" sizes=\"auto, (max-width: 262px) 100vw, 262px\" \/> <img loading=\"lazy\" decoding=\"async\" class=\"alignnone size-full wp-image-99994\" src=\"https:\/\/jorgezanoni.com.br\/2019\/wp-content\/uploads\/2025\/12\/panorama2-Pequeno.jpg\" alt=\"\" width=\"270\" height=\"480\" srcset=\"https:\/\/jorgezanoni.com.br\/2019\/wp-content\/uploads\/2025\/12\/panorama2-Pequeno.jpg 270w, https:\/\/jorgezanoni.com.br\/2019\/wp-content\/uploads\/2025\/12\/panorama2-Pequeno-169x300.jpg 169w, https:\/\/jorgezanoni.com.br\/2019\/wp-content\/uploads\/2025\/12\/panorama2-Pequeno-236x420.jpg 236w\" sizes=\"auto, (max-width: 270px) 100vw, 270px\" \/> <img loading=\"lazy\" decoding=\"async\" class=\"alignnone size-full wp-image-99995\" src=\"https:\/\/jorgezanoni.com.br\/2019\/wp-content\/uploads\/2025\/12\/panorama3-Pequeno-1.jpg\" alt=\"\" width=\"328\" height=\"476\" srcset=\"https:\/\/jorgezanoni.com.br\/2019\/wp-content\/uploads\/2025\/12\/panorama3-Pequeno-1.jpg 328w, https:\/\/jorgezanoni.com.br\/2019\/wp-content\/uploads\/2025\/12\/panorama3-Pequeno-1-207x300.jpg 207w, https:\/\/jorgezanoni.com.br\/2019\/wp-content\/uploads\/2025\/12\/panorama3-Pequeno-1-289x420.jpg 289w\" sizes=\"auto, (max-width: 328px) 100vw, 328px\" \/> <img loading=\"lazy\" decoding=\"async\" class=\"alignnone size-full wp-image-99996\" src=\"https:\/\/jorgezanoni.com.br\/2019\/wp-content\/uploads\/2025\/12\/panorama5-Pequeno.jpg\" alt=\"\" width=\"853\" height=\"480\" srcset=\"https:\/\/jorgezanoni.com.br\/2019\/wp-content\/uploads\/2025\/12\/panorama5-Pequeno.jpg 853w, https:\/\/jorgezanoni.com.br\/2019\/wp-content\/uploads\/2025\/12\/panorama5-Pequeno-300x169.jpg 300w, https:\/\/jorgezanoni.com.br\/2019\/wp-content\/uploads\/2025\/12\/panorama5-Pequeno-768x432.jpg 768w, https:\/\/jorgezanoni.com.br\/2019\/wp-content\/uploads\/2025\/12\/panorama5-Pequeno-696x392.jpg 696w, https:\/\/jorgezanoni.com.br\/2019\/wp-content\/uploads\/2025\/12\/panorama5-Pequeno-746x420.jpg 746w\" sizes=\"auto, (max-width: 853px) 100vw, 853px\" \/> <img loading=\"lazy\" decoding=\"async\" class=\"alignnone size-full wp-image-99997\" src=\"https:\/\/jorgezanoni.com.br\/2019\/wp-content\/uploads\/2025\/12\/panorama6-Pequeno.jpg\" alt=\"\" width=\"853\" height=\"480\" srcset=\"https:\/\/jorgezanoni.com.br\/2019\/wp-content\/uploads\/2025\/12\/panorama6-Pequeno.jpg 853w, https:\/\/jorgezanoni.com.br\/2019\/wp-content\/uploads\/2025\/12\/panorama6-Pequeno-300x169.jpg 300w, https:\/\/jorgezanoni.com.br\/2019\/wp-content\/uploads\/2025\/12\/panorama6-Pequeno-768x432.jpg 768w, https:\/\/jorgezanoni.com.br\/2019\/wp-content\/uploads\/2025\/12\/panorama6-Pequeno-696x392.jpg 696w, https:\/\/jorgezanoni.com.br\/2019\/wp-content\/uploads\/2025\/12\/panorama6-Pequeno-746x420.jpg 746w\" sizes=\"auto, (max-width: 853px) 100vw, 853px\" \/><\/p>\n<p>Fonte: Policia Militar Rodovi\u00e1ria<\/p>\n<p>Colaborou: Panorama Not\u00edcias<\/p>\n<p>Jorge Zanoni<\/p>\n","protected":false},"excerpt":{"rendered":"<p>Bruno Pires de 38 anos, morador no Bairro Bela Vista em Panorama, \u00e9 a v\u00edtima fatal do acidente. Ele trabalha em uma empresa nas proximidades de Andradina. Deixa duas filhas. Acidente foi registrado \u00e0s 02h07min. na Rodovia Cmt Jo\u00e3o Ribeiro de Barros,\u00a0 SP-204, km 658, em Tupi Paulista. Na madrugada desta sexta-feira (05), o Policiamento [&hellip;]<\/p>\n","protected":false},"author":1,"featured_media":99992,"comment_status":"closed","ping_status":"open","sticky":false,"template":"","format":"standard","meta":{"footnotes":""},"categories":[170,110],"tags":[],"class_list":["post-99990","post","type-post","status-publish","format-standard","has-post-thumbnail","hentry","category-acidentes","category-noticiasdestaque"],"_links":{"self":[{"href":"https:\/\/jorgezanoni.com.br\/2019\/wp-json\/wp\/v2\/posts\/99990","targetHints":{"allow":["GET"]}}],"collection":[{"href":"https:\/\/jorgezanoni.com.br\/2019\/wp-json\/wp\/v2\/posts"}],"about":[{"href":"https:\/\/jorgezanoni.com.br\/2019\/wp-json\/wp\/v2\/types\/post"}],"author":[{"embeddable":true,"href":"https:\/\/jorgezanoni.com.br\/2019\/wp-json\/wp\/v2\/users\/1"}],"replies":[{"embeddable":true,"href":"https:\/\/jorgezanoni.com.br\/2019\/wp-json\/wp\/v2\/comments?post=99990"}],"version-history":[{"count":2,"href":"https:\/\/jorgezanoni.com.br\/2019\/wp-json\/wp\/v2\/posts\/99990\/revisions"}],"predecessor-version":[{"id":99999,"href":"https:\/\/jorgezanoni.com.br\/2019\/wp-json\/wp\/v2\/posts\/99990\/revisions\/99999"}],"wp:featuredmedia":[{"embeddable":true,"href":"https:\/\/jorgezanoni.com.br\/2019\/wp-json\/wp\/v2\/media\/99992"}],"wp:attachment":[{"href":"https:\/\/jorgezanoni.com.br\/2019\/wp-json\/wp\/v2\/media?parent=99990"}],"wp:term":[{"taxonomy":"category","embeddable":true,"href":"https:\/\/jorgezanoni.com.br\/2019\/wp-json\/wp\/v2\/categories?post=99990"},{"taxonomy":"post_tag","embeddable":true,"href":"https:\/\/jorgezanoni.com.br\/2019\/wp-json\/wp\/v2\/tags?post=99990"}],"curies":[{"name":"wp","href":"https:\/\/api.w.org\/{rel}","templated":true}]}}