{"id":99924,"date":"2025-12-02T16:42:16","date_gmt":"2025-12-02T16:42:16","guid":{"rendered":"https:\/\/jorgezanoni.com.br\/2019\/?p=99924"},"modified":"2025-12-02T16:42:16","modified_gmt":"2025-12-02T16:42:16","slug":"sicredi-apresenta-ao-papa-resultados-do-programa-a-uniao-faz-a-vida","status":"publish","type":"post","link":"https:\/\/jorgezanoni.com.br\/2019\/sicredi-apresenta-ao-papa-resultados-do-programa-a-uniao-faz-a-vida\/","title":{"rendered":"Sicredi apresenta ao Papa resultados do Programa A Uni\u00e3o Faz a Vida"},"content":{"rendered":"<p class=\"v1MsoNormal\" style=\"text-align: justify;\" align=\"center\"><strong><i>Impacto da principal iniciativa social da institui\u00e7\u00e3o financeira cooperativa, com 5,3 milh\u00f5es de alunos atendidos em quase cinco mil escolas, \u00e9 apresentado no Vaticano<span style=\"color: #4db2ec;\"><span style=\"background-color: #d5d5d5;\">.<\/span><\/span><\/i><\/strong><i><\/i><\/p>\n<p class=\"v1MsoNormal\" style=\"text-align: justify;\">Durante o congresso\u00a0<i>Intelligence Without Meaning or the Meaning of Artificial Intelligence?<\/i>, realizado na Pontif\u00edcia Universidade Urbaniana e no Parlamento Italiano, entre os dias 17 e 20 de novembro, o assessor de desenvolvimento do cooperativismo da Sicredi Centro Oeste Paulista, Marcello Zanluchi, levou ao Vaticano uma pauta que ultrapassa o debate tecnol\u00f3gico: a for\u00e7a transformadora da educa\u00e7\u00e3o quando aliada \u00e0 coopera\u00e7\u00e3o.<\/p>\n<p class=\"v1MsoNormal\" style=\"text-align: justify;\">O evento, promovido pela Funda\u00e7\u00e3o Pontif\u00edcia\u00a0<i>Scholas Occurrentes<\/i>, reuniu representantes de mais de 150 universidades e institui\u00e7\u00f5es, al\u00e9m de diversos pa\u00edses, para discutir o papel da intelig\u00eancia artificial e, sobretudo, seus impactos na forma\u00e7\u00e3o humana.<\/p>\n<p class=\"v1MsoNormal\" style=\"text-align: justify;\">Marcello mant\u00e9m uma rela\u00e7\u00e3o longa com as \u00e1reas educacional e de comunica\u00e7\u00e3o do Vaticano. Essa proximidade possibilitou sua presen\u00e7a em encontros anteriores, como o de 2018, quando apresentou o Programa A Uni\u00e3o Faz a Vida (PUFV) pela primeira vez ao p\u00fablico da Santa S\u00e9, na ocasi\u00e3o tendo apresentado o Sicredi, o cooperativismo de cr\u00e9dito brasileiro e seus impactos nas comunidades para o Papa Francisco. Agora, em 2025, retorna para compartilhar a implanta\u00e7\u00e3o da metodologia em um dos contextos mais desafiadores do mundo: o Haiti.<\/p>\n<p class=\"v1MsoNormal\" style=\"text-align: justify;\"><a name=\"v1_579qndajdxxg\"><\/a><b>Um di\u00e1logo direto com o Papa<\/b><\/p>\n<p class=\"v1MsoNormal\" style=\"text-align: justify;\">A agenda no Vaticano incluiu um encontro privado com o Papa Le\u00e3o XIV. Marcello apresentou ao pont\u00edfice a atua\u00e7\u00e3o do Sicredi, o cooperativismo de cr\u00e9dito no Brasil e os resultados do Programa A Uni\u00e3o Faz a Vida \u2014 principal programa de responsabilidade social da institui\u00e7\u00e3o. Tamb\u00e9m entregou ao Papa uma abelha de pel\u00facia, mascote e s\u00edmbolo do PUFV, e um exemplar do livro\u00a0<i>Olhares sobre a Educa\u00e7\u00e3o<\/i>:\u00a0<i>a din\u00e2mica do Programa A Uni\u00e3o Faz a Vida (PUFV) na contribui\u00e7\u00e3o para o alcance dos ODS da Agenda 2030<\/i>, comprovando a contribui\u00e7\u00e3o do programa para o ODS 4 (Educa\u00e7\u00e3o de Qualidade).<\/p>\n<p class=\"v1MsoNormal\" style=\"text-align: justify;\">O Papa demonstrou profundo interesse, especialmente diante dos n\u00fameros do programa e do impacto social alcan\u00e7ado. Ressaltou a relev\u00e2ncia do trabalho educacional baseado em coopera\u00e7\u00e3o, cidadania e metodologias ativas, e refor\u00e7ou a necessidade de ampliar essa atua\u00e7\u00e3o para regi\u00f5es vulner\u00e1veis.<\/p>\n<p class=\"v1MsoNormal\" style=\"text-align: justify;\">&#8220;O conselho do Papa Le\u00e3o para o Programa A Uni\u00e3o Faz a Vida foi simples e poderoso: continuem, porque as crian\u00e7as e os educadores precisam da boa educa\u00e7\u00e3o para construir um mundo de paz, de justi\u00e7a, de fraternidade, de coopera\u00e7\u00e3o e de cidadania&#8221;, observou Marcello.<b><\/b><\/p>\n<p class=\"v1MsoNormal\" style=\"text-align: justify;\"><a name=\"v1_memtmkl4hlg8\"><\/a><b>O Programa A Uni\u00e3o Faz a Vida no Haiti: educa\u00e7\u00e3o em meio \u00e0 reconstru\u00e7\u00e3o<\/b><\/p>\n<p class=\"v1MsoNormal\" style=\"text-align: justify;\">O PUFV chegou ao Haiti h\u00e1 cinco anos, em meio ao processo de reconstru\u00e7\u00e3o do pa\u00eds ap\u00f3s o terremoto e \u00e0 dura realidade marcada por viol\u00eancia, atua\u00e7\u00e3o de gangues e severas limita\u00e7\u00f5es de infraestrutura. A metodologia \u00e9 aplicada na capital Porto Pr\u00edncipe, na escola Institution Sacre Coeur de J\u00e9sus, mantida pelo Instituto das Ap\u00f3stolas do Sagrado Cora\u00e7\u00e3o de Jesus, com apoio de uma coordena\u00e7\u00e3o local comprometida e assessorias pedag\u00f3gicas realizadas do Brasil \u2014 atualmente de forma totalmente online, devido ao fechamento dos aeroportos haitianos.<\/p>\n<p class=\"v1MsoNormal\" style=\"text-align: justify;\">Mesmo com desafios como internet inst\u00e1vel e dificuldade de deslocamento dos professores, o programa segue vivo. Ao longo desses cinco anos, mais de 25 docentes foram habilitados na metodologia, sob a assessoria pedag\u00f3gica do formador nacional do PUFV, Prof. Dr. Silvio Munari, impactando cerca de 300 crian\u00e7as. J\u00e1 s\u00e3o quase 30 projetos desenvolvidos em \u00e1reas como sa\u00fade, alimenta\u00e7\u00e3o, comunica\u00e7\u00e3o e cidadania \u2014 entre eles, uma iniciativa criada pelos pr\u00f3prios estudantes para alertar jovens haitianos sobre os preju\u00edzos do consumo de \u00e1lcool.<\/p>\n<p class=\"v1MsoNormal\" style=\"text-align: justify;\">Os resultados s\u00e3o consistentes: professores passaram a atuar como mediadores; alunos tornaram-se protagonistas, mais curiosos e mais participativos; e a comunidade se envolve intensamente na constru\u00e7\u00e3o do conhecimento. Em todas as forma\u00e7\u00f5es, educadores haitianos relatam que cada capacita\u00e7\u00e3o equivale a quatro anos de forma\u00e7\u00e3o tradicional \u2014 um sinal da for\u00e7a adaptativa do programa em um ambiente de extrema vulnerabilidade.<\/p>\n<p class=\"v1MsoNormal\" style=\"text-align: justify;\"><a name=\"v1_wm5jgmf9od8\"><\/a><b>A for\u00e7a de um programa que ganhou o mundo<\/b><\/p>\n<p class=\"v1MsoNormal\" style=\"text-align: justify;\">Com mais de 30 anos de hist\u00f3ria no Brasil, o Programa A Uni\u00e3o Faz a Vida j\u00e1 impactou mais de 5 milh\u00f5es de estudantes e 230 mil professores, consolidando-se como uma das maiores iniciativas de educa\u00e7\u00e3o cooperativa do pa\u00eds. Para Marcello, apresentar esse legado no Vaticano \u2014 e agora mostrar seus frutos no Haiti \u2014 refor\u00e7a a import\u00e2ncia de compartilhar boas pr\u00e1ticas educacionais globalmente.<\/p>\n<p>A iniciativa da Sicredi Centro Oeste Paulista foi a pioneira no sistema Sicredi a expandir as atividades do PUFV para fora do pa\u00eds, com o apoio da Central PR\/SP\/RJ e da Funda\u00e7\u00e3o Sicredi. &#8220;O Programa A Uni\u00e3o Faz a Vida \u00e9 motivo de muito orgulho para n\u00f3s, pois se trata de um Programa que impacta toda a comunidade escolar e planta em quem participa a semente da coopera\u00e7\u00e3o e da cidadania, promovendo o envolvimento com a comunidade e gerando frutos que acompanham toda a vida de quem participa&#8221;, destaca Rog\u00e9rio Machado, superintendente de cooperativismo da Funda\u00e7\u00e3o Sicredi.<\/p>\n<p>O encontro em Roma reafirma o que o Sicredi sustenta h\u00e1 d\u00e9cadas: educa\u00e7\u00e3o, cidadania e coopera\u00e7\u00e3o transformam realidades. E, quando essa transforma\u00e7\u00e3o atravessa fronteiras, o mundo passa a conhecer \u2014 e reconhecer \u2014 o potencial de um programa brasileiro que hoje inspira caminhos para uma educa\u00e7\u00e3o mais humana, resiliente e global.<b><\/b><\/p>\n<p class=\"v1MsoNormal\" style=\"text-align: justify;\"><b><i>Sobre o Sicredi<\/i><\/b><i><\/i><\/p>\n<p class=\"v1MsoNormal\" style=\"text-align: justify;\"><i>O Sicredi \u00e9 uma institui\u00e7\u00e3o financeira cooperativa comprometida com o crescimento de seus associados e com o desenvolvimento das regi\u00f5es onde atua. Possui um modelo de gest\u00e3o que valoriza a participa\u00e7\u00e3o dos mais de 9,5 milh\u00f5es de associados, que exercem o papel de donos do neg\u00f3cio. Com mais de 3 mil ag\u00eancias, o Sicredi est\u00e1 presente fisicamente em todos os estados brasileiros e no Distrito Federal, disponibilizando uma gama completa de solu\u00e7\u00f5es financeiras e n\u00e3o financeiras.<\/i><\/p>\n<p class=\"v1MsoNormal\" style=\"text-align: justify;\"><b><i>Site do Sicredi:\u00a0<a href=\"http:\/\/www.sicredi.com.br\/\" target=\"_blank\" rel=\"noopener noreferrer\">www.sicredi.com.br<\/a><\/i><\/b><\/p>\n<p class=\"v1MsoNormal\" style=\"text-align: justify;\"><b><i>Redes Sociais:\u00a0<\/i><\/b><em><b><u><span lang=\"EN-US\"><a href=\"http:\/\/www.facebook.com\/sicredicentrooestepaulista\" target=\"_blank\" rel=\"noopener noreferrer\"><i><span lang=\"PT-BR\">Facebook<\/span><\/i><\/a><\/span><\/u><\/b><\/em><em>\u00a0|<\/em>\u00a0<em><b><u><span lang=\"EN-US\"><a href=\"https:\/\/www.linkedin.com\/company\/sicredi-centro-oeste-paulista\/\" target=\"_blank\" rel=\"noopener noreferrer\"><i><span lang=\"PT-BR\">LinkedIn<\/span><\/i><\/a><\/span><\/u><\/b><\/em><em>\u00a0|<\/em>\u00a0<em><b><u><span lang=\"EN-US\"><a href=\"http:\/\/www.youtube.com\/sicredicentrooestepaulista\" target=\"_blank\" rel=\"noopener noreferrer\"><i><span lang=\"PT-BR\">YouTube<\/span><\/i><\/a><\/span><\/u><\/b><\/em><span lang=\"EN-US\">\u00a0<\/span><em>|\u00a0<\/em><em><b><u><span lang=\"EN-US\"><a href=\"http:\/\/www.instagram.com\/sicredicentrooestepaulista\" target=\"_blank\" rel=\"noopener noreferrer\"><i><span lang=\"PT-BR\">Instagram<\/span><\/i><\/a><\/span><\/u><\/b><\/em><\/p>\n<p><img loading=\"lazy\" decoding=\"async\" class=\"alignnone size-full wp-image-99926\" src=\"https:\/\/jorgezanoni.com.br\/2019\/wp-content\/uploads\/2025\/12\/papa-Pequeno.jpg\" alt=\"\" width=\"240\" height=\"159\" \/> <img loading=\"lazy\" decoding=\"async\" class=\"alignnone size-full wp-image-99927\" src=\"https:\/\/jorgezanoni.com.br\/2019\/wp-content\/uploads\/2025\/12\/Papa-1-Pequeno.jpg\" alt=\"\" width=\"240\" height=\"160\" \/> <img loading=\"lazy\" decoding=\"async\" class=\"alignnone size-full wp-image-99928\" src=\"https:\/\/jorgezanoni.com.br\/2019\/wp-content\/uploads\/2025\/12\/papa3-Pequeno-rotated.jpg\" alt=\"\" width=\"480\" height=\"640\" srcset=\"https:\/\/jorgezanoni.com.br\/2019\/wp-content\/uploads\/2025\/12\/papa3-Pequeno-rotated.jpg 480w, https:\/\/jorgezanoni.com.br\/2019\/wp-content\/uploads\/2025\/12\/papa3-Pequeno-225x300.jpg 225w, https:\/\/jorgezanoni.com.br\/2019\/wp-content\/uploads\/2025\/12\/papa3-Pequeno-315x420.jpg 315w\" sizes=\"auto, (max-width: 480px) 100vw, 480px\" \/><\/p>\n<p>Fonte: Comunica\u00e7\u00e3o e Marketing<\/p>\n","protected":false},"excerpt":{"rendered":"<p>Impacto da principal iniciativa social da institui\u00e7\u00e3o financeira cooperativa, com 5,3 milh\u00f5es de alunos atendidos em quase cinco mil escolas, \u00e9 apresentado no Vaticano. Durante o congresso\u00a0Intelligence Without Meaning or the Meaning of Artificial Intelligence?, realizado na Pontif\u00edcia Universidade Urbaniana e no Parlamento Italiano, entre os dias 17 e 20 de novembro, o assessor de [&hellip;]<\/p>\n","protected":false},"author":1,"featured_media":99925,"comment_status":"closed","ping_status":"open","sticky":false,"template":"","format":"standard","meta":{"footnotes":""},"categories":[110,116],"tags":[],"class_list":["post-99924","post","type-post","status-publish","format-standard","has-post-thumbnail","hentry","category-noticiasdestaque","category-politicaeeconomia"],"_links":{"self":[{"href":"https:\/\/jorgezanoni.com.br\/2019\/wp-json\/wp\/v2\/posts\/99924","targetHints":{"allow":["GET"]}}],"collection":[{"href":"https:\/\/jorgezanoni.com.br\/2019\/wp-json\/wp\/v2\/posts"}],"about":[{"href":"https:\/\/jorgezanoni.com.br\/2019\/wp-json\/wp\/v2\/types\/post"}],"author":[{"embeddable":true,"href":"https:\/\/jorgezanoni.com.br\/2019\/wp-json\/wp\/v2\/users\/1"}],"replies":[{"embeddable":true,"href":"https:\/\/jorgezanoni.com.br\/2019\/wp-json\/wp\/v2\/comments?post=99924"}],"version-history":[{"count":1,"href":"https:\/\/jorgezanoni.com.br\/2019\/wp-json\/wp\/v2\/posts\/99924\/revisions"}],"predecessor-version":[{"id":99930,"href":"https:\/\/jorgezanoni.com.br\/2019\/wp-json\/wp\/v2\/posts\/99924\/revisions\/99930"}],"wp:featuredmedia":[{"embeddable":true,"href":"https:\/\/jorgezanoni.com.br\/2019\/wp-json\/wp\/v2\/media\/99925"}],"wp:attachment":[{"href":"https:\/\/jorgezanoni.com.br\/2019\/wp-json\/wp\/v2\/media?parent=99924"}],"wp:term":[{"taxonomy":"category","embeddable":true,"href":"https:\/\/jorgezanoni.com.br\/2019\/wp-json\/wp\/v2\/categories?post=99924"},{"taxonomy":"post_tag","embeddable":true,"href":"https:\/\/jorgezanoni.com.br\/2019\/wp-json\/wp\/v2\/tags?post=99924"}],"curies":[{"name":"wp","href":"https:\/\/api.w.org\/{rel}","templated":true}]}}