{"id":9992,"date":"2019-10-30T12:21:57","date_gmt":"2019-10-30T12:21:57","guid":{"rendered":"https:\/\/jorgezanoni.com.br\/2019\/?p=9992"},"modified":"2019-10-30T12:21:57","modified_gmt":"2019-10-30T12:21:57","slug":"voce-que-vai-prestar-a-prova-do-enem-veja-esse-video-ate-o-final","status":"publish","type":"post","link":"https:\/\/jorgezanoni.com.br\/2019\/voce-que-vai-prestar-a-prova-do-enem-veja-esse-video-ate-o-final\/","title":{"rendered":"Voc\u00ea que vai prestar a prova do ENEM, veja esse v\u00eddeo at\u00e9 o final"},"content":{"rendered":"<p style=\"text-align: justify;\">Entrando na febre do hit da m\u00fasica Caneta AZUL, n\u00f3s desenvolvemos esta campanha para alertar os estudantes que far\u00e3o a prova no ENEM neste domingo dia 3 de novembro, que a caneta azul <strong>NAO \u00c9 PERMITIDA<\/strong> mas sim a caneta preta.<\/p>\n<p style=\"text-align: justify;\">Avise seus amigos, compartilhe o V\u00eddeo, fa\u00e7a chegar ao maior n\u00famero de estudantes. Veja a import\u00e2ncia da mat\u00e9ria.<\/p>\n<div id=\"fb-root\"><\/div>\n<p><script async=\"1\" defer=\"1\" crossorigin=\"anonymous\" src=\"https:\/\/connect.facebook.net\/en_US\/sdk.js#xfbml=1&amp;version=v5.0\"><\/script><\/p>\n<div class=\"fb-video\" data-href=\"https:\/\/www.facebook.com\/jorgeluizzanoni\/videos\/3272986416108807\/\" data-width=\"696\">\n<blockquote cite=\"https:\/\/www.facebook.com\/jorgeluizzanoni\/videos\/3272986416108807\/\" class=\"fb-xfbml-parse-ignore\"><p><a href=\"https:\/\/www.facebook.com\/jorgeluizzanoni\/videos\/3272986416108807\/\"><\/a><\/p>\n<p>V\u00eddeo explicativo para as Provas do ENEM no pr\u00f3ximo domingo. Veja atentamente at\u00e9 o final, especialmente voc\u00ea estudante que vai participar. 30\/10\/19<\/p>\n<p>Posted by <a href=\"https:\/\/www.facebook.com\/jorgeluizzanoni\">Jorge Luiz Zanoni<\/a> on Wednesday, October 30, 2019<\/p><\/blockquote>\n<\/div>\n<p style=\"text-align: justify;\">Jorge Zanoni<\/p>\n<p style=\"text-align: justify;\">V\u00eddeo: Adriano Viepie<\/p>\n","protected":false},"excerpt":{"rendered":"<p>Entrando na febre do hit da m\u00fasica Caneta AZUL, n\u00f3s desenvolvemos esta campanha para alertar os estudantes que far\u00e3o a prova no ENEM neste domingo dia 3 de novembro, que a caneta azul NAO \u00c9 PERMITIDA mas sim a caneta preta. Avise seus amigos, compartilhe o V\u00eddeo, fa\u00e7a chegar ao maior n\u00famero de estudantes. Veja [&hellip;]<\/p>\n","protected":false},"author":1,"featured_media":9994,"comment_status":"closed","ping_status":"open","sticky":false,"template":"","format":"video","meta":{"footnotes":""},"categories":[169],"tags":[],"class_list":["post-9992","post","type-post","status-publish","format-video","has-post-thumbnail","hentry","category-videos","post_format-post-format-video"],"_links":{"self":[{"href":"https:\/\/jorgezanoni.com.br\/2019\/wp-json\/wp\/v2\/posts\/9992","targetHints":{"allow":["GET"]}}],"collection":[{"href":"https:\/\/jorgezanoni.com.br\/2019\/wp-json\/wp\/v2\/posts"}],"about":[{"href":"https:\/\/jorgezanoni.com.br\/2019\/wp-json\/wp\/v2\/types\/post"}],"author":[{"embeddable":true,"href":"https:\/\/jorgezanoni.com.br\/2019\/wp-json\/wp\/v2\/users\/1"}],"replies":[{"embeddable":true,"href":"https:\/\/jorgezanoni.com.br\/2019\/wp-json\/wp\/v2\/comments?post=9992"}],"version-history":[{"count":0,"href":"https:\/\/jorgezanoni.com.br\/2019\/wp-json\/wp\/v2\/posts\/9992\/revisions"}],"wp:featuredmedia":[{"embeddable":true,"href":"https:\/\/jorgezanoni.com.br\/2019\/wp-json\/wp\/v2\/media\/9994"}],"wp:attachment":[{"href":"https:\/\/jorgezanoni.com.br\/2019\/wp-json\/wp\/v2\/media?parent=9992"}],"wp:term":[{"taxonomy":"category","embeddable":true,"href":"https:\/\/jorgezanoni.com.br\/2019\/wp-json\/wp\/v2\/categories?post=9992"},{"taxonomy":"post_tag","embeddable":true,"href":"https:\/\/jorgezanoni.com.br\/2019\/wp-json\/wp\/v2\/tags?post=9992"}],"curies":[{"name":"wp","href":"https:\/\/api.w.org\/{rel}","templated":true}]}}