{"id":99916,"date":"2025-11-28T00:19:27","date_gmt":"2025-11-28T00:19:27","guid":{"rendered":"https:\/\/jorgezanoni.com.br\/2019\/?p=99916"},"modified":"2025-11-28T00:19:27","modified_gmt":"2025-11-28T00:19:27","slug":"seminario-dos-campeoes-sicredi-2025-celebra-pessoas-historias-e-conquistas","status":"publish","type":"post","link":"https:\/\/jorgezanoni.com.br\/2019\/seminario-dos-campeoes-sicredi-2025-celebra-pessoas-historias-e-conquistas\/","title":{"rendered":"Semin\u00e1rio dos Campe\u00f5es Sicredi 2025 celebra pessoas, hist\u00f3rias e conquistas"},"content":{"rendered":"<p style=\"text-align: justify;\" align=\"center\"><strong><i>Evento premiou colaboradores destaque e comemorou o marco de mil ag\u00eancias abertas pelas cooperativas da Central Sicredi PR\/SP\/RJ.<\/i><\/strong><\/p>\n<p style=\"text-align: justify;\">&#8220;A luz do cooperativismo brilha mais com voc\u00ea.&#8221; Com esse mote, a Central Sicredi PR\/SP\/RJ realizou, em Foz do Igua\u00e7u (PR), o Semin\u00e1rio dos Campe\u00f5es 2025. O evento reuniu mais de 700 colaboradores da institui\u00e7\u00e3o financeira cooperativa, sendo mais de 400 deles das ag\u00eancias \u2014 protagonistas no relacionamento di\u00e1rio com os associados.<\/p>\n<p style=\"text-align: justify;\">O principal objetivo do encontro foi celebrar as pessoas, as hist\u00f3rias e as conquistas das equipes de colaboradores das 30 cooperativas que comp\u00f5em a Central, al\u00e9m de marcar o marco de mil ag\u00eancias abertas nos estados de atua\u00e7\u00e3o da regional: Paran\u00e1, S\u00e3o Paulo, Rio de Janeiro e parte de Santa Catarina. &#8220;Nossas cooperativas enfrentaram um ano com muitos desafios, mas souberam manter o diferencial cooperativo e o relacionamento pr\u00f3ximo com nossos associados e comunidades. Encerramos o ano com excelentes resultados, expans\u00e3o da rede de ag\u00eancias e refor\u00e7o do desenvolvimento regional, por meio dos nossos programas de educa\u00e7\u00e3o financeira e cooperativa \u2014 conceitos ancorados na cidadania e na parceria entre pessoas unidas por um mesmo prop\u00f3sito&#8221;, destacou o presidente da Central Sicredi PR\/SP\/RJ, Manfred Dasenbrock.<\/p>\n<p style=\"text-align: justify;\">O evento tamb\u00e9m relembrou a situa\u00e7\u00e3o enfrentada em Rio Bonito do Igua\u00e7u (PR), cidade devastada por um tornado no in\u00edcio de novembro. Em meio \u00e0s perdas e \u00e0 dor, emergiu um profundo sentimento de solidariedade. A Sicredi Grandes Lagos PR\/SP, cooperativa cuja \u00e1rea de atua\u00e7\u00e3o compreende o munic\u00edpio, mobilizou estrutura, colaboradores e associados para apoiar a popula\u00e7\u00e3o local.\u00a0 &#8220;Nosso compromisso vai muito al\u00e9m dos n\u00fameros: \u00e9 com as pessoas, com a comunidade e com o desenvolvimento local. O Sicredi \u00e9 feito de coopera\u00e7\u00e3o \u2014 e juntos vamos reconstruir o que o vento tentou levar&#8221;, afirmou o presidente da Sicredi Grandes Lagos PR\/SP, Orlando Muffato.<\/p>\n<p style=\"text-align: justify;\"><strong>O fator humano em destaque<\/strong><\/p>\n<p style=\"text-align: justify;\">Para refor\u00e7ar a centralidade das pessoas em um cen\u00e1rio de r\u00e1pida evolu\u00e7\u00e3o tecnol\u00f3gica, o evento contou com duas palestras inspiradoras: uma do gerente de Comunica\u00e7\u00e3o e Marketing da Central Sicredi PR\/SP\/RJ, Rog\u00e9rio de Lorenzo Leal, e outra do autor e empres\u00e1rio Geraldo Rufino. Ambas abordaram a import\u00e2ncia do relacionamento humano em tempos digitais, bem como o poder da resili\u00eancia, da simplicidade e da capacidade de transformar desafios em oportunidades.<\/p>\n<p style=\"text-align: justify;\"><strong>Destaques Sicredi 2025<\/strong><\/p>\n<p style=\"text-align: justify;\">Durante o Semin\u00e1rio dos Campe\u00f5es, tamb\u00e9m foi realizada a cerim\u00f4nia de entrega dos Trof\u00e9us Destaques Sicredi 2025 aos colaboradores que tiveram o melhor desempenho em cada uma das 30 cooperativas da Central Sicredi PR\/SP\/RJ. &#8220;Esse foi o momento de reconhecer o brilho das nossas pessoas. Cada premiado representa a for\u00e7a de um time que manteve sua luz acesa&#8221;, celebrou o diretor-executivo da Central Sicredi PR\/SP\/RJ, Maroan Tohme.<\/p>\n<p style=\"text-align: justify;\"><strong>Arrancad\u00e3o Sicredi 2026<\/strong><\/p>\n<p style=\"text-align: justify;\">O evento marcou ainda o lan\u00e7amento do Arrancad\u00e3o Sicredi 2026, campanha de incentivo e performance que envolver\u00e1 as cooperativas e ag\u00eancias da Central PR\/SP\/RJ. A iniciativa busca estimular ainda mais o relacionamento pr\u00f3ximo com a comunidade, refor\u00e7ando o protagonismo dos colaboradores das ag\u00eancias no desenvolvimento de uma postura proativa junto aos associados e\u00a0<em>prospects<\/em>.<\/p>\n<p class=\"v1MsoNormal\" style=\"text-align: justify;\"><b><i>Sobre o Sicredi<\/i><\/b><i><\/i><\/p>\n<p class=\"v1MsoNormal\" style=\"text-align: justify;\"><i>O Sicredi \u00e9 uma institui\u00e7\u00e3o financeira cooperativa comprometida com o crescimento de seus associados e com o desenvolvimento das regi\u00f5es onde atua. Possui um modelo de gest\u00e3o que valoriza a participa\u00e7\u00e3o dos mais de 9,5 milh\u00f5es de associados, que exercem o papel de donos do neg\u00f3cio. Com mais de 3 mil ag\u00eancias, o Sicredi est\u00e1 presente fisicamente em todos os estados brasileiros e no Distrito Federal, disponibilizando uma gama completa de solu\u00e7\u00f5es financeiras e n\u00e3o financeiras.<\/i><\/p>\n<p class=\"v1MsoNormal\"><b><i>Site do Sicredi:\u00a0<a href=\"http:\/\/www.sicredi.com.br\/\" target=\"_blank\" rel=\"noopener noreferrer\">www.sicredi.com.br<\/a><\/i><\/b><\/p>\n<p class=\"v1MsoNormal\"><b><i>Redes Sociais:\u00a0<\/i><\/b><em><b><u><span lang=\"EN-US\"><a href=\"http:\/\/www.facebook.com\/sicredicentrooestepaulista\" target=\"_blank\" rel=\"noopener noreferrer\"><i><span lang=\"PT-BR\">Facebook<\/span><\/i><\/a><\/span><\/u><\/b><\/em><em>\u00a0|<\/em>\u00a0<em><b><u><span lang=\"EN-US\"><a href=\"https:\/\/www.linkedin.com\/company\/sicredi-centro-oeste-paulista\/\" target=\"_blank\" rel=\"noopener noreferrer\"><i><span lang=\"PT-BR\">LinkedIn<\/span><\/i><\/a><\/span><\/u><\/b><\/em><em>\u00a0|<\/em>\u00a0<em><b><u><span lang=\"EN-US\"><a href=\"http:\/\/www.youtube.com\/sicredicentrooestepaulista\" target=\"_blank\" rel=\"noopener noreferrer\"><i><span lang=\"PT-BR\">YouTube<\/span><\/i><\/a><\/span><\/u><\/b><\/em><span lang=\"EN-US\">\u00a0<\/span><em>|\u00a0<\/em><em><b><u><span lang=\"EN-US\"><a href=\"http:\/\/www.instagram.com\/sicredicentrooestepaulista\" target=\"_blank\" rel=\"noopener noreferrer\"><i><span lang=\"PT-BR\">Instagram<\/span><\/i><\/a><\/span><\/u><\/b><\/em><\/p>\n<p><img loading=\"lazy\" decoding=\"async\" class=\"alignnone size-full wp-image-99917\" src=\"https:\/\/jorgezanoni.com.br\/2019\/wp-content\/uploads\/2025\/11\/pres.-Pequeno.jpg\" alt=\"\" width=\"720\" height=\"480\" srcset=\"https:\/\/jorgezanoni.com.br\/2019\/wp-content\/uploads\/2025\/11\/pres.-Pequeno.jpg 720w, https:\/\/jorgezanoni.com.br\/2019\/wp-content\/uploads\/2025\/11\/pres.-Pequeno-300x200.jpg 300w, https:\/\/jorgezanoni.com.br\/2019\/wp-content\/uploads\/2025\/11\/pres.-Pequeno-696x464.jpg 696w, https:\/\/jorgezanoni.com.br\/2019\/wp-content\/uploads\/2025\/11\/pres.-Pequeno-630x420.jpg 630w\" sizes=\"auto, (max-width: 720px) 100vw, 720px\" \/>Fonte: Comunica\u00e7\u00e3o e Marketing<\/p>\n","protected":false},"excerpt":{"rendered":"<p>Evento premiou colaboradores destaque e comemorou o marco de mil ag\u00eancias abertas pelas cooperativas da Central Sicredi PR\/SP\/RJ. &#8220;A luz do cooperativismo brilha mais com voc\u00ea.&#8221; Com esse mote, a Central Sicredi PR\/SP\/RJ realizou, em Foz do Igua\u00e7u (PR), o Semin\u00e1rio dos Campe\u00f5es 2025. O evento reuniu mais de 700 colaboradores da institui\u00e7\u00e3o financeira cooperativa, [&hellip;]<\/p>\n","protected":false},"author":1,"featured_media":99918,"comment_status":"closed","ping_status":"open","sticky":false,"template":"","format":"standard","meta":{"footnotes":""},"categories":[110,116],"tags":[],"class_list":["post-99916","post","type-post","status-publish","format-standard","has-post-thumbnail","hentry","category-noticiasdestaque","category-politicaeeconomia"],"_links":{"self":[{"href":"https:\/\/jorgezanoni.com.br\/2019\/wp-json\/wp\/v2\/posts\/99916","targetHints":{"allow":["GET"]}}],"collection":[{"href":"https:\/\/jorgezanoni.com.br\/2019\/wp-json\/wp\/v2\/posts"}],"about":[{"href":"https:\/\/jorgezanoni.com.br\/2019\/wp-json\/wp\/v2\/types\/post"}],"author":[{"embeddable":true,"href":"https:\/\/jorgezanoni.com.br\/2019\/wp-json\/wp\/v2\/users\/1"}],"replies":[{"embeddable":true,"href":"https:\/\/jorgezanoni.com.br\/2019\/wp-json\/wp\/v2\/comments?post=99916"}],"version-history":[{"count":1,"href":"https:\/\/jorgezanoni.com.br\/2019\/wp-json\/wp\/v2\/posts\/99916\/revisions"}],"predecessor-version":[{"id":99920,"href":"https:\/\/jorgezanoni.com.br\/2019\/wp-json\/wp\/v2\/posts\/99916\/revisions\/99920"}],"wp:featuredmedia":[{"embeddable":true,"href":"https:\/\/jorgezanoni.com.br\/2019\/wp-json\/wp\/v2\/media\/99918"}],"wp:attachment":[{"href":"https:\/\/jorgezanoni.com.br\/2019\/wp-json\/wp\/v2\/media?parent=99916"}],"wp:term":[{"taxonomy":"category","embeddable":true,"href":"https:\/\/jorgezanoni.com.br\/2019\/wp-json\/wp\/v2\/categories?post=99916"},{"taxonomy":"post_tag","embeddable":true,"href":"https:\/\/jorgezanoni.com.br\/2019\/wp-json\/wp\/v2\/tags?post=99916"}],"curies":[{"name":"wp","href":"https:\/\/api.w.org\/{rel}","templated":true}]}}