{"id":99894,"date":"2025-11-24T21:47:27","date_gmt":"2025-11-24T21:47:27","guid":{"rendered":"https:\/\/jorgezanoni.com.br\/2019\/?p=99894"},"modified":"2025-11-24T21:48:17","modified_gmt":"2025-11-24T21:48:17","slug":"rua-magid-zacharias-acidente-entre-caminhonete-e-moto-deixa-um-ferido","status":"publish","type":"post","link":"https:\/\/jorgezanoni.com.br\/2019\/rua-magid-zacharias-acidente-entre-caminhonete-e-moto-deixa-um-ferido\/","title":{"rendered":"RUA MAGID ZACHARIAS: Acidente entre caminhonete e moto deixa um ferido"},"content":{"rendered":"<p style=\"text-align: justify;\"><strong>Fato foi registrado no final da tarde desta segunda-feira (24) na esquina da Rua Magid Zacharias com Avenida dos Expedicion\u00e1rios, em Dracena.<\/strong><\/p>\n<p style=\"text-align: justify;\">Segundo informa\u00e7\u00f5es obtidas no local pela reportagem do SITE JZ e TOP TV, uma caminhonete S10 placas mercosul fazia o sentido centro-bairro pela Magid e quando foi adentrar a esquerda na Avenida Expedicion\u00e1rios houve a batida com a motocicleta que fazia o sentido bairro-centro tamb\u00e9m na Magid.<\/p>\n<p style=\"text-align: justify;\">Com o impacto o condutor da moto foi arremessado ao solo e sofreu ferimentos, aparentemente leves, foi socorrido por uma Unidade de Resgate do Corpo de Bombeiros ao Pronto Atendimento Municipal do Bairro S\u00e3o Crist\u00f3v\u00e3o. O motorista n\u00e3o se feriu.<\/p>\n<p style=\"text-align: justify;\">A Pol\u00edcia Militar esteve no local para registro do B.O e controle do tr\u00e2nsito e a Per\u00edfica T\u00e9cnica vai elaborar um laudo que ir\u00e1 apontar as causas do acidente.<\/p>\n<p><img loading=\"lazy\" decoding=\"async\" class=\"alignnone size-full wp-image-99895\" src=\"https:\/\/jorgezanoni.com.br\/2019\/wp-content\/uploads\/2025\/11\/acid1-1-Pequeno.jpg\" alt=\"\" width=\"512\" height=\"480\" srcset=\"https:\/\/jorgezanoni.com.br\/2019\/wp-content\/uploads\/2025\/11\/acid1-1-Pequeno.jpg 512w, https:\/\/jorgezanoni.com.br\/2019\/wp-content\/uploads\/2025\/11\/acid1-1-Pequeno-300x281.jpg 300w, https:\/\/jorgezanoni.com.br\/2019\/wp-content\/uploads\/2025\/11\/acid1-1-Pequeno-448x420.jpg 448w\" sizes=\"auto, (max-width: 512px) 100vw, 512px\" \/> <img loading=\"lazy\" decoding=\"async\" class=\"alignnone size-full wp-image-99896\" src=\"https:\/\/jorgezanoni.com.br\/2019\/wp-content\/uploads\/2025\/11\/acid3-1-Pequeno.jpg\" alt=\"\" width=\"694\" height=\"480\" srcset=\"https:\/\/jorgezanoni.com.br\/2019\/wp-content\/uploads\/2025\/11\/acid3-1-Pequeno.jpg 694w, https:\/\/jorgezanoni.com.br\/2019\/wp-content\/uploads\/2025\/11\/acid3-1-Pequeno-300x207.jpg 300w, https:\/\/jorgezanoni.com.br\/2019\/wp-content\/uploads\/2025\/11\/acid3-1-Pequeno-100x70.jpg 100w, https:\/\/jorgezanoni.com.br\/2019\/wp-content\/uploads\/2025\/11\/acid3-1-Pequeno-218x150.jpg 218w, https:\/\/jorgezanoni.com.br\/2019\/wp-content\/uploads\/2025\/11\/acid3-1-Pequeno-607x420.jpg 607w\" sizes=\"auto, (max-width: 694px) 100vw, 694px\" \/> <img loading=\"lazy\" decoding=\"async\" class=\"alignnone size-full wp-image-99898\" src=\"https:\/\/jorgezanoni.com.br\/2019\/wp-content\/uploads\/2025\/11\/Acid5-1-Pequeno.jpg\" alt=\"\" width=\"731\" height=\"480\" srcset=\"https:\/\/jorgezanoni.com.br\/2019\/wp-content\/uploads\/2025\/11\/Acid5-1-Pequeno.jpg 731w, https:\/\/jorgezanoni.com.br\/2019\/wp-content\/uploads\/2025\/11\/Acid5-1-Pequeno-300x197.jpg 300w, https:\/\/jorgezanoni.com.br\/2019\/wp-content\/uploads\/2025\/11\/Acid5-1-Pequeno-696x457.jpg 696w, https:\/\/jorgezanoni.com.br\/2019\/wp-content\/uploads\/2025\/11\/Acid5-1-Pequeno-640x420.jpg 640w\" sizes=\"auto, (max-width: 731px) 100vw, 731px\" \/><\/p>\n<p>Jorge Zanoni<\/p>\n","protected":false},"excerpt":{"rendered":"<p>Fato foi registrado no final da tarde desta segunda-feira (24) na esquina da Rua Magid Zacharias com Avenida dos Expedicion\u00e1rios, em Dracena. Segundo informa\u00e7\u00f5es obtidas no local pela reportagem do SITE JZ e TOP TV, uma caminhonete S10 placas mercosul fazia o sentido centro-bairro pela Magid e quando foi adentrar a esquerda na Avenida Expedicion\u00e1rios [&hellip;]<\/p>\n","protected":false},"author":1,"featured_media":99897,"comment_status":"closed","ping_status":"open","sticky":false,"template":"","format":"standard","meta":{"footnotes":""},"categories":[170,110],"tags":[],"class_list":["post-99894","post","type-post","status-publish","format-standard","has-post-thumbnail","hentry","category-acidentes","category-noticiasdestaque"],"_links":{"self":[{"href":"https:\/\/jorgezanoni.com.br\/2019\/wp-json\/wp\/v2\/posts\/99894","targetHints":{"allow":["GET"]}}],"collection":[{"href":"https:\/\/jorgezanoni.com.br\/2019\/wp-json\/wp\/v2\/posts"}],"about":[{"href":"https:\/\/jorgezanoni.com.br\/2019\/wp-json\/wp\/v2\/types\/post"}],"author":[{"embeddable":true,"href":"https:\/\/jorgezanoni.com.br\/2019\/wp-json\/wp\/v2\/users\/1"}],"replies":[{"embeddable":true,"href":"https:\/\/jorgezanoni.com.br\/2019\/wp-json\/wp\/v2\/comments?post=99894"}],"version-history":[{"count":2,"href":"https:\/\/jorgezanoni.com.br\/2019\/wp-json\/wp\/v2\/posts\/99894\/revisions"}],"predecessor-version":[{"id":99900,"href":"https:\/\/jorgezanoni.com.br\/2019\/wp-json\/wp\/v2\/posts\/99894\/revisions\/99900"}],"wp:featuredmedia":[{"embeddable":true,"href":"https:\/\/jorgezanoni.com.br\/2019\/wp-json\/wp\/v2\/media\/99897"}],"wp:attachment":[{"href":"https:\/\/jorgezanoni.com.br\/2019\/wp-json\/wp\/v2\/media?parent=99894"}],"wp:term":[{"taxonomy":"category","embeddable":true,"href":"https:\/\/jorgezanoni.com.br\/2019\/wp-json\/wp\/v2\/categories?post=99894"},{"taxonomy":"post_tag","embeddable":true,"href":"https:\/\/jorgezanoni.com.br\/2019\/wp-json\/wp\/v2\/tags?post=99894"}],"curies":[{"name":"wp","href":"https:\/\/api.w.org\/{rel}","templated":true}]}}