{"id":9986,"date":"2019-10-30T11:30:29","date_gmt":"2019-10-30T11:30:29","guid":{"rendered":"https:\/\/jorgezanoni.com.br\/2019\/?p=9986"},"modified":"2019-10-30T11:30:29","modified_gmt":"2019-10-30T11:30:29","slug":"passaredo-ira-operar-voos-de-marilia-ate-sp-de-segunda-a-sabado","status":"publish","type":"post","link":"https:\/\/jorgezanoni.com.br\/2019\/passaredo-ira-operar-voos-de-marilia-ate-sp-de-segunda-a-sabado\/","title":{"rendered":"Passaredo ir\u00e1 operar voos de Mar\u00edlia at\u00e9 SP de segunda a s\u00e1bado"},"content":{"rendered":"<p style=\"text-align: justify;\">O prefeito Daniel Alonso (PSDB) anunciou na tarde de quinta-feira (5) a volta da companhia a\u00e9rea Passaredo a Mar\u00edlia. A conquista representa voos regulares na linha Mar\u00edlia-S\u00e3o Paulo, com pousos e decolagens no Aeroporto de Congonhas, uma reivindica\u00e7\u00e3o antiga de passageiros, empres\u00e1rios e lideran\u00e7as de setores produtivos.<\/p>\n<p style=\"text-align: justify;\">De acordo com o prefeito tucano, as opera\u00e7\u00f5es come\u00e7am no dia 27 de outubro. O <strong>Mar\u00edlia Not\u00edcia<\/strong> tentou contato com a Passaredo no in\u00edcio da noite da quinta, mas at\u00e9 a publica\u00e7\u00e3o da reportagem n\u00e3o obteve retorno.<\/p>\n<p style=\"text-align: justify;\">A iniciativa faz parte do \u201cPrograma S\u00e3o Paulo para Todos\u201d, implementado pelo governador Jo\u00e3o Doria (PSDB), que reduziu o imposto da al\u00edquota cobrada sobre o querosene de avia\u00e7\u00e3o de 25% para 12%. Como contrapartida, as companhias a\u00e9reas passar\u00e3o a oferecer mais voos a partir de diversos aeroportos paulistas.<\/p>\n<p style=\"text-align: justify;\">\u201cPedimos ao governador a inclus\u00e3o de Mar\u00edlia nesse programa e fomos atendidos. A cidade s\u00f3 ganha. \u00c9 uma grande not\u00edcia, que nos empolga e deixa muito claro que, ao inv\u00e9s de crise, vivemos o in\u00edcio de um ciclo de desenvolvimento\u201d, disse Daniel.<\/p>\n<p style=\"text-align: justify;\">O CEO da Companhia, Eduardo Buch, afirmou para a equipe de comunica\u00e7\u00e3o da Prefeitura de Mar\u00edlia, que a Passaredo j\u00e1 tinha interesse em operar no munic\u00edpio.<\/p>\n<p style=\"text-align: justify;\">\u201cO investidor precisa de pol\u00edticas p\u00fablicas que permitam os investimentos. O programa do governador Jo\u00e3o Doria e as oportunidades que Mar\u00edlia est\u00e1 nos oferecendo, com a boa administra\u00e7\u00e3o do prefeito Daniel Alonso, permitem que possamos avan\u00e7ar e ocupar mais esse importante espa\u00e7o no Interior de S\u00e3o Paulo, que \u00e9 o ber\u00e7o da Passaredo\u201d, disse o CEO Buch em entrevista aos canais oficiais da administra\u00e7\u00e3o municipal.<\/p>\n<p style=\"text-align: justify;\">Atualmente somente a Azul opera no munic\u00edpio, com hor\u00e1rios restritos.<\/p>\n<p style=\"text-align: justify;\"><strong>GRANDE CONQUISTA<\/strong><\/p>\n<p style=\"text-align: justify;\">Para o presidente da Rede Brasil C&amp;VB (Convention &amp; Visitors Bureau), M\u00e1rcio Santiago, que re\u00fane todos os escrit\u00f3rios do pa\u00eds, a novidade representa uma grande conquista par ao turismo de neg\u00f3cios, cient\u00edfico, de lazer e outros segmentos da ind\u00fastria tur\u00edstica.<\/p>\n<p style=\"text-align: justify;\">\u201cPor sua economia forte, sua ind\u00fastria diversificada e grande capacidade de inova\u00e7\u00e3o, al\u00e9m da import\u00e2ncia em \u00e1reas como Sa\u00fade e Educa\u00e7\u00e3o, Mar\u00edlia \u00e9 uma cidade que se destaca no Estado de S\u00e3o Paulo. \u00c9 hoje uma das mais promissoras do Interior e precisava da expans\u00e3o da oferta de voos\u201d, destacou Santiago.<\/p>\n<p style=\"text-align: justify;\">De acordo com informa\u00e7\u00f5es do poder p\u00fablico, ser\u00e3o dois voos di\u00e1rios operados entre as duas cidades, \u201ccom o confi\u00e1vel ATR-72, capacidade para 70 pessoas\u201d.<\/p>\n<p style=\"text-align: justify;\">\u201cO voo S\u00e3o Paulo-Mar\u00edlia parte \u00e0s 9h da Capital e chega \u00e0s 10h20 em Mar\u00edlia. A O voo no sentido contr\u00e1rio tem hor\u00e1rios de decolagem e aterrissagem, respectivamente, \u00e0s 10h50 e 12h10, em Congonhas\u201d, finaliza a nota da Prefeitura.<\/p>\n<p style=\"text-align: justify;\">Fonte: Marilia Noticias<\/p>\n","protected":false},"excerpt":{"rendered":"<p>O prefeito Daniel Alonso (PSDB) anunciou na tarde de quinta-feira (5) a volta da companhia a\u00e9rea Passaredo a Mar\u00edlia. A conquista representa voos regulares na linha Mar\u00edlia-S\u00e3o Paulo, com pousos e decolagens no Aeroporto de Congonhas, uma reivindica\u00e7\u00e3o antiga de passageiros, empres\u00e1rios e lideran\u00e7as de setores produtivos. De acordo com o prefeito tucano, as opera\u00e7\u00f5es [&hellip;]<\/p>\n","protected":false},"author":1,"featured_media":9987,"comment_status":"closed","ping_status":"open","sticky":false,"template":"","format":"standard","meta":{"footnotes":""},"categories":[180,110],"tags":[],"class_list":["post-9986","post","type-post","status-publish","format-standard","has-post-thumbnail","hentry","category-estradastransitoveiculos","category-noticiasdestaque"],"_links":{"self":[{"href":"https:\/\/jorgezanoni.com.br\/2019\/wp-json\/wp\/v2\/posts\/9986","targetHints":{"allow":["GET"]}}],"collection":[{"href":"https:\/\/jorgezanoni.com.br\/2019\/wp-json\/wp\/v2\/posts"}],"about":[{"href":"https:\/\/jorgezanoni.com.br\/2019\/wp-json\/wp\/v2\/types\/post"}],"author":[{"embeddable":true,"href":"https:\/\/jorgezanoni.com.br\/2019\/wp-json\/wp\/v2\/users\/1"}],"replies":[{"embeddable":true,"href":"https:\/\/jorgezanoni.com.br\/2019\/wp-json\/wp\/v2\/comments?post=9986"}],"version-history":[{"count":0,"href":"https:\/\/jorgezanoni.com.br\/2019\/wp-json\/wp\/v2\/posts\/9986\/revisions"}],"wp:featuredmedia":[{"embeddable":true,"href":"https:\/\/jorgezanoni.com.br\/2019\/wp-json\/wp\/v2\/media\/9987"}],"wp:attachment":[{"href":"https:\/\/jorgezanoni.com.br\/2019\/wp-json\/wp\/v2\/media?parent=9986"}],"wp:term":[{"taxonomy":"category","embeddable":true,"href":"https:\/\/jorgezanoni.com.br\/2019\/wp-json\/wp\/v2\/categories?post=9986"},{"taxonomy":"post_tag","embeddable":true,"href":"https:\/\/jorgezanoni.com.br\/2019\/wp-json\/wp\/v2\/tags?post=9986"}],"curies":[{"name":"wp","href":"https:\/\/api.w.org\/{rel}","templated":true}]}}