{"id":99782,"date":"2025-11-20T15:47:32","date_gmt":"2025-11-20T15:47:32","guid":{"rendered":"https:\/\/jorgezanoni.com.br\/2019\/?p=99782"},"modified":"2025-11-20T15:56:05","modified_gmt":"2025-11-20T15:56:05","slug":"policia-militar-apreende-100-mil-reais-em-dinheiro-durante-patrulhamento-em-dracena","status":"publish","type":"post","link":"https:\/\/jorgezanoni.com.br\/2019\/policia-militar-apreende-100-mil-reais-em-dinheiro-durante-patrulhamento-em-dracena\/","title":{"rendered":"Pol\u00edcia Militar apreende R$ 100 mil reais em dinheiro durante patrulhamento em Dracena"},"content":{"rendered":"<p style=\"text-align: justify;\">Na manh\u00e3 de hoje (20), por volta das 08h50min, policiais militares do 25\u00ba Batalh\u00e3o de Pol\u00edcia Militar do Interior, durante patrulhamento pelo munic\u00edpio de Dracena no Bairro Santa Clara, a equipe avistou um ve\u00edculo parado na contram\u00e3o de dire\u00e7\u00e3o, sobre o qual havia suspeita de existir mandado de pris\u00e3o em desfavor do condutor. Realizada a abordagem e consulta via Prodesp, nada constou. Contudo, durante vistoria veicular, foi encontrada uma sacola de papel sobre o banco do passageiro contendo R$ 100.000,00 em esp\u00e9cie, em notas diversas. Questionado, o indiv\u00edduo (37 anos) alegou inicialmente que o dinheiro seria proveniente de com\u00e9rcio de mercadorias do Paraguai, sem comprova\u00e7\u00e3o da origem legal. Diante disso, o indiv\u00edduo, o ve\u00edculo e o dinheiro foram apresentados no Plant\u00e3o Policial, onde o delegado determinou a apreens\u00e3o do valor. O indiv\u00edduo foi ouvido e liberado. O ve\u00edculo foi recolhido administrativamente devido ao mau estado de conserva\u00e7\u00e3o.<\/p>\n<p><img loading=\"lazy\" decoding=\"async\" class=\"alignnone size-full wp-image-99784\" src=\"https:\/\/jorgezanoni.com.br\/2019\/wp-content\/uploads\/2025\/11\/grana1-Pequeno.jpg\" alt=\"\" width=\"401\" height=\"480\" srcset=\"https:\/\/jorgezanoni.com.br\/2019\/wp-content\/uploads\/2025\/11\/grana1-Pequeno.jpg 401w, https:\/\/jorgezanoni.com.br\/2019\/wp-content\/uploads\/2025\/11\/grana1-Pequeno-251x300.jpg 251w, https:\/\/jorgezanoni.com.br\/2019\/wp-content\/uploads\/2025\/11\/grana1-Pequeno-351x420.jpg 351w\" sizes=\"auto, (max-width: 401px) 100vw, 401px\" \/><\/p>\n<p>Fonte: Comunica\u00e7\u00e3o Social Pol\u00edcia Militar<\/p>\n","protected":false},"excerpt":{"rendered":"<p>Na manh\u00e3 de hoje (20), por volta das 08h50min, policiais militares do 25\u00ba Batalh\u00e3o de Pol\u00edcia Militar do Interior, durante patrulhamento pelo munic\u00edpio de Dracena no Bairro Santa Clara, a equipe avistou um ve\u00edculo parado na contram\u00e3o de dire\u00e7\u00e3o, sobre o qual havia suspeita de existir mandado de pris\u00e3o em desfavor do condutor. Realizada a [&hellip;]<\/p>\n","protected":false},"author":1,"featured_media":99783,"comment_status":"closed","ping_status":"open","sticky":false,"template":"","format":"standard","meta":{"footnotes":""},"categories":[110,2],"tags":[],"class_list":["post-99782","post","type-post","status-publish","format-standard","has-post-thumbnail","hentry","category-noticiasdestaque","category-policial"],"_links":{"self":[{"href":"https:\/\/jorgezanoni.com.br\/2019\/wp-json\/wp\/v2\/posts\/99782","targetHints":{"allow":["GET"]}}],"collection":[{"href":"https:\/\/jorgezanoni.com.br\/2019\/wp-json\/wp\/v2\/posts"}],"about":[{"href":"https:\/\/jorgezanoni.com.br\/2019\/wp-json\/wp\/v2\/types\/post"}],"author":[{"embeddable":true,"href":"https:\/\/jorgezanoni.com.br\/2019\/wp-json\/wp\/v2\/users\/1"}],"replies":[{"embeddable":true,"href":"https:\/\/jorgezanoni.com.br\/2019\/wp-json\/wp\/v2\/comments?post=99782"}],"version-history":[{"count":3,"href":"https:\/\/jorgezanoni.com.br\/2019\/wp-json\/wp\/v2\/posts\/99782\/revisions"}],"predecessor-version":[{"id":99787,"href":"https:\/\/jorgezanoni.com.br\/2019\/wp-json\/wp\/v2\/posts\/99782\/revisions\/99787"}],"wp:featuredmedia":[{"embeddable":true,"href":"https:\/\/jorgezanoni.com.br\/2019\/wp-json\/wp\/v2\/media\/99783"}],"wp:attachment":[{"href":"https:\/\/jorgezanoni.com.br\/2019\/wp-json\/wp\/v2\/media?parent=99782"}],"wp:term":[{"taxonomy":"category","embeddable":true,"href":"https:\/\/jorgezanoni.com.br\/2019\/wp-json\/wp\/v2\/categories?post=99782"},{"taxonomy":"post_tag","embeddable":true,"href":"https:\/\/jorgezanoni.com.br\/2019\/wp-json\/wp\/v2\/tags?post=99782"}],"curies":[{"name":"wp","href":"https:\/\/api.w.org\/{rel}","templated":true}]}}