{"id":9966,"date":"2019-10-30T02:04:53","date_gmt":"2019-10-30T02:04:53","guid":{"rendered":"https:\/\/jorgezanoni.com.br\/2019\/?p=9966"},"modified":"2019-10-30T02:04:53","modified_gmt":"2019-10-30T02:04:53","slug":"diretor-do-site-jz-participa-do-programa-valmir-jorge-e-show","status":"publish","type":"post","link":"https:\/\/jorgezanoni.com.br\/2019\/diretor-do-site-jz-participa-do-programa-valmir-jorge-e-show\/","title":{"rendered":"Diretor do Site JZ participa do programa Valmir Jorge \u00e9 Show"},"content":{"rendered":"<p style=\"text-align: justify;\">Na noite desta segunda-feira (28), o diretor do Site JZ, participou de um descontra\u00eddo bate papo no programa Valmir Jorge \u00e9 Show, na r\u00e1dio 95,3 FM de Dracena.<\/p>\n<p><img loading=\"lazy\" decoding=\"async\" class=\"alignnone size-full wp-image-9967\" src=\"https:\/\/jorgezanoni.com.br\/2019\/wp-content\/uploads\/2019\/10\/V-almir-jorge.jpg\" alt=\"\" width=\"622\" height=\"756\" srcset=\"https:\/\/jorgezanoni.com.br\/2019\/wp-content\/uploads\/2019\/10\/V-almir-jorge.jpg 622w, https:\/\/jorgezanoni.com.br\/2019\/wp-content\/uploads\/2019\/10\/V-almir-jorge-247x300.jpg 247w, https:\/\/jorgezanoni.com.br\/2019\/wp-content\/uploads\/2019\/10\/V-almir-jorge-346x420.jpg 346w\" sizes=\"auto, (max-width: 622px) 100vw, 622px\" \/><\/p>\n<p style=\"text-align: justify;\">O apresentador que esteve fora de Dracena por aproximadamente 20 anos, volta com for\u00e7a total nas noites de ter\u00e7a \u00e0 sexta-feira das 20 \u00e0s 23 Hs.<\/p>\n<p style=\"text-align: justify;\">Tamb\u00e9m marcou presen\u00e7a o jornalista e vereador Cl\u00e1udio Jos\u00e9 Pasqualeto.<\/p>\n<p style=\"text-align: justify;\">O Site w.w.w.jorgezanoni.com.br \u00e9 parceiro do programa do apresentador Valmir Jorge.<\/p>\n<p style=\"text-align: justify;\">Jorge Zanoni<\/p>\n","protected":false},"excerpt":{"rendered":"<p>Na noite desta segunda-feira (28), o diretor do Site JZ, participou de um descontra\u00eddo bate papo no programa Valmir Jorge \u00e9 Show, na r\u00e1dio 95,3 FM de Dracena. O apresentador que esteve fora de Dracena por aproximadamente 20 anos, volta com for\u00e7a total nas noites de ter\u00e7a \u00e0 sexta-feira das 20 \u00e0s 23 Hs. Tamb\u00e9m [&hellip;]<\/p>\n","protected":false},"author":1,"featured_media":9968,"comment_status":"closed","ping_status":"open","sticky":false,"template":"","format":"standard","meta":{"footnotes":""},"categories":[114,110],"tags":[],"class_list":["post-9966","post","type-post","status-publish","format-standard","has-post-thumbnail","hentry","category-geralecomercio","category-noticiasdestaque"],"_links":{"self":[{"href":"https:\/\/jorgezanoni.com.br\/2019\/wp-json\/wp\/v2\/posts\/9966","targetHints":{"allow":["GET"]}}],"collection":[{"href":"https:\/\/jorgezanoni.com.br\/2019\/wp-json\/wp\/v2\/posts"}],"about":[{"href":"https:\/\/jorgezanoni.com.br\/2019\/wp-json\/wp\/v2\/types\/post"}],"author":[{"embeddable":true,"href":"https:\/\/jorgezanoni.com.br\/2019\/wp-json\/wp\/v2\/users\/1"}],"replies":[{"embeddable":true,"href":"https:\/\/jorgezanoni.com.br\/2019\/wp-json\/wp\/v2\/comments?post=9966"}],"version-history":[{"count":0,"href":"https:\/\/jorgezanoni.com.br\/2019\/wp-json\/wp\/v2\/posts\/9966\/revisions"}],"wp:featuredmedia":[{"embeddable":true,"href":"https:\/\/jorgezanoni.com.br\/2019\/wp-json\/wp\/v2\/media\/9968"}],"wp:attachment":[{"href":"https:\/\/jorgezanoni.com.br\/2019\/wp-json\/wp\/v2\/media?parent=9966"}],"wp:term":[{"taxonomy":"category","embeddable":true,"href":"https:\/\/jorgezanoni.com.br\/2019\/wp-json\/wp\/v2\/categories?post=9966"},{"taxonomy":"post_tag","embeddable":true,"href":"https:\/\/jorgezanoni.com.br\/2019\/wp-json\/wp\/v2\/tags?post=9966"}],"curies":[{"name":"wp","href":"https:\/\/api.w.org\/{rel}","templated":true}]}}