{"id":99600,"date":"2025-11-11T22:49:46","date_gmt":"2025-11-11T22:49:46","guid":{"rendered":"https:\/\/jorgezanoni.com.br\/2019\/?p=99600"},"modified":"2025-11-11T22:49:46","modified_gmt":"2025-11-11T22:49:46","slug":"apos-derrapar-moto-em-avenida-com-areia-condutor-fica-ferido","status":"publish","type":"post","link":"https:\/\/jorgezanoni.com.br\/2019\/apos-derrapar-moto-em-avenida-com-areia-condutor-fica-ferido\/","title":{"rendered":"Ap\u00f3s derrapar moto em avenida com areia condutor fica ferido"},"content":{"rendered":"<p style=\"text-align: justify;\"><strong>Acidente aconteceu no final da tarde desta ter\u00e7a-feira (11) na esquina da Rua A\u00e9cio de F\u00e9io Flora com Avenida Presidente Roosevelt, esquina com sem\u00e1foro.<\/strong><\/p>\n<p style=\"text-align: justify;\">Segundo informa\u00e7\u00f5es obtidas no local pela reportagem do SITE JZ e TOP TV, o motociclista descia pela Rua A\u00e9cio e foi adentrar a Roosevelt, quando derrapou na areia que desceu de um terreno em costru\u00e7\u00e3o e foi arremessado ao solo.<\/p>\n<p style=\"text-align: justify;\">Ele foi socorrido por uma Unidade de Resgate do Corpo de\u00a0Bombeiros ao Pronto Atendimento Municipal e se queixava de fortes dores em uma das pernas.<\/p>\n<p style=\"text-align: justify;\">Nao houve outro ve\u00edulo envolvido no acidente, e o tr\u00e2nsito ficou bastante lento no local formando filas.<\/p>\n<p style=\"text-align: justify;\"><img loading=\"lazy\" decoding=\"async\" class=\"alignnone size-full wp-image-99601\" src=\"https:\/\/jorgezanoni.com.br\/2019\/wp-content\/uploads\/2025\/11\/1-Pequeno-2.jpg\" alt=\"\" width=\"270\" height=\"480\" srcset=\"https:\/\/jorgezanoni.com.br\/2019\/wp-content\/uploads\/2025\/11\/1-Pequeno-2.jpg 270w, https:\/\/jorgezanoni.com.br\/2019\/wp-content\/uploads\/2025\/11\/1-Pequeno-2-169x300.jpg 169w, https:\/\/jorgezanoni.com.br\/2019\/wp-content\/uploads\/2025\/11\/1-Pequeno-2-236x420.jpg 236w\" sizes=\"auto, (max-width: 270px) 100vw, 270px\" \/> <img loading=\"lazy\" decoding=\"async\" class=\"alignnone size-full wp-image-99602\" src=\"https:\/\/jorgezanoni.com.br\/2019\/wp-content\/uploads\/2025\/11\/2-Pequeno-2.jpg\" alt=\"\" width=\"853\" height=\"480\" srcset=\"https:\/\/jorgezanoni.com.br\/2019\/wp-content\/uploads\/2025\/11\/2-Pequeno-2.jpg 853w, https:\/\/jorgezanoni.com.br\/2019\/wp-content\/uploads\/2025\/11\/2-Pequeno-2-300x169.jpg 300w, https:\/\/jorgezanoni.com.br\/2019\/wp-content\/uploads\/2025\/11\/2-Pequeno-2-768x432.jpg 768w, https:\/\/jorgezanoni.com.br\/2019\/wp-content\/uploads\/2025\/11\/2-Pequeno-2-696x392.jpg 696w, https:\/\/jorgezanoni.com.br\/2019\/wp-content\/uploads\/2025\/11\/2-Pequeno-2-746x420.jpg 746w\" sizes=\"auto, (max-width: 853px) 100vw, 853px\" \/> <img loading=\"lazy\" decoding=\"async\" class=\"alignnone size-full wp-image-99604\" src=\"https:\/\/jorgezanoni.com.br\/2019\/wp-content\/uploads\/2025\/11\/5-Pequeno-3.jpg\" alt=\"\" width=\"270\" height=\"480\" srcset=\"https:\/\/jorgezanoni.com.br\/2019\/wp-content\/uploads\/2025\/11\/5-Pequeno-3.jpg 270w, https:\/\/jorgezanoni.com.br\/2019\/wp-content\/uploads\/2025\/11\/5-Pequeno-3-169x300.jpg 169w, https:\/\/jorgezanoni.com.br\/2019\/wp-content\/uploads\/2025\/11\/5-Pequeno-3-236x420.jpg 236w\" sizes=\"auto, (max-width: 270px) 100vw, 270px\" \/> <img loading=\"lazy\" decoding=\"async\" class=\"alignnone size-full wp-image-99605\" src=\"https:\/\/jorgezanoni.com.br\/2019\/wp-content\/uploads\/2025\/11\/6-Pequeno-1.jpg\" alt=\"\" width=\"270\" height=\"480\" srcset=\"https:\/\/jorgezanoni.com.br\/2019\/wp-content\/uploads\/2025\/11\/6-Pequeno-1.jpg 270w, https:\/\/jorgezanoni.com.br\/2019\/wp-content\/uploads\/2025\/11\/6-Pequeno-1-169x300.jpg 169w, https:\/\/jorgezanoni.com.br\/2019\/wp-content\/uploads\/2025\/11\/6-Pequeno-1-236x420.jpg 236w\" sizes=\"auto, (max-width: 270px) 100vw, 270px\" \/><\/p>\n<p style=\"text-align: justify;\">Jorge Zanoni<\/p>\n<p>&nbsp;<\/p>\n","protected":false},"excerpt":{"rendered":"<p>Acidente aconteceu no final da tarde desta ter\u00e7a-feira (11) na esquina da Rua A\u00e9cio de F\u00e9io Flora com Avenida Presidente Roosevelt, esquina com sem\u00e1foro. Segundo informa\u00e7\u00f5es obtidas no local pela reportagem do SITE JZ e TOP TV, o motociclista descia pela Rua A\u00e9cio e foi adentrar a Roosevelt, quando derrapou na areia que desceu de [&hellip;]<\/p>\n","protected":false},"author":1,"featured_media":99603,"comment_status":"closed","ping_status":"open","sticky":false,"template":"","format":"standard","meta":{"footnotes":""},"categories":[170,110],"tags":[],"class_list":["post-99600","post","type-post","status-publish","format-standard","has-post-thumbnail","hentry","category-acidentes","category-noticiasdestaque"],"_links":{"self":[{"href":"https:\/\/jorgezanoni.com.br\/2019\/wp-json\/wp\/v2\/posts\/99600","targetHints":{"allow":["GET"]}}],"collection":[{"href":"https:\/\/jorgezanoni.com.br\/2019\/wp-json\/wp\/v2\/posts"}],"about":[{"href":"https:\/\/jorgezanoni.com.br\/2019\/wp-json\/wp\/v2\/types\/post"}],"author":[{"embeddable":true,"href":"https:\/\/jorgezanoni.com.br\/2019\/wp-json\/wp\/v2\/users\/1"}],"replies":[{"embeddable":true,"href":"https:\/\/jorgezanoni.com.br\/2019\/wp-json\/wp\/v2\/comments?post=99600"}],"version-history":[{"count":1,"href":"https:\/\/jorgezanoni.com.br\/2019\/wp-json\/wp\/v2\/posts\/99600\/revisions"}],"predecessor-version":[{"id":99606,"href":"https:\/\/jorgezanoni.com.br\/2019\/wp-json\/wp\/v2\/posts\/99600\/revisions\/99606"}],"wp:featuredmedia":[{"embeddable":true,"href":"https:\/\/jorgezanoni.com.br\/2019\/wp-json\/wp\/v2\/media\/99603"}],"wp:attachment":[{"href":"https:\/\/jorgezanoni.com.br\/2019\/wp-json\/wp\/v2\/media?parent=99600"}],"wp:term":[{"taxonomy":"category","embeddable":true,"href":"https:\/\/jorgezanoni.com.br\/2019\/wp-json\/wp\/v2\/categories?post=99600"},{"taxonomy":"post_tag","embeddable":true,"href":"https:\/\/jorgezanoni.com.br\/2019\/wp-json\/wp\/v2\/tags?post=99600"}],"curies":[{"name":"wp","href":"https:\/\/api.w.org\/{rel}","templated":true}]}}