{"id":99391,"date":"2025-11-08T13:03:23","date_gmt":"2025-11-08T13:03:23","guid":{"rendered":"https:\/\/jorgezanoni.com.br\/2019\/?p=99391"},"modified":"2025-11-08T13:03:23","modified_gmt":"2025-11-08T13:03:23","slug":"morador-de-dracena-andre-lekinha-morre-em-grave-acidente-em-chapadao-do-ceu-go","status":"publish","type":"post","link":"https:\/\/jorgezanoni.com.br\/2019\/morador-de-dracena-andre-lekinha-morre-em-grave-acidente-em-chapadao-do-ceu-go\/","title":{"rendered":"Morador de Dracena Andr\u00e9 Lekinha morre em grave acidente em Chapad\u00e3o do Ce\u00fa\/GO"},"content":{"rendered":"<div class=\"xdj266r x14z9mp xat24cr x1lziwak x1vvkbs x126k92a\">\n<div dir=\"auto\" style=\"text-align: justify;\">Um grave acidente nesta sexta-feira (07) ceifou a vida de um motorista de uma carreta, na GO-050, pr\u00f3ximo ao Parque Aqu\u00e1tico Lago das Gar\u00e7as, em Chapad\u00e3o do C\u00e9u-GO.<\/div>\n<\/div>\n<div class=\"x14z9mp xat24cr x1lziwak x1vvkbs xtlvy1s x126k92a\" style=\"text-align: justify;\">\n<div dir=\"auto\">Segundo informa\u00e7\u00f5es que nossa reportagem teve acesso, a motorista seguia na dire\u00e7\u00e3o ao trevo que d\u00e1 acesso \u00e0 rodovia GO-206, quando, por motivos que ainda precisam ser investigados, acabou saindo da pista e tombando o ve\u00edculo j\u00e1 no in\u00edcio do lago Ribeir\u00e3o \u00c1gua Amarela.<\/div>\n<\/div>\n<div class=\"x14z9mp xat24cr x1lziwak x1vvkbs xtlvy1s x126k92a\" style=\"text-align: justify;\">\n<div dir=\"auto\">O Corpo de Bombeiros de Chapad\u00e3o do C\u00e9u foi acionado, mas infelizmente o motorista se encontrava em \u00f3bito no local. Os militares aguardam o trabalho da per\u00edcia para poder fazer a retirada do corpo, que ficou com a parte inferior presa no ve\u00edculo e a superior para fora do ve\u00edculo, j\u00e1 no brejo da represa.<\/div>\n<\/div>\n<div class=\"x14z9mp xat24cr x1lziwak x1vvkbs xtlvy1s x126k92a\" style=\"text-align: justify;\">\n<div dir=\"auto\">A per\u00edcia tamb\u00e9m informar\u00e1 se a v\u00edtima veio a \u00f3bito por ferimentos do acidente ou afogamento.<\/div>\n<div dir=\"auto\">A Pol\u00edcia Rodovi\u00e1ria foi acionada para tomar as medidas cab\u00edveis.<\/div>\n<div dir=\"auto\"><\/div>\n<div dir=\"auto\"><img loading=\"lazy\" decoding=\"async\" class=\"alignnone size-full wp-image-99393\" src=\"https:\/\/jorgezanoni.com.br\/2019\/wp-content\/uploads\/2025\/11\/aci1-Pequeno.jpg\" alt=\"\" width=\"360\" height=\"480\" srcset=\"https:\/\/jorgezanoni.com.br\/2019\/wp-content\/uploads\/2025\/11\/aci1-Pequeno.jpg 360w, https:\/\/jorgezanoni.com.br\/2019\/wp-content\/uploads\/2025\/11\/aci1-Pequeno-225x300.jpg 225w, https:\/\/jorgezanoni.com.br\/2019\/wp-content\/uploads\/2025\/11\/aci1-Pequeno-315x420.jpg 315w\" sizes=\"auto, (max-width: 360px) 100vw, 360px\" \/> <img loading=\"lazy\" decoding=\"async\" class=\"alignnone size-full wp-image-99394\" src=\"https:\/\/jorgezanoni.com.br\/2019\/wp-content\/uploads\/2025\/11\/aci2-Pequeno.jpg\" alt=\"\" width=\"360\" height=\"480\" srcset=\"https:\/\/jorgezanoni.com.br\/2019\/wp-content\/uploads\/2025\/11\/aci2-Pequeno.jpg 360w, https:\/\/jorgezanoni.com.br\/2019\/wp-content\/uploads\/2025\/11\/aci2-Pequeno-225x300.jpg 225w, https:\/\/jorgezanoni.com.br\/2019\/wp-content\/uploads\/2025\/11\/aci2-Pequeno-315x420.jpg 315w\" sizes=\"auto, (max-width: 360px) 100vw, 360px\" \/> <img loading=\"lazy\" decoding=\"async\" class=\"alignnone size-full wp-image-99395\" src=\"https:\/\/jorgezanoni.com.br\/2019\/wp-content\/uploads\/2025\/11\/aci3-Pequeno.jpg\" alt=\"\" width=\"714\" height=\"480\" srcset=\"https:\/\/jorgezanoni.com.br\/2019\/wp-content\/uploads\/2025\/11\/aci3-Pequeno.jpg 714w, https:\/\/jorgezanoni.com.br\/2019\/wp-content\/uploads\/2025\/11\/aci3-Pequeno-300x202.jpg 300w, https:\/\/jorgezanoni.com.br\/2019\/wp-content\/uploads\/2025\/11\/aci3-Pequeno-696x468.jpg 696w, https:\/\/jorgezanoni.com.br\/2019\/wp-content\/uploads\/2025\/11\/aci3-Pequeno-625x420.jpg 625w\" sizes=\"auto, (max-width: 714px) 100vw, 714px\" \/> <img loading=\"lazy\" decoding=\"async\" class=\"alignnone size-full wp-image-99396\" src=\"https:\/\/jorgezanoni.com.br\/2019\/wp-content\/uploads\/2025\/11\/aci4-Pequeno.jpg\" alt=\"\" width=\"853\" height=\"480\" srcset=\"https:\/\/jorgezanoni.com.br\/2019\/wp-content\/uploads\/2025\/11\/aci4-Pequeno.jpg 853w, https:\/\/jorgezanoni.com.br\/2019\/wp-content\/uploads\/2025\/11\/aci4-Pequeno-300x169.jpg 300w, https:\/\/jorgezanoni.com.br\/2019\/wp-content\/uploads\/2025\/11\/aci4-Pequeno-768x432.jpg 768w, https:\/\/jorgezanoni.com.br\/2019\/wp-content\/uploads\/2025\/11\/aci4-Pequeno-696x392.jpg 696w, https:\/\/jorgezanoni.com.br\/2019\/wp-content\/uploads\/2025\/11\/aci4-Pequeno-746x420.jpg 746w\" sizes=\"auto, (max-width: 853px) 100vw, 853px\" \/> <img loading=\"lazy\" decoding=\"async\" class=\"alignnone size-full wp-image-99397\" src=\"https:\/\/jorgezanoni.com.br\/2019\/wp-content\/uploads\/2025\/11\/aci5-Pequeno.jpg\" alt=\"\" width=\"639\" height=\"480\" srcset=\"https:\/\/jorgezanoni.com.br\/2019\/wp-content\/uploads\/2025\/11\/aci5-Pequeno.jpg 639w, https:\/\/jorgezanoni.com.br\/2019\/wp-content\/uploads\/2025\/11\/aci5-Pequeno-300x225.jpg 300w, https:\/\/jorgezanoni.com.br\/2019\/wp-content\/uploads\/2025\/11\/aci5-Pequeno-80x60.jpg 80w, https:\/\/jorgezanoni.com.br\/2019\/wp-content\/uploads\/2025\/11\/aci5-Pequeno-265x198.jpg 265w, https:\/\/jorgezanoni.com.br\/2019\/wp-content\/uploads\/2025\/11\/aci5-Pequeno-559x420.jpg 559w\" sizes=\"auto, (max-width: 639px) 100vw, 639px\" \/> <img loading=\"lazy\" decoding=\"async\" class=\"alignnone size-full wp-image-99398\" src=\"https:\/\/jorgezanoni.com.br\/2019\/wp-content\/uploads\/2025\/11\/aci6-Pequeno.jpg\" alt=\"\" width=\"360\" height=\"480\" srcset=\"https:\/\/jorgezanoni.com.br\/2019\/wp-content\/uploads\/2025\/11\/aci6-Pequeno.jpg 360w, https:\/\/jorgezanoni.com.br\/2019\/wp-content\/uploads\/2025\/11\/aci6-Pequeno-225x300.jpg 225w, https:\/\/jorgezanoni.com.br\/2019\/wp-content\/uploads\/2025\/11\/aci6-Pequeno-315x420.jpg 315w\" sizes=\"auto, (max-width: 360px) 100vw, 360px\" \/><\/div>\n<\/div>\n<div class=\"x14z9mp xat24cr x1lziwak x1vvkbs xtlvy1s x126k92a\">\n<div dir=\"auto\" style=\"text-align: justify;\">Fonte: O correio News<\/div>\n<\/div>\n","protected":false},"excerpt":{"rendered":"<p>Um grave acidente nesta sexta-feira (07) ceifou a vida de um motorista de uma carreta, na GO-050, pr\u00f3ximo ao Parque Aqu\u00e1tico Lago das Gar\u00e7as, em Chapad\u00e3o do C\u00e9u-GO. Segundo informa\u00e7\u00f5es que nossa reportagem teve acesso, a motorista seguia na dire\u00e7\u00e3o ao trevo que d\u00e1 acesso \u00e0 rodovia GO-206, quando, por motivos que ainda precisam ser [&hellip;]<\/p>\n","protected":false},"author":1,"featured_media":99392,"comment_status":"closed","ping_status":"open","sticky":false,"template":"","format":"standard","meta":{"footnotes":""},"categories":[170,110],"tags":[],"class_list":["post-99391","post","type-post","status-publish","format-standard","has-post-thumbnail","hentry","category-acidentes","category-noticiasdestaque"],"_links":{"self":[{"href":"https:\/\/jorgezanoni.com.br\/2019\/wp-json\/wp\/v2\/posts\/99391","targetHints":{"allow":["GET"]}}],"collection":[{"href":"https:\/\/jorgezanoni.com.br\/2019\/wp-json\/wp\/v2\/posts"}],"about":[{"href":"https:\/\/jorgezanoni.com.br\/2019\/wp-json\/wp\/v2\/types\/post"}],"author":[{"embeddable":true,"href":"https:\/\/jorgezanoni.com.br\/2019\/wp-json\/wp\/v2\/users\/1"}],"replies":[{"embeddable":true,"href":"https:\/\/jorgezanoni.com.br\/2019\/wp-json\/wp\/v2\/comments?post=99391"}],"version-history":[{"count":1,"href":"https:\/\/jorgezanoni.com.br\/2019\/wp-json\/wp\/v2\/posts\/99391\/revisions"}],"predecessor-version":[{"id":99399,"href":"https:\/\/jorgezanoni.com.br\/2019\/wp-json\/wp\/v2\/posts\/99391\/revisions\/99399"}],"wp:featuredmedia":[{"embeddable":true,"href":"https:\/\/jorgezanoni.com.br\/2019\/wp-json\/wp\/v2\/media\/99392"}],"wp:attachment":[{"href":"https:\/\/jorgezanoni.com.br\/2019\/wp-json\/wp\/v2\/media?parent=99391"}],"wp:term":[{"taxonomy":"category","embeddable":true,"href":"https:\/\/jorgezanoni.com.br\/2019\/wp-json\/wp\/v2\/categories?post=99391"},{"taxonomy":"post_tag","embeddable":true,"href":"https:\/\/jorgezanoni.com.br\/2019\/wp-json\/wp\/v2\/tags?post=99391"}],"curies":[{"name":"wp","href":"https:\/\/api.w.org\/{rel}","templated":true}]}}