{"id":99372,"date":"2025-11-06T23:09:45","date_gmt":"2025-11-06T23:09:45","guid":{"rendered":"https:\/\/jorgezanoni.com.br\/2019\/?p=99372"},"modified":"2025-11-06T23:11:10","modified_gmt":"2025-11-06T23:11:10","slug":"o-mundo-digital-na-mente-da-crianca-uma-perspectiva-psicologica-por-cidinha-pascoaloto","status":"publish","type":"post","link":"https:\/\/jorgezanoni.com.br\/2019\/o-mundo-digital-na-mente-da-crianca-uma-perspectiva-psicologica-por-cidinha-pascoaloto\/","title":{"rendered":"O Mundo Digital na Mente da Crian\u00e7a: Uma Perspectiva Psicol\u00f3gica  (por Cidinha Pascoaloto)"},"content":{"rendered":"<p style=\"text-align: justify;\">\u00a0Todo pai, m\u00e3e ou respons\u00e1vel legal possivelmente orienta seus filhos crian\u00e7as ou adolescentes, para n\u00e3o conversar com pessoas estranhas, atravessar as ruas com cuidado sempre olhando para os lados e n\u00e3o aceitarem doces de pessoas desconhecidas. Hoje a preocupa\u00e7\u00e3o \u00e9 com as redes sociais que fazem parte do dia a dia de milh\u00f5es de pessoas incluindo nossas crian\u00e7as e adolescentes.<\/p>\n<p style=\"text-align: justify;\">\u00c9 preciso que as fam\u00edlias eduquem seus filhos sobre os perigos que a internet oferece. Ajudando a crian\u00e7a a conhecer os riscos e as amea\u00e7as. O papel da fam\u00edlia \u00e9 fundamental quando ela faz a crian\u00e7a ou adolescente aproveitarem todas as oportunidades positivas de conex\u00e3o e aprendizado que a internet oferece, como pesquisas de mat\u00e9rias escolares ou um espa\u00e7o de entretenimento.<\/p>\n<p style=\"text-align: justify;\">\u00a0A busca pela valida\u00e7\u00e3o e a autoestima \u00e9 crucial na inf\u00e2ncia e na adolesc\u00eancia. E nas redes sociais essa busca \u00e9 constante considerando as curtidas e os coment\u00e1rios. O perigo \u00e9 quando os elogios externo das redes sociais n\u00e3o acontecem, a crian\u00e7a pode desenvolver uma autoestima fragilizada e condicionada de sentimentos de rejei\u00e7\u00e3o gerando sentimentos de ansiedade e inadequa\u00e7\u00e3o resultando em baixa autoestima.<\/p>\n<p style=\"text-align: justify;\">\u00a0Na a\u00e7\u00e3o dos pais \u00e9 fundamental dizer para o filho que ele tem valores, e que os valores n\u00e3o est\u00e3o no que e1la posta, mas em quem ele \u00e9. Crian\u00e7as e adolescentes ficam expostas a compara\u00e7\u00e3o social das imagens editadas, imperfei\u00e7\u00f5es filtradas e recortes da vida de pessoas desconhecidas.<\/p>\n<p style=\"text-align: justify;\">O perigo \u00e9 que elas fazem compara\u00e7\u00f5es com sua vida real com suas imperfei\u00e7\u00f5es, isso pode levar a insatisfa\u00e7\u00e3o corporal, inveja e sintomas depressivos. Nesse caso os pais devem conversar sobre o uso dos filtros.<\/p>\n<p style=\"text-align: justify;\">\u00a0Os ass\u00e9dios online atingem as crian\u00e7as tornado a fuga dif\u00edcil pois o agressor est\u00e1 nas redes sociais. O perigo est\u00e1 nas consequ\u00eancias que pode causar estresses cr\u00f4nico, isolamento, fobia social e em casos graves idea\u00e7\u00e3o suicida.\u00a0Crie um\u00a0ambiente de confian\u00e7a\u00a0onde a crian\u00e7a se sinta segura para relatar qualquer experi\u00eancia negativa sem medo.\u00a0Ou\u00e7a sem julgar.<\/p>\n<p><img loading=\"lazy\" decoding=\"async\" class=\"alignnone size-full wp-image-99373\" src=\"https:\/\/jorgezanoni.com.br\/2019\/wp-content\/uploads\/2025\/11\/Cidinha-Pascoaloto.jpg\" alt=\"\" width=\"339\" height=\"480\" srcset=\"https:\/\/jorgezanoni.com.br\/2019\/wp-content\/uploads\/2025\/11\/Cidinha-Pascoaloto.jpg 339w, https:\/\/jorgezanoni.com.br\/2019\/wp-content\/uploads\/2025\/11\/Cidinha-Pascoaloto-212x300.jpg 212w, https:\/\/jorgezanoni.com.br\/2019\/wp-content\/uploads\/2025\/11\/Cidinha-Pascoaloto-297x420.jpg 297w\" sizes=\"auto, (max-width: 339px) 100vw, 339px\" \/>Cidinha Pascoaloto &#8211; \u2013 Psic\u00f3loga (CRP 06\/158174) &#8211;\u00a0\ud83d\udcde (18) 99725-6418<\/p>\n<p style=\"text-align: justify;\"><a href=\"http:\/\/www.facebook.com\/cidinha.pascoaloto\">www.facebook.com\/cidinha.pascoaloto<\/a><\/p>\n<p style=\"text-align: justify;\"><a href=\"https:\/\/www.instagram.com\/cidinhapsicologa?igsh=MXM1NWNodzd5bzN4bA%3D%3D\">Cidinha Pascoaloto (@cidinhapsicologa) \u2022 Fotos e v\u00eddeos do Instagram<\/a><\/p>\n<p style=\"text-align: justify;\">\n","protected":false},"excerpt":{"rendered":"<p>\u00a0Todo pai, m\u00e3e ou respons\u00e1vel legal possivelmente orienta seus filhos crian\u00e7as ou adolescentes, para n\u00e3o conversar com pessoas estranhas, atravessar as ruas com cuidado sempre olhando para os lados e n\u00e3o aceitarem doces de pessoas desconhecidas. Hoje a preocupa\u00e7\u00e3o \u00e9 com as redes sociais que fazem parte do dia a dia de milh\u00f5es de pessoas [&hellip;]<\/p>\n","protected":false},"author":1,"featured_media":99375,"comment_status":"closed","ping_status":"open","sticky":false,"template":"","format":"standard","meta":{"footnotes":""},"categories":[175],"tags":[],"class_list":["post-99372","post","type-post","status-publish","format-standard","has-post-thumbnail","hentry","category-artigos"],"_links":{"self":[{"href":"https:\/\/jorgezanoni.com.br\/2019\/wp-json\/wp\/v2\/posts\/99372","targetHints":{"allow":["GET"]}}],"collection":[{"href":"https:\/\/jorgezanoni.com.br\/2019\/wp-json\/wp\/v2\/posts"}],"about":[{"href":"https:\/\/jorgezanoni.com.br\/2019\/wp-json\/wp\/v2\/types\/post"}],"author":[{"embeddable":true,"href":"https:\/\/jorgezanoni.com.br\/2019\/wp-json\/wp\/v2\/users\/1"}],"replies":[{"embeddable":true,"href":"https:\/\/jorgezanoni.com.br\/2019\/wp-json\/wp\/v2\/comments?post=99372"}],"version-history":[{"count":2,"href":"https:\/\/jorgezanoni.com.br\/2019\/wp-json\/wp\/v2\/posts\/99372\/revisions"}],"predecessor-version":[{"id":99376,"href":"https:\/\/jorgezanoni.com.br\/2019\/wp-json\/wp\/v2\/posts\/99372\/revisions\/99376"}],"wp:featuredmedia":[{"embeddable":true,"href":"https:\/\/jorgezanoni.com.br\/2019\/wp-json\/wp\/v2\/media\/99375"}],"wp:attachment":[{"href":"https:\/\/jorgezanoni.com.br\/2019\/wp-json\/wp\/v2\/media?parent=99372"}],"wp:term":[{"taxonomy":"category","embeddable":true,"href":"https:\/\/jorgezanoni.com.br\/2019\/wp-json\/wp\/v2\/categories?post=99372"},{"taxonomy":"post_tag","embeddable":true,"href":"https:\/\/jorgezanoni.com.br\/2019\/wp-json\/wp\/v2\/tags?post=99372"}],"curies":[{"name":"wp","href":"https:\/\/api.w.org\/{rel}","templated":true}]}}