{"id":9935,"date":"2019-10-30T00:19:36","date_gmt":"2019-10-30T00:19:36","guid":{"rendered":"https:\/\/jorgezanoni.com.br\/2019\/?p=9935"},"modified":"2019-10-30T00:20:05","modified_gmt":"2019-10-30T00:20:05","slug":"policia-militar-realiza-operacao-interior-mais-seguro","status":"publish","type":"post","link":"https:\/\/jorgezanoni.com.br\/2019\/policia-militar-realiza-operacao-interior-mais-seguro\/","title":{"rendered":"Pol\u00edcia Militar realiza opera\u00e7\u00e3o &#8220;INTERIOR MAIS SEGURO&#8221;."},"content":{"rendered":"<p style=\"text-align: justify;\">Foi realizada nesta ter\u00e7a-feira (29\/10\/19) a partir das 05h00min a &#8220;Opera\u00e7\u00e3o Interior mais Seguro&#8221;. A Opera\u00e7\u00e3o est\u00e1 sendo realizada tamb\u00e9m em toda \u00e1rea do 25\u00ba BPM\/I, tendo como objetivo intensificar o policiamento ostensivo na \u00e1rea rural, com pontos de estacionamento e contato com moradores, propiciando a seguran\u00e7a para todos. Os policiais pertencentes a Quarta Companhia PM est\u00e3o realizando a opera\u00e7\u00e3o nos munic\u00edpios de: Tupi Paulista, Monte Castelo, Nova Guataporanga, Santa Mercedes, Pauliceia, Panorama e S\u00e3o Jo\u00e3o do Pau d\u00b4Alho.<br \/>\nPol\u00edcia Militar, a For\u00e7a P\u00fablica de S\u00e3o Paulo!<\/p>\n<p><img loading=\"lazy\" decoding=\"async\" class=\"alignnone size-full wp-image-9936\" src=\"https:\/\/jorgezanoni.com.br\/2019\/wp-content\/uploads\/2019\/10\/intgerior1.jpg\" alt=\"\" width=\"720\" height=\"540\" srcset=\"https:\/\/jorgezanoni.com.br\/2019\/wp-content\/uploads\/2019\/10\/intgerior1.jpg 720w, https:\/\/jorgezanoni.com.br\/2019\/wp-content\/uploads\/2019\/10\/intgerior1-300x225.jpg 300w, https:\/\/jorgezanoni.com.br\/2019\/wp-content\/uploads\/2019\/10\/intgerior1-80x60.jpg 80w, https:\/\/jorgezanoni.com.br\/2019\/wp-content\/uploads\/2019\/10\/intgerior1-265x198.jpg 265w, https:\/\/jorgezanoni.com.br\/2019\/wp-content\/uploads\/2019\/10\/intgerior1-696x522.jpg 696w, https:\/\/jorgezanoni.com.br\/2019\/wp-content\/uploads\/2019\/10\/intgerior1-560x420.jpg 560w\" sizes=\"auto, (max-width: 720px) 100vw, 720px\" \/><\/p>\n<p style=\"text-align: justify;\">#25BPMI4CIA<br \/>\n#POLICIAMILITARSP<br \/>\nFonte: COMUNICA\u00c7\u00c3O SOCIAL DO 25\u00ba BPM\/I 4\u00aa CIA PM<\/p>\n","protected":false},"excerpt":{"rendered":"<p>Foi realizada nesta ter\u00e7a-feira (29\/10\/19) a partir das 05h00min a &#8220;Opera\u00e7\u00e3o Interior mais Seguro&#8221;. A Opera\u00e7\u00e3o est\u00e1 sendo realizada tamb\u00e9m em toda \u00e1rea do 25\u00ba BPM\/I, tendo como objetivo intensificar o policiamento ostensivo na \u00e1rea rural, com pontos de estacionamento e contato com moradores, propiciando a seguran\u00e7a para todos. Os policiais pertencentes a Quarta Companhia [&hellip;]<\/p>\n","protected":false},"author":1,"featured_media":9937,"comment_status":"closed","ping_status":"open","sticky":false,"template":"","format":"standard","meta":{"footnotes":""},"categories":[110,2],"tags":[],"class_list":["post-9935","post","type-post","status-publish","format-standard","has-post-thumbnail","hentry","category-noticiasdestaque","category-policial"],"_links":{"self":[{"href":"https:\/\/jorgezanoni.com.br\/2019\/wp-json\/wp\/v2\/posts\/9935","targetHints":{"allow":["GET"]}}],"collection":[{"href":"https:\/\/jorgezanoni.com.br\/2019\/wp-json\/wp\/v2\/posts"}],"about":[{"href":"https:\/\/jorgezanoni.com.br\/2019\/wp-json\/wp\/v2\/types\/post"}],"author":[{"embeddable":true,"href":"https:\/\/jorgezanoni.com.br\/2019\/wp-json\/wp\/v2\/users\/1"}],"replies":[{"embeddable":true,"href":"https:\/\/jorgezanoni.com.br\/2019\/wp-json\/wp\/v2\/comments?post=9935"}],"version-history":[{"count":0,"href":"https:\/\/jorgezanoni.com.br\/2019\/wp-json\/wp\/v2\/posts\/9935\/revisions"}],"wp:featuredmedia":[{"embeddable":true,"href":"https:\/\/jorgezanoni.com.br\/2019\/wp-json\/wp\/v2\/media\/9937"}],"wp:attachment":[{"href":"https:\/\/jorgezanoni.com.br\/2019\/wp-json\/wp\/v2\/media?parent=9935"}],"wp:term":[{"taxonomy":"category","embeddable":true,"href":"https:\/\/jorgezanoni.com.br\/2019\/wp-json\/wp\/v2\/categories?post=9935"},{"taxonomy":"post_tag","embeddable":true,"href":"https:\/\/jorgezanoni.com.br\/2019\/wp-json\/wp\/v2\/tags?post=9935"}],"curies":[{"name":"wp","href":"https:\/\/api.w.org\/{rel}","templated":true}]}}