{"id":9931,"date":"2019-10-29T23:58:15","date_gmt":"2019-10-29T23:58:15","guid":{"rendered":"https:\/\/jorgezanoni.com.br\/2019\/?p=9931"},"modified":"2019-10-29T23:58:54","modified_gmt":"2019-10-29T23:58:54","slug":"morre-cinara-guerra-barbado-moradora-de-junqueiropolis","status":"publish","type":"post","link":"https:\/\/jorgezanoni.com.br\/2019\/morre-cinara-guerra-barbado-moradora-de-junqueiropolis\/","title":{"rendered":"Morre Cinara Guerra Barbado moradora de Junqueir\u00f3polis"},"content":{"rendered":"<div class=\"_xlr\" style=\"text-align: justify;\">\n<p><span id=\"fbPhotoSnowliftCaption\" class=\"fbPhotosPhotoCaption\" tabindex=\"0\" aria-live=\"polite\" data-ft=\"{&quot;tn&quot;:&quot;K&quot;}\"><span class=\"hasCaption\">Infelizmente, o dia desta ter\u00e7a-feira, 29\/10, vai terminar mais triste. \u00c9 com profundo pesar que o Portal Fernando Ramos comunica o falecimento da junqueiropolense Cinara Gerra Barbado. Nesta tarde, Cinara, de 49 anos, foi encontrada sem vida dentro de sua pr\u00f3pria casa. A causa da morte est\u00e1 sendo investigada.<\/span><\/span><\/p>\n<p>Cinara deixa esposo e tr\u00eas filhos. Ela era bastante conhecida em Junqueir\u00f3polis devido a sua trajet\u00f3ria de atua\u00e7\u00e3o no com\u00e9rcio local. Atualmente, n\u00e3o estava trabalhando e estaria acometida de depress\u00e3o.<\/p>\n<p>Neste momento de profunda dor, rogamos a Deus para que conforte os filhos, o esposo, amigos e familiares!<\/p>\n<div id=\"fbPhotoSnowliftProductMiniListHscroll\" class=\"fbCommerceProductMiniListHscroll\" style=\"text-align: justify;\"><\/div>\n<div id=\"fbPhotoSnowliftLegacyTagList\" class=\"pts fbPhotoLegacyTagList\">\n<div style=\"text-align: justify;\">Fonte: Fernando Ramos<\/div>\n<\/div>\n<\/div>\n<div><\/div>\n<div id=\"fbPhotoSnowliftVideoFundraiser\"><\/div>\n<div id=\"fbPhotoSnowliftViews\" class=\"_4p3v\"><\/div>\n<form id=\"u_k_2\" class=\"fbPhotosSnowliftFeedbackForm commentable_item collapsible_comments\" action=\"https:\/\/www.facebook.com\/ajax\/ufi\/modify.php\" method=\"post\" data-ft=\"{&quot;tn&quot;:&quot;]&quot;}\">\n<div id=\"fbPhotoSnowliftFeedback\" class=\"fbPhotosSnowliftFeedback\"><\/div>\n<div>\n<div>\n<div class=\"_6iib\" data-testid=\"fbSnowliftUFI\/feedbackSummary\">\n<div class=\"_6iic\">\n<div class=\"_6iid\"><\/div>\n<\/div>\n<\/div>\n<\/div>\n<\/div>\n<\/form>\n","protected":false},"excerpt":{"rendered":"<p>Infelizmente, o dia desta ter\u00e7a-feira, 29\/10, vai terminar mais triste. \u00c9 com profundo pesar que o Portal Fernando Ramos comunica o falecimento da junqueiropolense Cinara Gerra Barbado. Nesta tarde, Cinara, de 49 anos, foi encontrada sem vida dentro de sua pr\u00f3pria casa. A causa da morte est\u00e1 sendo investigada. Cinara deixa esposo e tr\u00eas filhos. [&hellip;]<\/p>\n","protected":false},"author":1,"featured_media":9933,"comment_status":"closed","ping_status":"open","sticky":false,"template":"","format":"standard","meta":{"footnotes":""},"categories":[110,2],"tags":[],"class_list":["post-9931","post","type-post","status-publish","format-standard","has-post-thumbnail","hentry","category-noticiasdestaque","category-policial"],"_links":{"self":[{"href":"https:\/\/jorgezanoni.com.br\/2019\/wp-json\/wp\/v2\/posts\/9931","targetHints":{"allow":["GET"]}}],"collection":[{"href":"https:\/\/jorgezanoni.com.br\/2019\/wp-json\/wp\/v2\/posts"}],"about":[{"href":"https:\/\/jorgezanoni.com.br\/2019\/wp-json\/wp\/v2\/types\/post"}],"author":[{"embeddable":true,"href":"https:\/\/jorgezanoni.com.br\/2019\/wp-json\/wp\/v2\/users\/1"}],"replies":[{"embeddable":true,"href":"https:\/\/jorgezanoni.com.br\/2019\/wp-json\/wp\/v2\/comments?post=9931"}],"version-history":[{"count":0,"href":"https:\/\/jorgezanoni.com.br\/2019\/wp-json\/wp\/v2\/posts\/9931\/revisions"}],"wp:featuredmedia":[{"embeddable":true,"href":"https:\/\/jorgezanoni.com.br\/2019\/wp-json\/wp\/v2\/media\/9933"}],"wp:attachment":[{"href":"https:\/\/jorgezanoni.com.br\/2019\/wp-json\/wp\/v2\/media?parent=9931"}],"wp:term":[{"taxonomy":"category","embeddable":true,"href":"https:\/\/jorgezanoni.com.br\/2019\/wp-json\/wp\/v2\/categories?post=9931"},{"taxonomy":"post_tag","embeddable":true,"href":"https:\/\/jorgezanoni.com.br\/2019\/wp-json\/wp\/v2\/tags?post=9931"}],"curies":[{"name":"wp","href":"https:\/\/api.w.org\/{rel}","templated":true}]}}