{"id":99227,"date":"2025-10-31T22:01:56","date_gmt":"2025-10-31T22:01:56","guid":{"rendered":"https:\/\/jorgezanoni.com.br\/2019\/?p=99227"},"modified":"2025-10-31T22:01:56","modified_gmt":"2025-10-31T22:01:56","slug":"dpark-zona-azul-arrecada-leite-para-a-avapac","status":"publish","type":"post","link":"https:\/\/jorgezanoni.com.br\/2019\/dpark-zona-azul-arrecada-leite-para-a-avapac\/","title":{"rendered":"DPARK Zona Azul arrecada Leite para a AVAPAC"},"content":{"rendered":"<p style=\"text-align: justify;\">Neste s\u00e1bado (1\u00ba) e nos pr\u00f3ximos, at\u00e9 dia 20 de novembro, colaboradores da DPARK Zona Azul estar\u00e3o na Pra\u00e7a Arthur Pagnozzi a partir das 9H., arrecando caixas de Leite que ser\u00e3o doadas para a AVAPAC (Associa\u00e7\u00e3o de Volunt\u00e1rios de apoio ao Paciente de C\u00e2ncer.<\/p>\n<p style=\"text-align: justify;\">Haver\u00e1 uma barraca instalada na Pra\u00e7a. As doa\u00e7\u00f5es tamb\u00e9m podem serem feitas em uma das quatro lojas da Rede de Supermercados Avenida.<\/p>\n<p>Sua doa\u00e7\u00e3o \u00e9 muito valiosa para atender as fam\u00edlias assistidas. Doe ao menos 01 Litro.<\/p>\n<p style=\"text-align: justify;\">A arrecada\u00e7\u00e3o faz parte da &#8220;CAMPANHA OUTUBRO ROSA, NOVEMBRO AZUL&#8221; em parceria DPARK Zona Azul e AVAPAC com apoio do SITE JORGE ZANONI e TOP TV.<\/p>\n<p>Jorge Zanoni<\/p>\n<p>&nbsp;<\/p>\n","protected":false},"excerpt":{"rendered":"<p>Neste s\u00e1bado (1\u00ba) e nos pr\u00f3ximos, at\u00e9 dia 20 de novembro, colaboradores da DPARK Zona Azul estar\u00e3o na Pra\u00e7a Arthur Pagnozzi a partir das 9H., arrecando caixas de Leite que ser\u00e3o doadas para a AVAPAC (Associa\u00e7\u00e3o de Volunt\u00e1rios de apoio ao Paciente de C\u00e2ncer. Haver\u00e1 uma barraca instalada na Pra\u00e7a. As doa\u00e7\u00f5es tamb\u00e9m podem serem [&hellip;]<\/p>\n","protected":false},"author":1,"featured_media":99228,"comment_status":"closed","ping_status":"open","sticky":false,"template":"","format":"standard","meta":{"footnotes":""},"categories":[110,118],"tags":[],"class_list":["post-99227","post","type-post","status-publish","format-standard","has-post-thumbnail","hentry","category-noticiasdestaque","category-religiaoesolidariedade"],"_links":{"self":[{"href":"https:\/\/jorgezanoni.com.br\/2019\/wp-json\/wp\/v2\/posts\/99227","targetHints":{"allow":["GET"]}}],"collection":[{"href":"https:\/\/jorgezanoni.com.br\/2019\/wp-json\/wp\/v2\/posts"}],"about":[{"href":"https:\/\/jorgezanoni.com.br\/2019\/wp-json\/wp\/v2\/types\/post"}],"author":[{"embeddable":true,"href":"https:\/\/jorgezanoni.com.br\/2019\/wp-json\/wp\/v2\/users\/1"}],"replies":[{"embeddable":true,"href":"https:\/\/jorgezanoni.com.br\/2019\/wp-json\/wp\/v2\/comments?post=99227"}],"version-history":[{"count":1,"href":"https:\/\/jorgezanoni.com.br\/2019\/wp-json\/wp\/v2\/posts\/99227\/revisions"}],"predecessor-version":[{"id":99229,"href":"https:\/\/jorgezanoni.com.br\/2019\/wp-json\/wp\/v2\/posts\/99227\/revisions\/99229"}],"wp:featuredmedia":[{"embeddable":true,"href":"https:\/\/jorgezanoni.com.br\/2019\/wp-json\/wp\/v2\/media\/99228"}],"wp:attachment":[{"href":"https:\/\/jorgezanoni.com.br\/2019\/wp-json\/wp\/v2\/media?parent=99227"}],"wp:term":[{"taxonomy":"category","embeddable":true,"href":"https:\/\/jorgezanoni.com.br\/2019\/wp-json\/wp\/v2\/categories?post=99227"},{"taxonomy":"post_tag","embeddable":true,"href":"https:\/\/jorgezanoni.com.br\/2019\/wp-json\/wp\/v2\/tags?post=99227"}],"curies":[{"name":"wp","href":"https:\/\/api.w.org\/{rel}","templated":true}]}}