{"id":99208,"date":"2025-10-30T22:57:59","date_gmt":"2025-10-30T22:57:59","guid":{"rendered":"https:\/\/jorgezanoni.com.br\/2019\/?p=99208"},"modified":"2025-10-30T22:57:59","modified_gmt":"2025-10-30T22:57:59","slug":"campanha-de-conscientizacao-para-motociclistas-em-dracena","status":"publish","type":"post","link":"https:\/\/jorgezanoni.com.br\/2019\/campanha-de-conscientizacao-para-motociclistas-em-dracena\/","title":{"rendered":"Campanha de Conscientiza\u00e7\u00e3o para Motociclistas em Dracena"},"content":{"rendered":"<p style=\"text-align: justify;\">A 1\u00aa Companhia do 25\u00ba Batalh\u00e3o de Pol\u00edcia Militar do Interior, em parceria com o DETRAN-SP e a Prefeitura Municipal de Dracena, por meio do \u00d3rg\u00e3o Municipal de Tr\u00e2nsito, realizou uma importante campanha de conscientiza\u00e7\u00e3o voltada aos motociclistas.<\/p>\n<p style=\"text-align: justify;\">A a\u00e7\u00e3o teve como objetivo refor\u00e7ar a import\u00e2ncia do uso correto dos equipamentos de seguran\u00e7a.<\/p>\n<p style=\"text-align: justify;\">Durante a campanha, foram realizadas orienta\u00e7\u00f5es educativas, distribui\u00e7\u00e3o de materiais informativos e abordagens preventivas, buscando promover um tr\u00e2nsito mais seguro, respons\u00e1vel e humano.<\/p>\n<p style=\"text-align: justify;\">A iniciativa refor\u00e7a o compromisso das institui\u00e7\u00f5es envolvidas com a preserva\u00e7\u00e3o da vida e o cumprimento das normas de tr\u00e2nsito, contribuindo para a redu\u00e7\u00e3o de acidentes e para a seguran\u00e7a de todos os usu\u00e1rios das vias p\u00fablicas.<\/p>\n<p style=\"text-align: justify;\">\ud83d\udea8 Tr\u00e2nsito seguro \u00e9 dever e responsabilidade de todos!<\/p>\n<p>#Pol\u00edciaMilitar #25BPMI #1Cia25BPMI #DETRANSP #PrefeituraDeDracena #Educa\u00e7\u00e3oNoTr\u00e2nsito #MotociclistaConsciente #Seguran\u00e7aVi\u00e1ria #Tr\u00e2nsitoSeguro #PMESP<\/p>\n<p><img loading=\"lazy\" decoding=\"async\" class=\"alignnone size-full wp-image-99210\" src=\"https:\/\/jorgezanoni.com.br\/2019\/wp-content\/uploads\/2025\/10\/tra2-Pequeno.jpg\" alt=\"\" width=\"639\" height=\"480\" srcset=\"https:\/\/jorgezanoni.com.br\/2019\/wp-content\/uploads\/2025\/10\/tra2-Pequeno.jpg 639w, https:\/\/jorgezanoni.com.br\/2019\/wp-content\/uploads\/2025\/10\/tra2-Pequeno-300x225.jpg 300w, https:\/\/jorgezanoni.com.br\/2019\/wp-content\/uploads\/2025\/10\/tra2-Pequeno-80x60.jpg 80w, https:\/\/jorgezanoni.com.br\/2019\/wp-content\/uploads\/2025\/10\/tra2-Pequeno-265x198.jpg 265w, https:\/\/jorgezanoni.com.br\/2019\/wp-content\/uploads\/2025\/10\/tra2-Pequeno-559x420.jpg 559w\" sizes=\"auto, (max-width: 639px) 100vw, 639px\" \/><img loading=\"lazy\" decoding=\"async\" class=\"alignnone size-full wp-image-99211\" src=\"https:\/\/jorgezanoni.com.br\/2019\/wp-content\/uploads\/2025\/10\/tra-Pequeno.jpg\" alt=\"\" width=\"360\" height=\"480\" srcset=\"https:\/\/jorgezanoni.com.br\/2019\/wp-content\/uploads\/2025\/10\/tra-Pequeno.jpg 360w, https:\/\/jorgezanoni.com.br\/2019\/wp-content\/uploads\/2025\/10\/tra-Pequeno-225x300.jpg 225w, https:\/\/jorgezanoni.com.br\/2019\/wp-content\/uploads\/2025\/10\/tra-Pequeno-315x420.jpg 315w\" sizes=\"auto, (max-width: 360px) 100vw, 360px\" \/><img loading=\"lazy\" decoding=\"async\" class=\"alignnone size-full wp-image-99212\" src=\"https:\/\/jorgezanoni.com.br\/2019\/wp-content\/uploads\/2025\/10\/tra1-Pequeno.jpg\" alt=\"\" width=\"360\" height=\"480\" srcset=\"https:\/\/jorgezanoni.com.br\/2019\/wp-content\/uploads\/2025\/10\/tra1-Pequeno.jpg 360w, https:\/\/jorgezanoni.com.br\/2019\/wp-content\/uploads\/2025\/10\/tra1-Pequeno-225x300.jpg 225w, https:\/\/jorgezanoni.com.br\/2019\/wp-content\/uploads\/2025\/10\/tra1-Pequeno-315x420.jpg 315w\" sizes=\"auto, (max-width: 360px) 100vw, 360px\" \/><\/p>\n","protected":false},"excerpt":{"rendered":"<p>A 1\u00aa Companhia do 25\u00ba Batalh\u00e3o de Pol\u00edcia Militar do Interior, em parceria com o DETRAN-SP e a Prefeitura Municipal de Dracena, por meio do \u00d3rg\u00e3o Municipal de Tr\u00e2nsito, realizou uma importante campanha de conscientiza\u00e7\u00e3o voltada aos motociclistas. A a\u00e7\u00e3o teve como objetivo refor\u00e7ar a import\u00e2ncia do uso correto dos equipamentos de seguran\u00e7a. Durante a [&hellip;]<\/p>\n","protected":false},"author":1,"featured_media":99209,"comment_status":"closed","ping_status":"open","sticky":false,"template":"","format":"standard","meta":{"footnotes":""},"categories":[110,2],"tags":[],"class_list":["post-99208","post","type-post","status-publish","format-standard","has-post-thumbnail","hentry","category-noticiasdestaque","category-policial"],"_links":{"self":[{"href":"https:\/\/jorgezanoni.com.br\/2019\/wp-json\/wp\/v2\/posts\/99208","targetHints":{"allow":["GET"]}}],"collection":[{"href":"https:\/\/jorgezanoni.com.br\/2019\/wp-json\/wp\/v2\/posts"}],"about":[{"href":"https:\/\/jorgezanoni.com.br\/2019\/wp-json\/wp\/v2\/types\/post"}],"author":[{"embeddable":true,"href":"https:\/\/jorgezanoni.com.br\/2019\/wp-json\/wp\/v2\/users\/1"}],"replies":[{"embeddable":true,"href":"https:\/\/jorgezanoni.com.br\/2019\/wp-json\/wp\/v2\/comments?post=99208"}],"version-history":[{"count":1,"href":"https:\/\/jorgezanoni.com.br\/2019\/wp-json\/wp\/v2\/posts\/99208\/revisions"}],"predecessor-version":[{"id":99214,"href":"https:\/\/jorgezanoni.com.br\/2019\/wp-json\/wp\/v2\/posts\/99208\/revisions\/99214"}],"wp:featuredmedia":[{"embeddable":true,"href":"https:\/\/jorgezanoni.com.br\/2019\/wp-json\/wp\/v2\/media\/99209"}],"wp:attachment":[{"href":"https:\/\/jorgezanoni.com.br\/2019\/wp-json\/wp\/v2\/media?parent=99208"}],"wp:term":[{"taxonomy":"category","embeddable":true,"href":"https:\/\/jorgezanoni.com.br\/2019\/wp-json\/wp\/v2\/categories?post=99208"},{"taxonomy":"post_tag","embeddable":true,"href":"https:\/\/jorgezanoni.com.br\/2019\/wp-json\/wp\/v2\/tags?post=99208"}],"curies":[{"name":"wp","href":"https:\/\/api.w.org\/{rel}","templated":true}]}}