{"id":99172,"date":"2025-10-30T00:50:31","date_gmt":"2025-10-30T00:50:31","guid":{"rendered":"https:\/\/jorgezanoni.com.br\/2019\/?p=99172"},"modified":"2025-10-30T00:50:31","modified_gmt":"2025-10-30T00:50:31","slug":"2o-open-bela-vista-sunset-agita-final-de-semana-em-panorama","status":"publish","type":"post","link":"https:\/\/jorgezanoni.com.br\/2019\/2o-open-bela-vista-sunset-agita-final-de-semana-em-panorama\/","title":{"rendered":"2\u00ba Open Bela Vista Sunset agita final de semana em Panorama"},"content":{"rendered":"<div class=\"xdj266r x14z9mp xat24cr x1lziwak x1vvkbs x126k92a\">\n<div dir=\"auto\" style=\"text-align: justify;\">O \u00faltimo final de semana foi de muita energia e grandes disputas durante o 2\u00ba Open Bela Vista Sunset de Beach Tennis, evento promovido pela academia Sunset Beach Clube de Dracena, em parceria com a Associa\u00e7\u00e3o do Residencial Bela Vista de Panorama.<\/div>\n<\/div>\n<div class=\"x14z9mp xat24cr x1lziwak x1vvkbs xtlvy1s x126k92a\" style=\"text-align: justify;\">\n<div dir=\"auto\">A competi\u00e7\u00e3o, realizada na cidade de Panorama (SP), movimentou atletas e p\u00fablico durante tr\u00eas dias intensos de partidas, reunindo competidores de diversas cidades e contando com v\u00e1rias categorias em disputa.<\/div>\n<\/div>\n<div class=\"x14z9mp xat24cr x1lziwak x1vvkbs xtlvy1s x126k92a\" style=\"text-align: justify;\">\n<div dir=\"auto\">O torneio destacou-se pela excelente organiza\u00e7\u00e3o e alto n\u00edvel t\u00e9cnico das duplas participantes. Um dos momentos mais marcantes foi a presen\u00e7a e participa\u00e7\u00e3o do n\u00famero 1 do mundo sub-18, Caio Gazoli, que competiu na categoria A, encantando o p\u00fablico com seu talento e carisma dentro e fora das quadras.<\/div>\n<\/div>\n<div class=\"x14z9mp xat24cr x1lziwak x1vvkbs xtlvy1s x126k92a\" style=\"text-align: justify;\">\n<div dir=\"auto\">O Open Bela Vista Sunset vem se consolidando como um dos principais torneios de Beach Tennis da regi\u00e3o, atraindo diversos atletas do Oeste Paulista e at\u00e9 do Mato Grosso do Sul, o que refor\u00e7a sua import\u00e2ncia no calend\u00e1rio esportivo regional.<\/div>\n<\/div>\n<div class=\"x14z9mp xat24cr x1lziwak x1vvkbs xtlvy1s x126k92a\">\n<div dir=\"auto\" style=\"text-align: justify;\">Al\u00e9m da performance esportiva, o evento teve clima de confraterniza\u00e7\u00e3o, m\u00fasica e muita intera\u00e7\u00e3o entre os participantes, consolidando-se como uma verdadeira celebra\u00e7\u00e3o do esporte e do estilo de vida saud\u00e1vel.<\/div>\n<div dir=\"auto\"><\/div>\n<div dir=\"auto\"><img loading=\"lazy\" decoding=\"async\" class=\"alignnone size-full wp-image-99174\" src=\"https:\/\/jorgezanoni.com.br\/2019\/wp-content\/uploads\/2025\/10\/pan1-Pequeno.jpg\" alt=\"\" width=\"320\" height=\"480\" srcset=\"https:\/\/jorgezanoni.com.br\/2019\/wp-content\/uploads\/2025\/10\/pan1-Pequeno.jpg 320w, https:\/\/jorgezanoni.com.br\/2019\/wp-content\/uploads\/2025\/10\/pan1-Pequeno-200x300.jpg 200w, https:\/\/jorgezanoni.com.br\/2019\/wp-content\/uploads\/2025\/10\/pan1-Pequeno-280x420.jpg 280w\" sizes=\"auto, (max-width: 320px) 100vw, 320px\" \/> <img loading=\"lazy\" decoding=\"async\" class=\"alignnone size-full wp-image-99175\" src=\"https:\/\/jorgezanoni.com.br\/2019\/wp-content\/uploads\/2025\/10\/pan2-Pequeno.jpg\" alt=\"\" width=\"332\" height=\"480\" srcset=\"https:\/\/jorgezanoni.com.br\/2019\/wp-content\/uploads\/2025\/10\/pan2-Pequeno.jpg 332w, https:\/\/jorgezanoni.com.br\/2019\/wp-content\/uploads\/2025\/10\/pan2-Pequeno-208x300.jpg 208w, https:\/\/jorgezanoni.com.br\/2019\/wp-content\/uploads\/2025\/10\/pan2-Pequeno-291x420.jpg 291w\" sizes=\"auto, (max-width: 332px) 100vw, 332px\" \/> <img loading=\"lazy\" decoding=\"async\" class=\"alignnone size-full wp-image-99176\" src=\"https:\/\/jorgezanoni.com.br\/2019\/wp-content\/uploads\/2025\/10\/pan3-Pequeno.jpg\" alt=\"\" width=\"320\" height=\"480\" srcset=\"https:\/\/jorgezanoni.com.br\/2019\/wp-content\/uploads\/2025\/10\/pan3-Pequeno.jpg 320w, https:\/\/jorgezanoni.com.br\/2019\/wp-content\/uploads\/2025\/10\/pan3-Pequeno-200x300.jpg 200w, https:\/\/jorgezanoni.com.br\/2019\/wp-content\/uploads\/2025\/10\/pan3-Pequeno-280x420.jpg 280w\" sizes=\"auto, (max-width: 320px) 100vw, 320px\" \/> <img loading=\"lazy\" decoding=\"async\" class=\"alignnone size-full wp-image-99177\" src=\"https:\/\/jorgezanoni.com.br\/2019\/wp-content\/uploads\/2025\/10\/pan4-Pequeno.jpg\" alt=\"\" width=\"320\" height=\"480\" srcset=\"https:\/\/jorgezanoni.com.br\/2019\/wp-content\/uploads\/2025\/10\/pan4-Pequeno.jpg 320w, https:\/\/jorgezanoni.com.br\/2019\/wp-content\/uploads\/2025\/10\/pan4-Pequeno-200x300.jpg 200w, https:\/\/jorgezanoni.com.br\/2019\/wp-content\/uploads\/2025\/10\/pan4-Pequeno-280x420.jpg 280w\" sizes=\"auto, (max-width: 320px) 100vw, 320px\" \/><\/div>\n<div dir=\"auto\">Fotos e texto: Kleber Pigozzi<\/div>\n<\/div>\n","protected":false},"excerpt":{"rendered":"<p>O \u00faltimo final de semana foi de muita energia e grandes disputas durante o 2\u00ba Open Bela Vista Sunset de Beach Tennis, evento promovido pela academia Sunset Beach Clube de Dracena, em parceria com a Associa\u00e7\u00e3o do Residencial Bela Vista de Panorama. A competi\u00e7\u00e3o, realizada na cidade de Panorama (SP), movimentou atletas e p\u00fablico durante [&hellip;]<\/p>\n","protected":false},"author":1,"featured_media":99173,"comment_status":"closed","ping_status":"open","sticky":false,"template":"","format":"standard","meta":{"footnotes":""},"categories":[111],"tags":[],"class_list":["post-99172","post","type-post","status-publish","format-standard","has-post-thumbnail","hentry","category-esporteecultura"],"_links":{"self":[{"href":"https:\/\/jorgezanoni.com.br\/2019\/wp-json\/wp\/v2\/posts\/99172","targetHints":{"allow":["GET"]}}],"collection":[{"href":"https:\/\/jorgezanoni.com.br\/2019\/wp-json\/wp\/v2\/posts"}],"about":[{"href":"https:\/\/jorgezanoni.com.br\/2019\/wp-json\/wp\/v2\/types\/post"}],"author":[{"embeddable":true,"href":"https:\/\/jorgezanoni.com.br\/2019\/wp-json\/wp\/v2\/users\/1"}],"replies":[{"embeddable":true,"href":"https:\/\/jorgezanoni.com.br\/2019\/wp-json\/wp\/v2\/comments?post=99172"}],"version-history":[{"count":1,"href":"https:\/\/jorgezanoni.com.br\/2019\/wp-json\/wp\/v2\/posts\/99172\/revisions"}],"predecessor-version":[{"id":99179,"href":"https:\/\/jorgezanoni.com.br\/2019\/wp-json\/wp\/v2\/posts\/99172\/revisions\/99179"}],"wp:featuredmedia":[{"embeddable":true,"href":"https:\/\/jorgezanoni.com.br\/2019\/wp-json\/wp\/v2\/media\/99173"}],"wp:attachment":[{"href":"https:\/\/jorgezanoni.com.br\/2019\/wp-json\/wp\/v2\/media?parent=99172"}],"wp:term":[{"taxonomy":"category","embeddable":true,"href":"https:\/\/jorgezanoni.com.br\/2019\/wp-json\/wp\/v2\/categories?post=99172"},{"taxonomy":"post_tag","embeddable":true,"href":"https:\/\/jorgezanoni.com.br\/2019\/wp-json\/wp\/v2\/tags?post=99172"}],"curies":[{"name":"wp","href":"https:\/\/api.w.org\/{rel}","templated":true}]}}