{"id":9916,"date":"2019-10-29T23:26:27","date_gmt":"2019-10-29T23:26:27","guid":{"rendered":"https:\/\/jorgezanoni.com.br\/2019\/?p=9916"},"modified":"2019-10-29T23:26:27","modified_gmt":"2019-10-29T23:26:27","slug":"acidente-na-avenida-jose-bonifacio-proximo-ao-trevo-da-santa-deixa-motociclista-ferido","status":"publish","type":"post","link":"https:\/\/jorgezanoni.com.br\/2019\/acidente-na-avenida-jose-bonifacio-proximo-ao-trevo-da-santa-deixa-motociclista-ferido\/","title":{"rendered":"Acidente na avenida Jos\u00e9 Bonif\u00e1cio pr\u00f3ximo ao trevo da Santa deixa motociclista ferido"},"content":{"rendered":"<p style=\"text-align: justify;\"><strong>O fato curioso \u00e9 que mesmo sendo per\u00edmetro urbano, a Pol\u00edcia Militar apenas preservava o local, pois o mesmo pertence \u00e0 Pol\u00edcia Militar Rodovi\u00e1ria que tem que vir de Adamantina para registrar a ocorr\u00eancia.<\/strong><\/p>\n<p><img loading=\"lazy\" decoding=\"async\" class=\"alignnone size-full wp-image-9917\" src=\"https:\/\/jorgezanoni.com.br\/2019\/wp-content\/uploads\/2019\/10\/IMG_9840-2.jpg\" alt=\"\" width=\"900\" height=\"561\" srcset=\"https:\/\/jorgezanoni.com.br\/2019\/wp-content\/uploads\/2019\/10\/IMG_9840-2.jpg 900w, https:\/\/jorgezanoni.com.br\/2019\/wp-content\/uploads\/2019\/10\/IMG_9840-2-300x187.jpg 300w, https:\/\/jorgezanoni.com.br\/2019\/wp-content\/uploads\/2019\/10\/IMG_9840-2-768x479.jpg 768w, https:\/\/jorgezanoni.com.br\/2019\/wp-content\/uploads\/2019\/10\/IMG_9840-2-696x434.jpg 696w, https:\/\/jorgezanoni.com.br\/2019\/wp-content\/uploads\/2019\/10\/IMG_9840-2-674x420.jpg 674w\" sizes=\"auto, (max-width: 900px) 100vw, 900px\" \/><\/p>\n<p style=\"text-align: justify;\">Por volta das 19 Hs desta ter\u00e7a-feira (29), aconteceu um acidente de tr\u00e2nsito com v\u00edtima na esquina da avenida Jos\u00e9 Bonif\u00e1cio com a rua M\u00e9xico, proximidades do trevo da Santa, em Dracena<\/p>\n<p><img loading=\"lazy\" decoding=\"async\" class=\"alignnone size-full wp-image-9919\" src=\"https:\/\/jorgezanoni.com.br\/2019\/wp-content\/uploads\/2019\/10\/IMG_9842-2.jpg\" alt=\"\" width=\"900\" height=\"698\" srcset=\"https:\/\/jorgezanoni.com.br\/2019\/wp-content\/uploads\/2019\/10\/IMG_9842-2.jpg 900w, https:\/\/jorgezanoni.com.br\/2019\/wp-content\/uploads\/2019\/10\/IMG_9842-2-300x233.jpg 300w, https:\/\/jorgezanoni.com.br\/2019\/wp-content\/uploads\/2019\/10\/IMG_9842-2-768x596.jpg 768w, https:\/\/jorgezanoni.com.br\/2019\/wp-content\/uploads\/2019\/10\/IMG_9842-2-696x540.jpg 696w, https:\/\/jorgezanoni.com.br\/2019\/wp-content\/uploads\/2019\/10\/IMG_9842-2-542x420.jpg 542w\" sizes=\"auto, (max-width: 900px) 100vw, 900px\" \/><\/p>\n<p style=\"text-align: justify;\">Segundo informa\u00e7\u00f5es obtidas no local pela reportagem do Site JZ, um ve\u00edculo Volkswagem Saveiro placas de Dracena que fazia o sentido trevo ao centro da cidade pela avenida Jos\u00e9 Bonif\u00e1cio, foi virar \u00e0 direita, quando uma motocicleta placa de Nova Guataporanga conduzida por um jovem que fazia o mesmo sentido, estava realizando ultrapassagem pela direita, momento que houve a colis\u00e3o.<\/p>\n<p><img loading=\"lazy\" decoding=\"async\" class=\"alignnone size-full wp-image-9920\" src=\"https:\/\/jorgezanoni.com.br\/2019\/wp-content\/uploads\/2019\/10\/IMG_9843.jpg\" alt=\"\" width=\"900\" height=\"675\" srcset=\"https:\/\/jorgezanoni.com.br\/2019\/wp-content\/uploads\/2019\/10\/IMG_9843.jpg 900w, https:\/\/jorgezanoni.com.br\/2019\/wp-content\/uploads\/2019\/10\/IMG_9843-300x225.jpg 300w, https:\/\/jorgezanoni.com.br\/2019\/wp-content\/uploads\/2019\/10\/IMG_9843-768x576.jpg 768w, https:\/\/jorgezanoni.com.br\/2019\/wp-content\/uploads\/2019\/10\/IMG_9843-80x60.jpg 80w, https:\/\/jorgezanoni.com.br\/2019\/wp-content\/uploads\/2019\/10\/IMG_9843-265x198.jpg 265w, https:\/\/jorgezanoni.com.br\/2019\/wp-content\/uploads\/2019\/10\/IMG_9843-696x522.jpg 696w, https:\/\/jorgezanoni.com.br\/2019\/wp-content\/uploads\/2019\/10\/IMG_9843-560x420.jpg 560w\" sizes=\"auto, (max-width: 900px) 100vw, 900px\" \/><\/p>\n<p style=\"text-align: justify;\">O rapaz foi socorrido com ferimentos por uma Unidade de Resgate do Corpo de Bombeiros ao Pronto Atendimento Municipal.<\/p>\n<p><img loading=\"lazy\" decoding=\"async\" class=\"alignnone size-full wp-image-9921\" src=\"https:\/\/jorgezanoni.com.br\/2019\/wp-content\/uploads\/2019\/10\/IMG_9845-2.jpg\" alt=\"\" width=\"900\" height=\"611\" srcset=\"https:\/\/jorgezanoni.com.br\/2019\/wp-content\/uploads\/2019\/10\/IMG_9845-2.jpg 900w, https:\/\/jorgezanoni.com.br\/2019\/wp-content\/uploads\/2019\/10\/IMG_9845-2-300x204.jpg 300w, https:\/\/jorgezanoni.com.br\/2019\/wp-content\/uploads\/2019\/10\/IMG_9845-2-768x521.jpg 768w, https:\/\/jorgezanoni.com.br\/2019\/wp-content\/uploads\/2019\/10\/IMG_9845-2-696x473.jpg 696w, https:\/\/jorgezanoni.com.br\/2019\/wp-content\/uploads\/2019\/10\/IMG_9845-2-619x420.jpg 619w\" sizes=\"auto, (max-width: 900px) 100vw, 900px\" \/><\/p>\n<p style=\"text-align: justify;\">A Pol\u00edcia T\u00e9cnica tamb\u00e9m estava sendo aguardada para elabora\u00e7\u00e3o do relat\u00f3rio que ir\u00e1 apontar as reais causas do acidente.<\/p>\n<p style=\"text-align: justify;\">Jorge Zanoni<\/p>\n","protected":false},"excerpt":{"rendered":"<p>O fato curioso \u00e9 que mesmo sendo per\u00edmetro urbano, a Pol\u00edcia Militar apenas preservava o local, pois o mesmo pertence \u00e0 Pol\u00edcia Militar Rodovi\u00e1ria que tem que vir de Adamantina para registrar a ocorr\u00eancia. Por volta das 19 Hs desta ter\u00e7a-feira (29), aconteceu um acidente de tr\u00e2nsito com v\u00edtima na esquina da avenida Jos\u00e9 Bonif\u00e1cio [&hellip;]<\/p>\n","protected":false},"author":1,"featured_media":9922,"comment_status":"closed","ping_status":"open","sticky":false,"template":"","format":"standard","meta":{"footnotes":""},"categories":[170,110],"tags":[],"class_list":["post-9916","post","type-post","status-publish","format-standard","has-post-thumbnail","hentry","category-acidentes","category-noticiasdestaque"],"_links":{"self":[{"href":"https:\/\/jorgezanoni.com.br\/2019\/wp-json\/wp\/v2\/posts\/9916","targetHints":{"allow":["GET"]}}],"collection":[{"href":"https:\/\/jorgezanoni.com.br\/2019\/wp-json\/wp\/v2\/posts"}],"about":[{"href":"https:\/\/jorgezanoni.com.br\/2019\/wp-json\/wp\/v2\/types\/post"}],"author":[{"embeddable":true,"href":"https:\/\/jorgezanoni.com.br\/2019\/wp-json\/wp\/v2\/users\/1"}],"replies":[{"embeddable":true,"href":"https:\/\/jorgezanoni.com.br\/2019\/wp-json\/wp\/v2\/comments?post=9916"}],"version-history":[{"count":0,"href":"https:\/\/jorgezanoni.com.br\/2019\/wp-json\/wp\/v2\/posts\/9916\/revisions"}],"wp:featuredmedia":[{"embeddable":true,"href":"https:\/\/jorgezanoni.com.br\/2019\/wp-json\/wp\/v2\/media\/9922"}],"wp:attachment":[{"href":"https:\/\/jorgezanoni.com.br\/2019\/wp-json\/wp\/v2\/media?parent=9916"}],"wp:term":[{"taxonomy":"category","embeddable":true,"href":"https:\/\/jorgezanoni.com.br\/2019\/wp-json\/wp\/v2\/categories?post=9916"},{"taxonomy":"post_tag","embeddable":true,"href":"https:\/\/jorgezanoni.com.br\/2019\/wp-json\/wp\/v2\/tags?post=9916"}],"curies":[{"name":"wp","href":"https:\/\/api.w.org\/{rel}","templated":true}]}}