{"id":99130,"date":"2025-10-29T20:47:54","date_gmt":"2025-10-29T20:47:54","guid":{"rendered":"https:\/\/jorgezanoni.com.br\/2019\/?p=99130"},"modified":"2025-10-30T21:24:47","modified_gmt":"2025-10-30T21:24:47","slug":"no-ano-internacional-das-cooperativas-sicredi-centro-oeste-paulista-comemora-25-anos","status":"publish","type":"post","link":"https:\/\/jorgezanoni.com.br\/2019\/no-ano-internacional-das-cooperativas-sicredi-centro-oeste-paulista-comemora-25-anos\/","title":{"rendered":"No Ano Internacional das Cooperativas, Sicredi Centro Oeste Paulista comemora 25 anos"},"content":{"rendered":"<p style=\"text-align: justify;\"><strong>A hist\u00f3ria do Sicredi come\u00e7ou em 28 de dezembro de 1902 com a funda\u00e7\u00e3o da primeira cooperativa de cr\u00e9dito da Am\u00e9rica Latina, a Caixa Rural de Nova Petr\u00f3polis (RS), idealizada pelo padre su\u00ed\u00e7o Theodor Amstad. Com o tempo, a cooperativa cresceu e se uniu a outras para formar centrais regionais, o que impulsionou sua expans\u00e3o pelo Brasil e a consolidou como a pioneira do cooperativismo de cr\u00e9dito no pa\u00eds.<span class=\"pjBG2e\" data-cid=\"6e4cd854-40d9-414c-8307-72a93f00a661\"><span class=\"UV3uM\">\u00a0<\/span><\/span><\/strong><\/p>\n<p><img loading=\"lazy\" decoding=\"async\" class=\"alignnone size-full wp-image-99165\" src=\"https:\/\/jorgezanoni.com.br\/2019\/wp-content\/uploads\/2025\/10\/melhor-imagem-Pequeno.jpeg\" alt=\"\" width=\"854\" height=\"342\" srcset=\"https:\/\/jorgezanoni.com.br\/2019\/wp-content\/uploads\/2025\/10\/melhor-imagem-Pequeno.jpeg 854w, https:\/\/jorgezanoni.com.br\/2019\/wp-content\/uploads\/2025\/10\/melhor-imagem-Pequeno-300x120.jpeg 300w, https:\/\/jorgezanoni.com.br\/2019\/wp-content\/uploads\/2025\/10\/melhor-imagem-Pequeno-768x308.jpeg 768w, https:\/\/jorgezanoni.com.br\/2019\/wp-content\/uploads\/2025\/10\/melhor-imagem-Pequeno-696x279.jpeg 696w\" sizes=\"auto, (max-width: 854px) 100vw, 854px\" \/> (imagem Sicredi cedida)<\/p>\n<p style=\"text-align: justify;\">A ONU (Organiza\u00e7\u00e3o das Nac\u00f5es Unidas), declarou 2025 como o &#8220;Ano Internacional das Cooperativas&#8221; tendo como tema &#8220;Cooperativas constroem um mundo melhor&#8221;<\/p>\n<p style=\"text-align: justify;\">O papel fundamental das cooperativas no desenvolvimento sustent\u00e1vel, visa o enfrentamento de desafios globais como a pobreza, a fome e a inclus\u00e3o social, buscando sempre aumentar o fundamental papel e import\u00e2ncia dessas organiza\u00e7\u00f5es e promover o crescimento e lideran\u00e7a.<\/p>\n<p style=\"text-align: justify;\">O compromisso das cooperativas \u00e9 destacar e celebrar o crescimento econ\u00f4mico e social apoindo o avan\u00e7o do objetivo de desenvolvimento sustent\u00e1vel da ONU. Atrav\u00e9s do COPAC (Comit\u00ea para a Promo\u00e7\u00e3o e Avan\u00e7o das Cooperativas), \u00e9 realizada a parceria entre a Alian\u00e7a Cooperativa Internacional e ag\u00eancias da ONU.<\/p>\n<p style=\"text-align: justify;\">Durante todo esse ano est\u00e1 sendo realizado um trabalho de informa\u00e7\u00f5es para o engajamento de cooperativas e comunidades atrav\u00e9s de eventos diversos.<\/p>\n<p style=\"text-align: justify;\">Como pr\u00eamio justamente no Ano Internacional das Cooperativas, a Sicredi Centro Oeste Paulista celebra seus 25 anos em 2025 com um programa de comemora\u00e7\u00e3o que inclui campanhas e pr\u00eamios para associados, como sorteios diversos e o lan\u00e7amento do Pr\u00eamio Conex\u00f5es, fortalecendo o cooperatismo na regi\u00e3o.<\/p>\n<p style=\"text-align: justify;\">As comemora\u00e7\u00f5es tem como base a import\u00e3ncia do cooperativismo para o desenvolvimento social e econ\u00f4mico, valorizando a participa\u00e7\u00e3o das comunidades e a hist\u00f3ria constru\u00edda pela cooperativa.<\/p>\n<p style=\"text-align: justify;\">A Sicredi busca sempre em primeiro lugar, valorizar os associados, com uma campanha direcionada para os atuais e futuros, sempre sorteando, premiando e valorizando cada dia mais o cooperativismo.<\/p>\n<p style=\"text-align: justify;\">Durante todo o ano s\u00e3o oferecidos diversos pr\u00eamios aos cooperados, inclusive a conhecida Poupan\u00e7a Premida, como forma de incentivo e agradecimento pela confian\u00e7a depositada.<\/p>\n<p style=\"text-align: justify;\">A Sicredi Centro Oeste Paulista \u00e9 uma cooperativa de cr\u00e9dito que atua em 84 munic\u00edpios do estado de S\u00e3o Paulo, atendendo mais de 65 mil associados em 23 ag\u00eancias e conta com mais de 321 colaboradores. Possui sede em Mar\u00edlia\/SP, sendo classificada como Cooperativa de Cr\u00e9dito.<span class=\"uJ19be notranslate\" data-wiz-uids=\"dCl6vf_a,dCl6vf_b\"><span class=\"vKEkVd\" data-animation-atomic=\"\">\u00a0<\/span><\/span><\/p>\n<p><img loading=\"lazy\" decoding=\"async\" class=\"alignnone size-full wp-image-99198\" src=\"https:\/\/jorgezanoni.com.br\/2019\/wp-content\/uploads\/2025\/10\/sicredi-1-Pequeno.jpg\" alt=\"\" width=\"640\" height=\"480\" srcset=\"https:\/\/jorgezanoni.com.br\/2019\/wp-content\/uploads\/2025\/10\/sicredi-1-Pequeno.jpg 640w, https:\/\/jorgezanoni.com.br\/2019\/wp-content\/uploads\/2025\/10\/sicredi-1-Pequeno-300x225.jpg 300w, https:\/\/jorgezanoni.com.br\/2019\/wp-content\/uploads\/2025\/10\/sicredi-1-Pequeno-80x60.jpg 80w, https:\/\/jorgezanoni.com.br\/2019\/wp-content\/uploads\/2025\/10\/sicredi-1-Pequeno-265x198.jpg 265w, https:\/\/jorgezanoni.com.br\/2019\/wp-content\/uploads\/2025\/10\/sicredi-1-Pequeno-560x420.jpg 560w\" sizes=\"auto, (max-width: 640px) 100vw, 640px\" \/> <img loading=\"lazy\" decoding=\"async\" class=\"alignnone size-full wp-image-99199\" src=\"https:\/\/jorgezanoni.com.br\/2019\/wp-content\/uploads\/2025\/10\/sicredi-1-2-Pequeno.jpg\" alt=\"\" width=\"323\" height=\"242\" srcset=\"https:\/\/jorgezanoni.com.br\/2019\/wp-content\/uploads\/2025\/10\/sicredi-1-2-Pequeno.jpg 323w, https:\/\/jorgezanoni.com.br\/2019\/wp-content\/uploads\/2025\/10\/sicredi-1-2-Pequeno-300x225.jpg 300w, https:\/\/jorgezanoni.com.br\/2019\/wp-content\/uploads\/2025\/10\/sicredi-1-2-Pequeno-80x60.jpg 80w, https:\/\/jorgezanoni.com.br\/2019\/wp-content\/uploads\/2025\/10\/sicredi-1-2-Pequeno-265x198.jpg 265w\" sizes=\"auto, (max-width: 323px) 100vw, 323px\" \/>(Fotos Gustavo Oliveira<\/p>\n<p style=\"text-align: justify;\">E n\u00e3o para por ai, esta \u00e9 a constru\u00e7\u00e3o da moderna ag\u00eancia da cidade de Junqueir\u00f3polis, localizada na Avenida Bandeirantes,\u00a0 pr\u00f3ximo da Pra\u00e7a \u00c1lvaro Oliveira Junqueira, que estar\u00e1 sendo inaugurada em breve.<\/p>\n<p style=\"text-align: justify;\">A Cooperativa Sicredi Centro Oeste Paulista foi fundada em 5 de novembro de 2016 pela fus\u00e3o das cooperativas Sicredi Centro Oeste (Mar\u00edlia), Sicredi Centro Paulista (Bauru) e Sicredi Nova Alta Paulista (Dracena).<span class=\"uJ19be notranslate\" data-wiz-uids=\"ivLwdd_b,ivLwdd_c\"><span class=\"vKEkVd\" data-animation-atomic=\"\">\u00a0<\/span><\/span><\/p>\n<p style=\"text-align: justify;\">\u00c9 uma institui\u00e7\u00e3o financeira cooperativa comprometida com o crescimento de seus associados e com o desenvolvimento das regi\u00f5es onde atua. Possui um modelo de gest\u00e3o que valoriza a participa\u00e7\u00e3o de aproximadamente 10 milh\u00f5es de associados, que exercem o papel de donos do neg\u00f3cio. Com mais de 3.000 ag\u00eancias, a Sicredi est\u00e1 presente f\u00edsicamente em todos os estados brasileiros e no Distr\u00edto Federal, disponibilizando uma gama completa de solu\u00e7\u00f5es financeiras e n\u00e3o financeiras.<\/p>\n<p style=\"text-align: justify;\">Em outubro de 2025, foi reconhecida pelo segundo ano consecutivo como a Melhor Empresa para Trabalhar no Brasil, conforme o ranking do <em>Great Place To Work\u00ae<\/em> (GPTW) 2025. Pela terceira vez a institui\u00e7\u00e3o figura neste seleto grupo, o que comprova a consist\u00eancia de suas estrat\u00e9gias para os colaboradores e reitera que a cooperativa est\u00e1 no caminho certo.<\/p>\n<p style=\"text-align: justify;\">O grande diferencial Sicredi \u00e9 que enquanto muitas institui\u00e7\u00f5es financeiras est\u00e3o encerrando suas atividades f\u00edsicas principalmente por custo dos colaboradores, \u00e9 neles que s\u00e3o feitos grandes investimentos. Com certeza \u00e9 unanimidade qualquer associado que for consultado dizer em alto e bom tom que o contato f\u00edsico e bom atendimento, \u00e9 muito mais especial e eficaz, que estar lidando com m\u00e1quinas e grava\u00e7\u00f5es que na grande maioria das vezes n\u00e3o atende as necessidades.<\/p>\n<p>&#8220;A gente cuida muito bem do seu dinheiro, e melhor de voc\u00ea&#8221;.<\/p>\n<p style=\"text-align: justify;\">&#8220;O pr\u00f3ximo grande salto evolutivo da humanidade ser\u00e1 a descoberta de que cooperar \u00e9 melhor que competir&#8221; (Pietro Ubaldi, fil\u00f3sofo e escritor)<\/p>\n<p>Conhe\u00e7a um pouco mais dessa Cooperativa em <b><i><a href=\"http:\/\/www.sicredi.com.br\/\" target=\"_blank\" rel=\"noopener noreferrer\">www.sicredi.com.br<\/a><\/i><\/b><\/p>\n<p><img loading=\"lazy\" decoding=\"async\" class=\"alignnone size-full wp-image-99163\" src=\"https:\/\/jorgezanoni.com.br\/2019\/wp-content\/uploads\/2025\/10\/Coopetaiva-dia-do-cooperado-Pequeno.jpg\" alt=\"\" width=\"480\" height=\"480\" srcset=\"https:\/\/jorgezanoni.com.br\/2019\/wp-content\/uploads\/2025\/10\/Coopetaiva-dia-do-cooperado-Pequeno.jpg 480w, https:\/\/jorgezanoni.com.br\/2019\/wp-content\/uploads\/2025\/10\/Coopetaiva-dia-do-cooperado-Pequeno-300x300.jpg 300w, https:\/\/jorgezanoni.com.br\/2019\/wp-content\/uploads\/2025\/10\/Coopetaiva-dia-do-cooperado-Pequeno-150x150.jpg 150w, https:\/\/jorgezanoni.com.br\/2019\/wp-content\/uploads\/2025\/10\/Coopetaiva-dia-do-cooperado-Pequeno-420x420.jpg 420w\" sizes=\"auto, (max-width: 480px) 100vw, 480px\" \/>(imagem Sicredi cedida)<\/p>\n<p><strong>O QUE \u00c9 O COOPERATISMO:<\/strong><\/p>\n<div class=\"Y3BBE\" style=\"text-align: justify;\" data-sfc-cp=\"\" data-hveid=\"CAAIABAC\">Cooperativismo \u00e9 um modelo econ\u00f4mico e social que une pessoas com interesses comuns para trabalharem juntas em uma cooperativa, onde todos s\u00e3o donos e tomam decis\u00f5es de forma democr\u00e1tica. O foco est\u00e1 no benef\u00edcio coletivo, e n\u00e3o no lucro dos acionistas, promovendo o desenvolvimento sustent\u00e1vel e a distribui\u00e7\u00e3o de resultados entre os membros.<span class=\"uJ19be notranslate\" data-wiz-uids=\"qKM5Nb_8,qKM5Nb_9\"><span class=\"vKEkVd\" data-animation-atomic=\"\"> Maiores exemplos s\u00e3o as Assembl\u00e9ias presencias realizadas com os associados todos os anos presencialmente.\u00a0<\/span><\/span><\/div>\n<ul class=\"KsbFXc U6u95\" style=\"text-align: justify;\">\n<li style=\"list-style-type: none;\">\n<ul class=\"KsbFXc U6u95\">\n<li data-hveid=\"CAAIABAG\"><span class=\"T286Pc\" data-sfc-cp=\"\"><strong class=\"Yjhzub\">Modelo de organiza\u00e7\u00e3o<\/strong>: \u00c9 um sistema onde indiv\u00edduos se unem voluntariamente para atender \u00e0s suas necessidades e aspira\u00e7\u00f5es comuns, como a Sicredi.\u00a0<\/span><\/li>\n<li data-hveid=\"CAAIABAK\"><span class=\"T286Pc\" data-sfc-cp=\"\"><strong class=\"Yjhzub\">Propriedade e controle<\/strong>: Os pr\u00f3prios membros s\u00e3o os donos da cooperativa e participam das decis\u00f5es de forma democr\u00e1tica. Cada membro tem um voto, independentemente de sua participa\u00e7\u00e3o no capital.<\/span><\/li>\n<li data-hveid=\"CAAIABAL\"><span class=\"T286Pc\" data-sfc-cp=\"\"><strong class=\"Yjhzub\">Benef\u00edcios<\/strong>: Os resultados financeiros s\u00e3o distribu\u00eddos de maneira justa entre os associados ou reinvestidos no benef\u00edcio do grupo, substituindo a rela\u00e7\u00e3o de emprego-sal\u00e1rio pela de trabalho-renda<span id=\"iNG0BaaWxNu_V5OUP5LyTwAo_1\">.\u00a0 \u00a0 \u00a0 \u00a0 \u00a0 \u00a0 \u00a0 \u00a0 \u00a0 \u00a0 \u00a0 \u00a0 \u00a0 \u00a0 \u00a0 \u00a0 \u00a0 \u00a0 \u00a0 \u00a0 \u00a0 \u00a0 \u00a0 \u00a0 \u00a0 \u00a0 \u00a0 \u00a0<\/span><\/span><\/li>\n<li data-hveid=\"CAAIABAL\"><span class=\"T286Pc\" data-sfc-cp=\"\"><strong class=\"Yjhzub\">Objetivo<\/strong>: O cooperativismo busca o desenvolvimento econ\u00f4mico e social da comunidade, dos associados e a promo\u00e7\u00e3o do bem-estar coletivo.\u00a0<\/span><\/li>\n<li data-hveid=\"CAAIABAL\"><span class=\"T286Pc\" data-sfc-cp=\"\"><strong class=\"Yjhzub\">Intercoopera\u00e7\u00e3o<\/strong>: \u00c9 a colabora\u00e7\u00e3o entre diferentes cooperativas para fortalecer o movimento como um todo.<\/span><span class=\"uJ19be notranslate\" data-wiz-uids=\"qKM5Nb_w,qKM5Nb_x\"><span class=\"vKEkVd\" data-animation-atomic=\"\">\u00a0<\/span><\/span><\/li>\n<\/ul>\n<\/li>\n<\/ul>\n<p style=\"text-align: justify;\"><img loading=\"lazy\" decoding=\"async\" class=\"alignnone size-full wp-image-99167\" src=\"https:\/\/jorgezanoni.com.br\/2019\/wp-content\/uploads\/2025\/10\/agencia-Pequeno.jpg\" alt=\"\" width=\"725\" height=\"480\" srcset=\"https:\/\/jorgezanoni.com.br\/2019\/wp-content\/uploads\/2025\/10\/agencia-Pequeno.jpg 725w, https:\/\/jorgezanoni.com.br\/2019\/wp-content\/uploads\/2025\/10\/agencia-Pequeno-300x199.jpg 300w, https:\/\/jorgezanoni.com.br\/2019\/wp-content\/uploads\/2025\/10\/agencia-Pequeno-696x461.jpg 696w, https:\/\/jorgezanoni.com.br\/2019\/wp-content\/uploads\/2025\/10\/agencia-Pequeno-634x420.jpg 634w\" sizes=\"auto, (max-width: 725px) 100vw, 725px\" \/>Local onde tudo come\u00e7ou com a Caixa Rural em 1902, hoje a moderna e atual ag\u00eancia Sicredi em Nova Petr\u00f3polis RS. (Este rep\u00f3rter teve o prazer de conhecer &#8220;in loco&#8221; em outubro de 2023, no Encontro Nacional com Jornalistas e Formadores de Opini\u00e3o)<\/p>\n<p style=\"text-align: justify;\">CAPA: Imagem da moderna ag\u00eancia Sicredi em Dracena, inaugurada dia 21 de novembro de 2023 na Rua Monte Castelo esquina com Rua Maracaj\u00fa. (Foto Jorge Zanoni)<\/p>\n<p>Jorge Zanoni<\/p>\n","protected":false},"excerpt":{"rendered":"<p>A hist\u00f3ria do Sicredi come\u00e7ou em 28 de dezembro de 1902 com a funda\u00e7\u00e3o da primeira cooperativa de cr\u00e9dito da Am\u00e9rica Latina, a Caixa Rural de Nova Petr\u00f3polis (RS), idealizada pelo padre su\u00ed\u00e7o Theodor Amstad. Com o tempo, a cooperativa cresceu e se uniu a outras para formar centrais regionais, o que impulsionou sua expans\u00e3o [&hellip;]<\/p>\n","protected":false},"author":1,"featured_media":99158,"comment_status":"closed","ping_status":"open","sticky":false,"template":"","format":"standard","meta":{"footnotes":""},"categories":[110,116],"tags":[],"class_list":["post-99130","post","type-post","status-publish","format-standard","has-post-thumbnail","hentry","category-noticiasdestaque","category-politicaeeconomia"],"_links":{"self":[{"href":"https:\/\/jorgezanoni.com.br\/2019\/wp-json\/wp\/v2\/posts\/99130","targetHints":{"allow":["GET"]}}],"collection":[{"href":"https:\/\/jorgezanoni.com.br\/2019\/wp-json\/wp\/v2\/posts"}],"about":[{"href":"https:\/\/jorgezanoni.com.br\/2019\/wp-json\/wp\/v2\/types\/post"}],"author":[{"embeddable":true,"href":"https:\/\/jorgezanoni.com.br\/2019\/wp-json\/wp\/v2\/users\/1"}],"replies":[{"embeddable":true,"href":"https:\/\/jorgezanoni.com.br\/2019\/wp-json\/wp\/v2\/comments?post=99130"}],"version-history":[{"count":9,"href":"https:\/\/jorgezanoni.com.br\/2019\/wp-json\/wp\/v2\/posts\/99130\/revisions"}],"predecessor-version":[{"id":99200,"href":"https:\/\/jorgezanoni.com.br\/2019\/wp-json\/wp\/v2\/posts\/99130\/revisions\/99200"}],"wp:featuredmedia":[{"embeddable":true,"href":"https:\/\/jorgezanoni.com.br\/2019\/wp-json\/wp\/v2\/media\/99158"}],"wp:attachment":[{"href":"https:\/\/jorgezanoni.com.br\/2019\/wp-json\/wp\/v2\/media?parent=99130"}],"wp:term":[{"taxonomy":"category","embeddable":true,"href":"https:\/\/jorgezanoni.com.br\/2019\/wp-json\/wp\/v2\/categories?post=99130"},{"taxonomy":"post_tag","embeddable":true,"href":"https:\/\/jorgezanoni.com.br\/2019\/wp-json\/wp\/v2\/tags?post=99130"}],"curies":[{"name":"wp","href":"https:\/\/api.w.org\/{rel}","templated":true}]}}