{"id":9913,"date":"2019-10-29T21:39:53","date_gmt":"2019-10-29T21:39:53","guid":{"rendered":"https:\/\/jorgezanoni.com.br\/2019\/?p=9913"},"modified":"2019-10-29T21:39:53","modified_gmt":"2019-10-29T21:39:53","slug":"xv-semana-nacional-do-livro-e-da-biblioteca-da-fcat-unesp-dracena","status":"publish","type":"post","link":"https:\/\/jorgezanoni.com.br\/2019\/xv-semana-nacional-do-livro-e-da-biblioteca-da-fcat-unesp-dracena\/","title":{"rendered":"XV Semana Nacional do Livro e da Biblioteca da FCAT\/UNESP Dracena"},"content":{"rendered":"<p><strong>Semana de A\u00e7\u00e3o Cultural ocorrer\u00e1 simultaneamente.<\/strong><\/p>\n<p style=\"text-align: justify;\">A Biblioteca da Faculdade de Ci\u00eancias Agr\u00e1rias e Tecnol\u00f3gicas abrir\u00e1 suas portas para todos\u00a0 participarem da Semana Nacional do Livro e da Biblioteca, que neste ano chega a sua 15\u00aa edi\u00e7\u00e3o na Unesp de Dracena e ser\u00e1 realizada entre 29 de outubro e 02 de novembro.<\/p>\n<p style=\"text-align: justify;\">Em conjunto com a Semana de A\u00e7\u00e3o Cultural, a Semana Nacional do Livro e da Biblioteca prev\u00ea apresenta\u00e7\u00f5es art\u00edsticas,\u00a0 culturais, palestras t\u00e9cnicas e atividades l\u00fadicas nas depend\u00eancias da biblioteca da FCAT, al\u00e9m da presen\u00e7a da Livraria M\u00f3vel da Editora Unesp, que ficar\u00e1 na pra\u00e7a Arthur Pagnozzi entre os dias 28 de outubro e 02 de novembro.<\/p>\n<p style=\"text-align: justify;\">A Livraria Unesp M\u00f3vel marca presen\u00e7a na cidade de Dracena, de 28 de outubro a 2 de novembro. Na ocasi\u00e3o, a livraria itinerante oferecer\u00e1 30% de desconto nos livros da Editora Unesp e 10% nos das demais editoras.\u00a0As compras at\u00e9 R$ 50 podem ser parceladas em at\u00e9 duas vezes e, para valores acima, em at\u00e9 tr\u00eas vezes.<\/p>\n<p style=\"text-align: justify;\">Os evento s\u00e3o organizados pelo Comit\u00ea de A\u00e7\u00e3o Cultural local, pela Biblioteca da FCAT e s\u00e3o apoiados pela dire\u00e7\u00e3o da FCAT e pelo N\u00facleos de Movimento, Inclus\u00e3o e Sa\u00fade (NUMIS), atrav\u00e9s do Conv\u00eanio Unesp\/Santander.<\/p>\n<p style=\"text-align: justify;\">Abaixo \u00e9 poss\u00edvel conferir toda a programa\u00e7\u00e3o do evento:<\/p>\n<p style=\"text-align: justify;\"><strong>Livraria M\u00f3vel da Editora Unesp<\/strong><\/p>\n<p style=\"text-align: justify;\">Per\u00edodo: 28\/10 a 02\/11<\/p>\n<p style=\"text-align: justify;\">Local: Pra\u00e7a Arthur Pagnozzi<\/p>\n<p style=\"text-align: justify;\">Hor\u00e1rio: Diariamente a partir das 10h<\/p>\n<p style=\"text-align: justify;\"><strong>Coral FCAT<\/strong><\/p>\n<p style=\"text-align: justify;\">Data: 30\/10<\/p>\n<p style=\"text-align: justify;\">Hor\u00e1rio: 15h30min &#8211; 16h<\/p>\n<p style=\"text-align: justify;\">Local: Audit\u00f3rio &#8220;Gabriel Jos\u00e9 Delgado Martins&#8221;<\/p>\n<p style=\"text-align: justify;\"><strong>Jogos de tabuleiro, quebra-cabe\u00e7a e videogame<\/strong><\/p>\n<p style=\"text-align: justify;\">Per\u00edodo: 29\/10 a 01\/11<\/p>\n<p style=\"text-align: justify;\">Local: Hall da Biblioteca<\/p>\n<p style=\"text-align: justify;\">Hor\u00e1rio: 8h &#8211; 18h30min<\/p>\n<p style=\"text-align: justify;\"><strong>Palestra: Atualiza\u00e7\u00e3o em Normas da ABNT<\/strong><\/p>\n<p style=\"text-align: justify;\">Data: 29\/10<\/p>\n<p style=\"text-align: justify;\">Hor\u00e1rio: 10h30min &#8211; 12h<\/p>\n<p style=\"text-align: justify;\">Local: Anfiteatro da Biblioteca<\/p>\n<p style=\"text-align: justify;\"><strong>Exposi\u00e7\u00e3o de fotos da Oficina de Fotografia<\/strong><\/p>\n<p style=\"text-align: justify;\">Per\u00edodo: 29\/10 a 01\/11<\/p>\n<p style=\"text-align: justify;\">Local: Hall da Biblioteca<\/p>\n<p style=\"text-align: justify;\">Hor\u00e1rio: 8h &#8211; 18h30min<\/p>\n<p style=\"text-align: justify;\"><strong>Oficina de Editor de Texto<\/strong><\/p>\n<p style=\"text-align: justify;\">Data: 30\/10<\/p>\n<p style=\"text-align: justify;\">Hor\u00e1rio: 16h &#8211; 18h<\/p>\n<p style=\"text-align: justify;\">Local: Anfiteatro da Biblioteca<\/p>\n<p style=\"text-align: justify;\"><strong>Ca\u00e7a ao tesouro<\/strong><\/p>\n<p style=\"text-align: justify;\">Per\u00edodo: 29\/10 a 01\/11<\/p>\n<p style=\"text-align: justify;\">Local: Hall da Biblioteca<\/p>\n<p style=\"text-align: justify;\">Hor\u00e1rio: 8h &#8211; 18h30min<\/p>\n<p style=\"text-align: justify;\"><strong>Sarau Musical<\/strong><\/p>\n<p style=\"text-align: justify;\">Data: 31\/10<\/p>\n<p style=\"text-align: justify;\">Hor\u00e1rio: 15h30min &#8211; 18h<\/p>\n<p style=\"text-align: justify;\">Local: Hall da biblioteca<\/p>\n<p style=\"text-align: justify;\"><strong>Exposi\u00e7\u00e3o de quadros dos artistas pl\u00e1sticos Jo\u00e3o Milton Lavoier e Renan Morcelli<\/strong><\/p>\n<p style=\"text-align: justify;\">Per\u00edodo: 29\/10 a 01\/11<\/p>\n<p style=\"text-align: justify;\">Local: Hall da Biblioteca<\/p>\n<p style=\"text-align: justify;\">Hor\u00e1rio: 8h &#8211; 18h30min<\/p>\n<p style=\"text-align: justify;\"><strong>Premia\u00e7\u00e3o para os usu\u00e1rios que mais emprestaram<\/strong><\/p>\n<p style=\"text-align: justify;\">Data: 31\/10<\/p>\n<p style=\"text-align: justify;\">Hor\u00e1rio: 17h &#8211; 18h<\/p>\n<p style=\"text-align: justify;\">Local: Hall da biblioteca<\/p>\n<p style=\"text-align: justify;\"><strong>Anistia de multas\u00a0<\/strong><\/p>\n<p style=\"text-align: justify;\">Per\u00edodo: 29\/10 a 01\/11<\/p>\n<p style=\"text-align: justify;\">Local: Balc\u00e3o de atendimento da biblioteca<\/p>\n<p style=\"text-align: justify;\">Hor\u00e1rio: 8h &#8211; 18h30min<\/p>\n<p style=\"text-align: justify;\"><strong>Gincana<\/strong><\/p>\n<p style=\"text-align: justify;\">Data: 01\/11<\/p>\n<p style=\"text-align: justify;\">Hor\u00e1rio: 09h30min &#8211; 12h<\/p>\n<p style=\"text-align: justify;\">Local: Em frente ao pr\u00e9dio da biblioteca<\/p>\n<p>&nbsp;<\/p>\n<p>&nbsp;<\/p>\n","protected":false},"excerpt":{"rendered":"<p>Semana de A\u00e7\u00e3o Cultural ocorrer\u00e1 simultaneamente. A Biblioteca da Faculdade de Ci\u00eancias Agr\u00e1rias e Tecnol\u00f3gicas abrir\u00e1 suas portas para todos\u00a0 participarem da Semana Nacional do Livro e da Biblioteca, que neste ano chega a sua 15\u00aa edi\u00e7\u00e3o na Unesp de Dracena e ser\u00e1 realizada entre 29 de outubro e 02 de novembro. Em conjunto com [&hellip;]<\/p>\n","protected":false},"author":1,"featured_media":9914,"comment_status":"closed","ping_status":"open","sticky":false,"template":"","format":"standard","meta":{"footnotes":""},"categories":[122],"tags":[],"class_list":["post-9913","post","type-post","status-publish","format-standard","has-post-thumbnail","hentry","category-saudeeducacaoeconcurso"],"_links":{"self":[{"href":"https:\/\/jorgezanoni.com.br\/2019\/wp-json\/wp\/v2\/posts\/9913","targetHints":{"allow":["GET"]}}],"collection":[{"href":"https:\/\/jorgezanoni.com.br\/2019\/wp-json\/wp\/v2\/posts"}],"about":[{"href":"https:\/\/jorgezanoni.com.br\/2019\/wp-json\/wp\/v2\/types\/post"}],"author":[{"embeddable":true,"href":"https:\/\/jorgezanoni.com.br\/2019\/wp-json\/wp\/v2\/users\/1"}],"replies":[{"embeddable":true,"href":"https:\/\/jorgezanoni.com.br\/2019\/wp-json\/wp\/v2\/comments?post=9913"}],"version-history":[{"count":0,"href":"https:\/\/jorgezanoni.com.br\/2019\/wp-json\/wp\/v2\/posts\/9913\/revisions"}],"wp:featuredmedia":[{"embeddable":true,"href":"https:\/\/jorgezanoni.com.br\/2019\/wp-json\/wp\/v2\/media\/9914"}],"wp:attachment":[{"href":"https:\/\/jorgezanoni.com.br\/2019\/wp-json\/wp\/v2\/media?parent=9913"}],"wp:term":[{"taxonomy":"category","embeddable":true,"href":"https:\/\/jorgezanoni.com.br\/2019\/wp-json\/wp\/v2\/categories?post=9913"},{"taxonomy":"post_tag","embeddable":true,"href":"https:\/\/jorgezanoni.com.br\/2019\/wp-json\/wp\/v2\/tags?post=9913"}],"curies":[{"name":"wp","href":"https:\/\/api.w.org\/{rel}","templated":true}]}}