{"id":99127,"date":"2025-10-28T23:58:46","date_gmt":"2025-10-28T23:58:46","guid":{"rendered":"https:\/\/jorgezanoni.com.br\/2019\/?p=99127"},"modified":"2025-10-28T23:58:46","modified_gmt":"2025-10-28T23:58:46","slug":"supertramp-essas-musicas-do-supertramp-marcaram-a-minha-vida-e-da-minha-geracao-eduardo-por-sergio-barbosa","status":"publish","type":"post","link":"https:\/\/jorgezanoni.com.br\/2019\/supertramp-essas-musicas-do-supertramp-marcaram-a-minha-vida-e-da-minha-geracao-eduardo-por-sergio-barbosa\/","title":{"rendered":"SUPERTRAMP: \u201cEssas m\u00fasicas do Supertramp marcaram a minha vida e da minha gera\u00e7\u00e3o.\u201d (Eduardo) (por S\u00e9rgio Barbosa)"},"content":{"rendered":"<p style=\"text-align: justify;\"><strong>SUPERTRAMP: \u201cEssas m\u00fasicas do Supertramp marcaram a minha vida e da minha gera\u00e7\u00e3o.\u201d <\/strong><strong><em>(Eduardo)<\/em><\/strong><\/p>\n<p style=\"text-align: justify;\"><em>\u201dQuando eu era jovem\/Parecia que a vida era maravilhosa<br \/>\nUm milagre\/Ah era t\u00e3o bonita, m\u00e1gica\u201d (Supertramp in \u201cThe Logical Song\u201d)<\/em><\/p>\n<p style=\"text-align: justify;\"><strong>seb@r.<\/strong><\/p>\n<p style=\"text-align: justify;\"><strong><em>Ao Eduardo F., dedico!<\/em><\/strong><\/p>\n<p style=\"text-align: justify;\">Os anos voam como disse o poeta do outro tempo, por\u00e9m, depende sempre do tempo do tempo, ainda, todos\/as de um jeito ou de outro buscam o seu caminho que pode ser deste ou do outro lado do tempo&#8230;<\/p>\n<p style=\"text-align: justify;\">A d\u00e9cada de 70 proporcionou momentos marcantes em todas as \u00e1reas do conhecimento por meio das diversas descobertas cient\u00edficas e outras, tamb\u00e9m, na \u00e1rea cultural esteve mais do que atuante com um novo panorama musical que se apresenta para a M\u00fasica em n\u00edvel mundial&#8230;<\/p>\n<p style=\"text-align: justify;\">A banda inglesa SUPERTRAMP entra neste cen\u00e1rio do in\u00edcio dos anos 70 pra fazer a diferen\u00e7a para uma juventude que estava tentando se encontrar depois da d\u00e9cada anterior, todavia, sempre se pode reformular o que existe ou existiu no outro tempo do tempo&#8230;<\/p>\n<p style=\"text-align: justify;\">Foram anos que proporcionaram muitas descobertas para todos os lados no cen\u00e1rio musical, pois os diversos estilos naquele tempo estavam agitando as Bandas e o Mercado para muitos desencontros que estavam al\u00e9m do cotidiano&#8230;<\/p>\n<p style=\"text-align: justify;\">A forma\u00e7\u00e3o original do SUPERTRAMP que estiveram \u00e0 frente daqueles anos conflitantes para a sociedade inglesa em uma perspectiva global, apresentou os seguintes m\u00fasicos: RICK DAVIES (teclado), ROGER HUDGSON (baixo\/vocal), RICHARD PALMER (guitarra) e KEITH BAKER (percuss\u00e3o)&#8230;<\/p>\n<p style=\"text-align: justify;\">Do in\u00edcio para as d\u00e9cadas seguintes foram modeladas pelas trocas deste nome por aquele outro na forma\u00e7\u00e3o musical do SUPERTRAMP, todavia, a musicalidade e a performance do Grupo sempre esteve acima destas alterna\u00e7\u00f5es e a estrada era quase sempre a mesma&#8230;<\/p>\n<p style=\"text-align: justify;\">O horizonte para o SUPERTRAMP sempre estava ao alcance dos mesmos, basta rever a trajet\u00f3ria da Banda nestas cinco d\u00e9cadas de uma estrada com as media\u00e7\u00f5es do ROCK PROGRESSIVO, ROCK TRADICIONAL, POP e a ARTE ROCK&#8230;<\/p>\n<p style=\"text-align: justify;\">O \u00c1lbum BREAKFAST IN AM\u00c9RICA (1.979) comercializou mais de 20 milh\u00f5es de c\u00f3pias no mercado mundial, ainda, nestas cinco d\u00e9cadas de presen\u00e7a no Mercado, s\u00e3o mais de 60 milh\u00f5es de c\u00f3pias dos \u00c1lbuns disponibilizados e muitas apresenta\u00e7\u00f5es nos quatro cantos do Planeta Terra&#8230;<\/p>\n<p style=\"text-align: justify;\">As influ\u00eancias musicais s\u00e3o muitas para o SUPERTRAMP, transitando pelo BLUES, JAZZ, POP e o SOM PSICOD\u00c9LICO neste caminho que continua at\u00e9 os dias de hoje por meio do cl\u00e1ssico THE LOGICAL SONG&#8230;<\/p>\n<p>AVE RICK, ROGGER, RICHARD E KEITH (forma\u00e7\u00e3o original)!<\/p>\n<p><strong>e-mail: barbosa.sebar@gmail.com<\/strong><\/p>\n","protected":false},"excerpt":{"rendered":"<p>SUPERTRAMP: \u201cEssas m\u00fasicas do Supertramp marcaram a minha vida e da minha gera\u00e7\u00e3o.\u201d (Eduardo) \u201dQuando eu era jovem\/Parecia que a vida era maravilhosa Um milagre\/Ah era t\u00e3o bonita, m\u00e1gica\u201d (Supertramp in \u201cThe Logical Song\u201d) seb@r. Ao Eduardo F., dedico! Os anos voam como disse o poeta do outro tempo, por\u00e9m, depende sempre do tempo do [&hellip;]<\/p>\n","protected":false},"author":1,"featured_media":99128,"comment_status":"closed","ping_status":"open","sticky":false,"template":"","format":"standard","meta":{"footnotes":""},"categories":[175],"tags":[],"class_list":["post-99127","post","type-post","status-publish","format-standard","has-post-thumbnail","hentry","category-artigos"],"_links":{"self":[{"href":"https:\/\/jorgezanoni.com.br\/2019\/wp-json\/wp\/v2\/posts\/99127","targetHints":{"allow":["GET"]}}],"collection":[{"href":"https:\/\/jorgezanoni.com.br\/2019\/wp-json\/wp\/v2\/posts"}],"about":[{"href":"https:\/\/jorgezanoni.com.br\/2019\/wp-json\/wp\/v2\/types\/post"}],"author":[{"embeddable":true,"href":"https:\/\/jorgezanoni.com.br\/2019\/wp-json\/wp\/v2\/users\/1"}],"replies":[{"embeddable":true,"href":"https:\/\/jorgezanoni.com.br\/2019\/wp-json\/wp\/v2\/comments?post=99127"}],"version-history":[{"count":1,"href":"https:\/\/jorgezanoni.com.br\/2019\/wp-json\/wp\/v2\/posts\/99127\/revisions"}],"predecessor-version":[{"id":99129,"href":"https:\/\/jorgezanoni.com.br\/2019\/wp-json\/wp\/v2\/posts\/99127\/revisions\/99129"}],"wp:featuredmedia":[{"embeddable":true,"href":"https:\/\/jorgezanoni.com.br\/2019\/wp-json\/wp\/v2\/media\/99128"}],"wp:attachment":[{"href":"https:\/\/jorgezanoni.com.br\/2019\/wp-json\/wp\/v2\/media?parent=99127"}],"wp:term":[{"taxonomy":"category","embeddable":true,"href":"https:\/\/jorgezanoni.com.br\/2019\/wp-json\/wp\/v2\/categories?post=99127"},{"taxonomy":"post_tag","embeddable":true,"href":"https:\/\/jorgezanoni.com.br\/2019\/wp-json\/wp\/v2\/tags?post=99127"}],"curies":[{"name":"wp","href":"https:\/\/api.w.org\/{rel}","templated":true}]}}