{"id":9899,"date":"2019-10-29T16:00:16","date_gmt":"2019-10-29T16:00:16","guid":{"rendered":"https:\/\/jorgezanoni.com.br\/2019\/?p=9899"},"modified":"2019-10-29T16:01:09","modified_gmt":"2019-10-29T16:01:09","slug":"anglo-cid-conquista-o-tetracampeonato-no-13o-concurso-internacional-visual-class","status":"publish","type":"post","link":"https:\/\/jorgezanoni.com.br\/2019\/anglo-cid-conquista-o-tetracampeonato-no-13o-concurso-internacional-visual-class\/","title":{"rendered":"Anglo-CID conquista o tetracampeonato no 13\u00ba Concurso Internacional Visual Class"},"content":{"rendered":"<p style=\"font-weight: 400; text-align: justify;\">Os alunos do 1\u00ba e 6\u00ba ano do ensino fundamental do Col\u00e9gio Anglo-CID conquistaram\u00a0 o 1\u00ba lugar no 13\u00ba Concurso Internacional Visual Class, realizado no 11\u00ba ENETEC (Encontro Nacional de Educa\u00e7\u00e3o Tecnol\u00f3gica), em Presidente Prudente\/SP.<\/p>\n<p style=\"font-weight: 400; text-align: justify;\">O evento ocorreu na \u00faltima sexta-feira (25) e contou com a participa\u00e7\u00e3o de mais de 500 pessoas.<\/p>\n<p style=\"font-weight: 400; text-align: justify;\">As crian\u00e7as se destacaram com seu projeto \u201cDesconectando para se conectar\u201d, trazendo para casa a melhor coloca\u00e7\u00e3o do concurso.<\/p>\n<p style=\"font-weight: 400; text-align: justify;\">O projeto utilizou o software educacional Visual Class, e foi elaborado pelos alunos do 6\u00ba ano juntamente com os professores Marcelo Sobrinho, Aline Siqueira, Sueli Coragem, Marcel Freire, a colabora\u00e7\u00e3o da coordenadora Patr\u00edcia Nakamura e Amanda Matreiro e os assistentes de sala\u00a0Wanderson Esperidi\u00e3o dos Santos, Dara Laisla de Oliveira D\u00e1rio, Bruna de Souza Canalles, Laisa Thain\u00e1 de Assis Ribeiro, Matheus dos Santos Sousa, Polyana Luzia Nogueira Polidoro, Ana Maria Daniel Meira, Maria Eduarda Lima Roberto e\u00a0Luelaini Naiara Rogeri de Moraes,\u00a0sob a orienta\u00e7\u00e3o da vice-diretora Tatiana Pelisson Froio, e com a assist\u00eancia t\u00e9cnica de Hegimara Bifon. A apresenta\u00e7\u00e3o contou com v\u00eddeos, dan\u00e7as, teatro, atividades e imagens no tempo m\u00e1ximo de 10 minutos.<\/p>\n<p style=\"font-weight: 400; text-align: justify;\">O tema teve foco nos riscos que a internet pode apresentar em nosso meio, demonstrados com situa\u00e7\u00f5es simples do dia a dia, como deixar crian\u00e7as com os smartphones sem o controle do respons\u00e1vel, ficando vulner\u00e1vel a amea\u00e7as. O projeto mostrou tamb\u00e9m os benef\u00edcios da internet e da tecnologia. \u00a0A escola abrilhantou a torcida com\u00a0 o \u201cgrito de guerra\u201d.<\/p>\n<p style=\"font-weight: 400; text-align: justify;\">Segundo a vice-diretora do Anglo-CID Tatiana Pelisson Froio, essa foi a quarta vez que os alunos ganharam a primeira coloca\u00e7\u00e3o nesse concurso. \u201cFoi uma conquista muito esperada. Esse trabalho \u00e9 feito e apresentado pelos alunos do 1\u00ba ano do ensino fundamental, o que encanta a todos pela veracidade com que eles representam. Essa premia\u00e7\u00e3o estimular\u00e1 ainda mais nossos alunos a buscarem novas conquistas&#8221;, completou.<\/p>\n<p style=\"font-weight: 400; text-align: justify;\">O evento tem como organizador o consultor em tecnologia Celso Tatizana, da Caltech, idealizador do software Visual Class. O Anglo-CID utiliza o software para os alunos do ensino fundamental trabalharem de forma multidisciplinar, agregando as tecnologias \u00e0 educa\u00e7\u00e3o. Segundo a diretora do Anglo-CID Eul\u00e1lia Pires Fava, o col\u00e9gio tamb\u00e9m utiliza o programa Kid Class no programa Inclus\u00e3o Digital. \u201cO programa Kid Class \u00e9 uma sequ\u00eancia do programa Visual Class, desenvolvido com crian\u00e7as de 5 anos de Dracena. O Inclus\u00e3o Digital \u00e9 um trabalho voltado para os primeiros passos na inform\u00e1tica em um ambiente virtual sadio, auxiliando no processo de ensino e aprendizagem. Os alunos que participam deste projeto conseguem facilmente dar continuidade ao aprendizado no decorrer dos anos escolares\u201d, finalizou a diretora.<\/p>\n<p><img loading=\"lazy\" decoding=\"async\" class=\"alignnone size-full wp-image-9900\" src=\"https:\/\/jorgezanoni.com.br\/2019\/wp-content\/uploads\/2019\/10\/visual1.jpg\" alt=\"\" width=\"240\" height=\"135\" \/><\/p>\n<p style=\"font-weight: 400; text-align: justify;\"><em>Fernando Nunes<\/em><\/p>\n<p style=\"font-weight: 400; text-align: justify;\">Diretor de Comunica\u00e7\u00e3o Fundec<\/p>\n<p style=\"font-weight: 400; text-align: justify;\">Foto: Anglo-CID conquista 13\u00ba Concurso Internacional Visual Class<\/p>\n<p style=\"font-weight: 400; text-align: justify;\">Foto: Professores e coordena\u00e7\u00e3o do Anglo-CID Dracena no Enetec 2901<\/p>\n","protected":false},"excerpt":{"rendered":"<p>Os alunos do 1\u00ba e 6\u00ba ano do ensino fundamental do Col\u00e9gio Anglo-CID conquistaram\u00a0 o 1\u00ba lugar no 13\u00ba Concurso Internacional Visual Class, realizado no 11\u00ba ENETEC (Encontro Nacional de Educa\u00e7\u00e3o Tecnol\u00f3gica), em Presidente Prudente\/SP. O evento ocorreu na \u00faltima sexta-feira (25) e contou com a participa\u00e7\u00e3o de mais de 500 pessoas. As crian\u00e7as se [&hellip;]<\/p>\n","protected":false},"author":1,"featured_media":9901,"comment_status":"closed","ping_status":"open","sticky":false,"template":"","format":"standard","meta":{"footnotes":""},"categories":[122],"tags":[],"class_list":["post-9899","post","type-post","status-publish","format-standard","has-post-thumbnail","hentry","category-saudeeducacaoeconcurso"],"_links":{"self":[{"href":"https:\/\/jorgezanoni.com.br\/2019\/wp-json\/wp\/v2\/posts\/9899","targetHints":{"allow":["GET"]}}],"collection":[{"href":"https:\/\/jorgezanoni.com.br\/2019\/wp-json\/wp\/v2\/posts"}],"about":[{"href":"https:\/\/jorgezanoni.com.br\/2019\/wp-json\/wp\/v2\/types\/post"}],"author":[{"embeddable":true,"href":"https:\/\/jorgezanoni.com.br\/2019\/wp-json\/wp\/v2\/users\/1"}],"replies":[{"embeddable":true,"href":"https:\/\/jorgezanoni.com.br\/2019\/wp-json\/wp\/v2\/comments?post=9899"}],"version-history":[{"count":0,"href":"https:\/\/jorgezanoni.com.br\/2019\/wp-json\/wp\/v2\/posts\/9899\/revisions"}],"wp:featuredmedia":[{"embeddable":true,"href":"https:\/\/jorgezanoni.com.br\/2019\/wp-json\/wp\/v2\/media\/9901"}],"wp:attachment":[{"href":"https:\/\/jorgezanoni.com.br\/2019\/wp-json\/wp\/v2\/media?parent=9899"}],"wp:term":[{"taxonomy":"category","embeddable":true,"href":"https:\/\/jorgezanoni.com.br\/2019\/wp-json\/wp\/v2\/categories?post=9899"},{"taxonomy":"post_tag","embeddable":true,"href":"https:\/\/jorgezanoni.com.br\/2019\/wp-json\/wp\/v2\/tags?post=9899"}],"curies":[{"name":"wp","href":"https:\/\/api.w.org\/{rel}","templated":true}]}}