{"id":9896,"date":"2019-10-29T15:22:45","date_gmt":"2019-10-29T15:22:45","guid":{"rendered":"https:\/\/jorgezanoni.com.br\/2019\/?p=9896"},"modified":"2019-10-29T15:24:08","modified_gmt":"2019-10-29T15:24:08","slug":"medica-fala-sobre-os-perigos-da-dengue-com-temperaturas-altas-e-volta-das-chuvas","status":"publish","type":"post","link":"https:\/\/jorgezanoni.com.br\/2019\/medica-fala-sobre-os-perigos-da-dengue-com-temperaturas-altas-e-volta-das-chuvas\/","title":{"rendered":"M\u00e9dica fala sobre os perigos da dengue com temperaturas altas e volta das chuvas"},"content":{"rendered":"<p style=\"text-align: justify;\">Com o retorno das chuvas e temperaturas quentes devemos nos preocupar com aumento dos casos de dengue. A dengue \u00e9 uma arbovirose provocada pela picada do mosquito Aedes aegypti, que pode ser dividida em dengue cl\u00e1ssica e dengue grave. A dengue grave pode ser hemorr\u00e1gica ou choque da dengue. A dengue cl\u00e1ssica manifesta-se inicialmente com febre e mialgia\/artralgia, associada ou n\u00e3o de n\u00e1useas, v\u00f4mitos, diarreia, exantema (vermelhid\u00e3o), cefaleia, dor retrocular. A melhor forma de preven\u00e7\u00e3o \u00e9 evitar acumulo de \u00e1gua parada e lixo que proliferam mosquitos, uso de repelentes, vacina\u00e7\u00e3o (dispon\u00edvel par\u00ad\u00ada os casos que j\u00e1 tiveram a dengue).<\/p>\n<p style=\"text-align: justify;\">Servi\u00e7o: Dra. Germana Fernanda de Souza &#8211; Fone: 3822 6277 e cel. 99769 5359. Cl\u00ednica e Infectologia. Avenida Presidente Vargas, 1322 &#8211; Dracena\/SP.<\/p>\n","protected":false},"excerpt":{"rendered":"<p>Com o retorno das chuvas e temperaturas quentes devemos nos preocupar com aumento dos casos de dengue. A dengue \u00e9 uma arbovirose provocada pela picada do mosquito Aedes aegypti, que pode ser dividida em dengue cl\u00e1ssica e dengue grave. A dengue grave pode ser hemorr\u00e1gica ou choque da dengue. A dengue cl\u00e1ssica manifesta-se inicialmente com [&hellip;]<\/p>\n","protected":false},"author":1,"featured_media":9897,"comment_status":"closed","ping_status":"open","sticky":false,"template":"","format":"standard","meta":{"footnotes":""},"categories":[110,122],"tags":[],"class_list":["post-9896","post","type-post","status-publish","format-standard","has-post-thumbnail","hentry","category-noticiasdestaque","category-saudeeducacaoeconcurso"],"_links":{"self":[{"href":"https:\/\/jorgezanoni.com.br\/2019\/wp-json\/wp\/v2\/posts\/9896","targetHints":{"allow":["GET"]}}],"collection":[{"href":"https:\/\/jorgezanoni.com.br\/2019\/wp-json\/wp\/v2\/posts"}],"about":[{"href":"https:\/\/jorgezanoni.com.br\/2019\/wp-json\/wp\/v2\/types\/post"}],"author":[{"embeddable":true,"href":"https:\/\/jorgezanoni.com.br\/2019\/wp-json\/wp\/v2\/users\/1"}],"replies":[{"embeddable":true,"href":"https:\/\/jorgezanoni.com.br\/2019\/wp-json\/wp\/v2\/comments?post=9896"}],"version-history":[{"count":0,"href":"https:\/\/jorgezanoni.com.br\/2019\/wp-json\/wp\/v2\/posts\/9896\/revisions"}],"wp:featuredmedia":[{"embeddable":true,"href":"https:\/\/jorgezanoni.com.br\/2019\/wp-json\/wp\/v2\/media\/9897"}],"wp:attachment":[{"href":"https:\/\/jorgezanoni.com.br\/2019\/wp-json\/wp\/v2\/media?parent=9896"}],"wp:term":[{"taxonomy":"category","embeddable":true,"href":"https:\/\/jorgezanoni.com.br\/2019\/wp-json\/wp\/v2\/categories?post=9896"},{"taxonomy":"post_tag","embeddable":true,"href":"https:\/\/jorgezanoni.com.br\/2019\/wp-json\/wp\/v2\/tags?post=9896"}],"curies":[{"name":"wp","href":"https:\/\/api.w.org\/{rel}","templated":true}]}}