{"id":98843,"date":"2025-10-18T14:29:57","date_gmt":"2025-10-18T14:29:57","guid":{"rendered":"https:\/\/jorgezanoni.com.br\/2019\/?p=98843"},"modified":"2025-10-18T14:29:57","modified_gmt":"2025-10-18T14:29:57","slug":"sicredi-lanca-nova-campanha-publicitaria-para-reforcar-o-impacto-positivo-do-cooperativismo","status":"publish","type":"post","link":"https:\/\/jorgezanoni.com.br\/2019\/sicredi-lanca-nova-campanha-publicitaria-para-reforcar-o-impacto-positivo-do-cooperativismo\/","title":{"rendered":"Sicredi lan\u00e7a nova campanha publicit\u00e1ria para refor\u00e7ar o impacto positivo do cooperativismo"},"content":{"rendered":"<p class=\"v1MsoNormal\" style=\"text-align: justify;\" align=\"center\"><b><\/b><strong><i>Nova campanha estreia no intervalo do Jornal Nacional e destaca como cada transa\u00e7\u00e3o financeira contribui para o desenvolvimento sustent\u00e1vel e local.<\/i><\/strong><i>\u00a0<\/i><\/p>\n<p class=\"v1MsoNormal\" style=\"text-align: justify;\">O Sicredi, institui\u00e7\u00e3o financeira cooperativa com presen\u00e7a nacional e mais de 9,5 milh\u00f5es de associados, lan\u00e7a nova campanha institucional para mostrar o impacto positivo que gera<b>\u00a0<\/b>nas regi\u00f5es onde est\u00e1 presente. O filme principal estreia hoje, 15 de outubro, no intervalo do Jornal Nacional (TV Globo), em rede nacional, e ter\u00e1 desdobramentos em m\u00eddia digital e OOH.<\/p>\n<p class=\"v1MsoNormal\" style=\"text-align: justify;\">Com o mote &#8220;<b>Acreditar no cooperativismo para transformar vidas, isso \u00e9 ter com quem contar<\/b>&#8220;, a campanha refor\u00e7a o papel do Sicredi como agente de transforma\u00e7\u00e3o social e econ\u00f4mica, alinhando-se ao Ano Internacional das Cooperativas, declarado pela ONU.<\/p>\n<p class=\"v1MsoNormal\" style=\"text-align: justify;\">O filme mostra que, ao longo dos mais de 120 anos de hist\u00f3ria do Sicredi as formas de pagamento evolu\u00edram &#8211; do pagamento em dinheiro, passando pelo cheque at\u00e9 o Pix &#8211; mas uma coisa permanece: cada transa\u00e7\u00e3o financeira feita por meio da institui\u00e7\u00e3o gera impacto positivo na sociedade e nas regi\u00f5es onde atua. A campanha recria cen\u00e1rios hist\u00f3ricos desde 1902, e permeia as d\u00e9cadas de 1940, 80, 90 at\u00e9 os dias atuais, conectando passado, presente e futuro. A trilha sonora tamb\u00e9m \u00e9 um elemento marcante. O cl\u00e1ssico &#8220;N\u00e3o \u00e9 s\u00f3 Dinheiro&#8221;, de Tim Maia, retorna em vers\u00e3o instrumental adaptado e incorpora elementos musicais de cada d\u00e9cada retratada.<\/p>\n<p class=\"v1MsoNormal\" style=\"text-align: justify;\">Confira o filme na \u00edntegra aqui:\u00a0<a title=\"https:\/\/www.youtube.com\/watch?v=nnxcypth10m\" href=\"https:\/\/www.youtube.com\/watch?v=NNxcYpTh10M\" target=\"_blank\" rel=\"noopener noreferrer\">Sicredi | Acreditar no cooperativismo para transformar vidas.<\/a><\/p>\n<p class=\"v1MsoNormal\" style=\"text-align: justify;\"><b>O impacto social<\/b><\/p>\n<p class=\"v1MsoNormal\" style=\"text-align: justify;\">A campanha tamb\u00e9m\u00a0<a name=\"v1_Hlk211414455\"><\/a>apresenta dados reais que evidenciam o impacto social gerado pelo Sicredi, como os mais de R$ R$ 435 milh\u00f5es aplicados em investimentos sociais, R$ 15 bilh\u00f5es destinados ao empreendedorismo feminino e as 5 milh\u00f5es de pessoas beneficiadas por programas de educa\u00e7\u00e3o, conforme aponta o\u00a0<i>Relat\u00f3rio de Sustentabilidade 2024<\/i>. Esses n\u00fameros est\u00e3o presentes no filme e nas pe\u00e7as de divulga\u00e7\u00e3o, refor\u00e7ando o Sicredi como agente de transforma\u00e7\u00e3o nos munic\u00edpios onde est\u00e1 presente.<\/p>\n<p class=\"v1MsoNormal\" style=\"text-align: justify;\">Al\u00e9m disso, um dos principais atributos da marca \u00e9 o relacionamento pr\u00f3ximo das cooperativas com seus associados. Isso reflete nos n\u00fameros de abertura de ag\u00eancias f\u00edsicas no Brasil. &#8220;S\u00f3 em 2024 foram abertas mais de 200 e a previs\u00e3o \u00e9 encerrar 2025 com mais 270 novas ag\u00eancias, resultando em mais de 3 mil ag\u00eancias em todo pa\u00eds. Desse montante, o Sicredi \u00e9 a \u00fanica institui\u00e7\u00e3o financeira presente fisicamente em mais de 200 munic\u00edpios do pa\u00eds.&#8221;, lembra Jo\u00e3o Clark, superintendente de Marketing e Growth do Sicredi.<\/p>\n<p class=\"v1MsoNormal\" style=\"text-align: justify;\"><b>Visibilidade e engajamento<\/b><\/p>\n<p class=\"v1MsoNormal\" style=\"text-align: justify;\">A produ\u00e7\u00e3o do comercial, grandiosa e humana, contou com uma equipe de mais de 350 profissionais na produ\u00e7\u00e3o e um elenco com mais de 60 pessoas. Ao todo, foram mais de 40 horas de grava\u00e7\u00e3o para o filme principal da campanha.<\/p>\n<p class=\"v1MsoNormal\" style=\"text-align: justify;\">&#8220;A campanha d\u00e1 continuidade \u00e0 comunica\u00e7\u00e3o iniciada em 2023 com &#8216;\u00c9 ter com quem contar&#8217;, agora com foco ampliado para a sociedade e dados reais de impacto. O movimento foi constru\u00eddo de forma colaborativa com os profissionais de marketing das nossas centrais e cooperativas, que vivenciam esse impacto na ponta. Cada transa\u00e7\u00e3o no Sicredi representa mais do que uma opera\u00e7\u00e3o financeira, \u00e9 uma escolha que transforma vidas. \u00c9 essa hist\u00f3ria que decidimos contar juntos&#8221;, destaca Jo\u00e3o Clark, superintendente de Marketing e Growth do Sicredi.<\/p>\n<p class=\"v1MsoNormal\" style=\"text-align: justify;\">Os movimentos de marketing da campanha foram pensados para gerar visibilidade e engajamento em diferentes frentes. A estrat\u00e9gia inclui m\u00eddia digital (YouTube e Meta), TV aberta, OOH em pra\u00e7as estrat\u00e9gicas, al\u00e9m de a\u00e7\u00f5es de influ\u00eancia com\u00a0<i>creators<\/i>\u00a0e\u00a0<i>branded content<\/i>. Tamb\u00e9m foram planejadas ativa\u00e7\u00f5es internas e externas, como o lan\u00e7amento do filme institucional, materiais para redes sociais, ambienta\u00e7\u00f5es locais e a\u00e7\u00f5es coordenadas com as 102 cooperativas do Sicredi.<\/p>\n<p class=\"v1MsoNormal\" style=\"text-align: justify;\"><b>Campanha nasce de escuta ativa com associados e sociedade<\/b><\/p>\n<p class=\"v1MsoNormal\" style=\"text-align: justify;\">Al\u00e9m da participa\u00e7\u00e3o dos profissionais de marketing das centrais e cooperativas do Sicredi, o movimento de comunica\u00e7\u00e3o teve como embasamento principal uma pesquisa conduzida pelo Time de Estudos de Comportamento do Associado do Sicredi, com o objetivo de entender como, quando e para quem comunicar o cooperativismo.<\/p>\n<p class=\"v1MsoNormal\" style=\"text-align: justify;\">Com mais de 1.500 respondentes associados e n\u00e3o associados na etapa quantitativa e 35 entrevistas na qualitativa, o estudo revelou que causas sociais e ambientais s\u00e3o fortemente associadas \u00e0s cooperativas de cr\u00e9dito, sendo percebidas como atributos leg\u00edtimos do cooperativismo. A pesquisa orienta a campanha a destacar o impacto positivo gerado pelas transa\u00e7\u00f5es financeiras no Sicredi, tornando o prop\u00f3sito da institui\u00e7\u00e3o mais tang\u00edvel e acess\u00edvel.<\/p>\n<p class=\"v1MsoNormal\" style=\"text-align: justify;\"><b>Ficha T\u00e9cnica \u2013 Campanha de Impacto Positivo Sicredi<\/b><\/p>\n<ul style=\"text-align: justify;\" type=\"disc\">\n<li class=\"v1MsoNormal\"><b>Ag\u00eancia:<\/b>\u00a0Suno United Creators<\/li>\n<li class=\"v1MsoNormal\"><b>Anunciante:<\/b>\u00a0Sicredi<\/li>\n<li class=\"v1MsoNormal\"><b>T\u00edtulo:<\/b> Impacto Positivo<\/li>\n<\/ul>\n<p class=\"v1MsoNormal\" style=\"text-align: justify;\">Equipe Criativa e Estrat\u00e9gica<b><\/b><\/p>\n<ul style=\"text-align: justify;\" type=\"disc\">\n<li class=\"v1MsoNormal\"><b>Cria\u00e7\u00e3o:<\/b>\u00a0Bruno Brasil e Adriano Panda<\/li>\n<li class=\"v1MsoNormal\"><a name=\"v1_heading=h.wwf6a2mq835c\"><\/a><b>Planejamento:<\/b>\u00a0S\u00e9rgio Katz, K\u00e1tia Fontana, Beatriz Poiani Ferro, Lara Sanches<\/li>\n<li class=\"v1MsoNormal\"><b>M\u00eddia:<\/b>\u00a0Luiz Augusto Zerbini, Priscila Sato, J\u00e9ssica Aline de Melo Silva, Pedro Henrique Alves Souza, Mar\u00edlia Graziela Pires, J\u00falia Lima Dias<\/li>\n<li class=\"v1MsoNormal\"><b>Atendimento:<\/b>\u00a0Elthon Longhi, Raquel Hip\u00f3lito, Sara Reis<\/li>\n<li class=\"v1MsoNormal\"><b>Aprova\u00e7\u00e3o:<\/b> Jo\u00e3o Clark, Luciana Branco, Ariel Ferraz, Juliana Oppelt<\/li>\n<\/ul>\n<p class=\"v1MsoNormal\" style=\"text-align: justify;\">Produ\u00e7\u00e3o Audiovisual<b><\/b><\/p>\n<ul style=\"text-align: justify;\" type=\"disc\">\n<li class=\"v1MsoNormal\"><b>Produ\u00e7\u00e3o Audiovisual:<\/b>\u00a0Ana Luisa Andr\u00e9 e Gisele Miranda<\/li>\n<li class=\"v1MsoNormal\"><b>Produtora de Imagem:<\/b>\u00a0REBOLUCION BR<\/li>\n<li class=\"v1MsoNormal\"><b>Dire\u00e7\u00e3o:<\/b>\u00a0Cassu<\/li>\n<li class=\"v1MsoNormal\"><b>Dire\u00e7\u00e3o de Fotografia:<\/b>\u00a0Kairo Marcel Lenz<\/li>\n<li class=\"v1MsoNormal\"><b>Assistentes de Dire\u00e7\u00e3o:<\/b>\u00a0Fernanda Mendes, Tata Alves Sausmikat, Ozzy Souto<\/li>\n<li class=\"v1MsoNormal\"><b>Produ\u00e7\u00e3o Executiva:<\/b>\u00a0Ciro Cesar Silva<\/li>\n<li class=\"v1MsoNormal\"><b>Dire\u00e7\u00e3o de Produ\u00e7\u00e3o:<\/b>\u00a0Fabio Arisaka<\/li>\n<li class=\"v1MsoNormal\"><b>Coordena\u00e7\u00e3o de Produ\u00e7\u00e3o:<\/b>\u00a0Erika Andrade e Sarah de Moura<\/li>\n<li class=\"v1MsoNormal\"><b>Dire\u00e7\u00e3o de Arte:<\/b>\u00a0Gizele Muler<\/li>\n<li class=\"v1MsoNormal\"><b>P\u00f3s-produ\u00e7\u00e3o \/ VFX:<\/b> Warriors<\/li>\n<\/ul>\n<p class=\"v1MsoNormal\" style=\"text-align: justify;\">Produ\u00e7\u00e3o de \u00c1udio e Fotografia<b><\/b><\/p>\n<ul style=\"text-align: justify;\" type=\"disc\">\n<li class=\"v1MsoNormal\"><b>Produtora de \u00c1udio:<\/b>\u00a0Comando S<\/li>\n<li class=\"v1MsoNormal\"><b>Fotografia:<\/b>\u00a0Jos\u00e9 Zarella Neto<\/li>\n<li class=\"v1MsoNormal\"><b>Produ\u00e7\u00e3o Executiva (\u00e1udio):<\/b> Patricia Bruschini<\/li>\n<\/ul>\n<p class=\"v1MsoNormal\" style=\"text-align: justify;\"><b><i>Sobre o Sicredi<\/i><\/b><i><\/i><\/p>\n<p class=\"v1MsoNormal\" style=\"text-align: justify;\"><i>O Sicredi \u00e9 uma institui\u00e7\u00e3o financeira cooperativa comprometida com o crescimento de seus associados e com o desenvolvimento das regi\u00f5es onde atua. Possui um modelo de gest\u00e3o que valoriza a participa\u00e7\u00e3o dos mais de 9,5 milh\u00f5es de associados, que exercem o papel de donos do neg\u00f3cio. Com mais de 2.900 ag\u00eancias, o Sicredi est\u00e1 presente fisicamente em todos os estados brasileiros e no Distrito Federal, disponibilizando uma gama completa de solu\u00e7\u00f5es financeiras e n\u00e3o financeiras.<\/i><\/p>\n<p class=\"v1MsoNormal\"><b><i>Site do Sicredi:\u00a0<a href=\"http:\/\/www.sicredi.com.br\/\" target=\"_blank\" rel=\"noopener noreferrer\">www.sicredi.com.br<\/a><\/i><\/b><\/p>\n<p class=\"v1MsoNormal\"><b><i>Redes Sociais:\u00a0<\/i><\/b><em><b><u><span lang=\"EN-US\"><a href=\"http:\/\/www.facebook.com\/sicredicentrooestepaulista\" target=\"_blank\" rel=\"noopener noreferrer\"><i><span lang=\"PT-BR\">Facebook<\/span><\/i><\/a><\/span><\/u><\/b><\/em><em>\u00a0|<\/em>\u00a0<em><b><u><span lang=\"EN-US\"><a href=\"https:\/\/www.linkedin.com\/company\/sicredi-centro-oeste-paulista\/\" target=\"_blank\" rel=\"noopener noreferrer\"><i><span lang=\"PT-BR\">LinkedIn<\/span><\/i><\/a><\/span><\/u><\/b><\/em><em>\u00a0|<\/em>\u00a0<em><b><u><span lang=\"EN-US\"><a href=\"http:\/\/www.youtube.com\/sicredicentrooestepaulista\" target=\"_blank\" rel=\"noopener noreferrer\"><i><span lang=\"PT-BR\">YouTube<\/span><\/i><\/a><\/span><\/u><\/b><\/em><span lang=\"EN-US\">\u00a0<\/span><em>|\u00a0<\/em><em><b><u><span lang=\"EN-US\"><a href=\"http:\/\/www.instagram.com\/sicredicentrooestepaulista\" target=\"_blank\" rel=\"noopener noreferrer\"><i><span lang=\"PT-BR\">Instagram<\/span><\/i><\/a><\/span><\/u><\/b><\/em><\/p>\n<p>Fonte: Comunica\u00e7\u00e3o e Marketing<\/p>\n","protected":false},"excerpt":{"rendered":"<p>Nova campanha estreia no intervalo do Jornal Nacional e destaca como cada transa\u00e7\u00e3o financeira contribui para o desenvolvimento sustent\u00e1vel e local.\u00a0 O Sicredi, institui\u00e7\u00e3o financeira cooperativa com presen\u00e7a nacional e mais de 9,5 milh\u00f5es de associados, lan\u00e7a nova campanha institucional para mostrar o impacto positivo que gera\u00a0nas regi\u00f5es onde est\u00e1 presente. O filme principal estreia [&hellip;]<\/p>\n","protected":false},"author":1,"featured_media":98844,"comment_status":"closed","ping_status":"open","sticky":false,"template":"","format":"standard","meta":{"footnotes":""},"categories":[110,116],"tags":[],"class_list":["post-98843","post","type-post","status-publish","format-standard","has-post-thumbnail","hentry","category-noticiasdestaque","category-politicaeeconomia"],"_links":{"self":[{"href":"https:\/\/jorgezanoni.com.br\/2019\/wp-json\/wp\/v2\/posts\/98843","targetHints":{"allow":["GET"]}}],"collection":[{"href":"https:\/\/jorgezanoni.com.br\/2019\/wp-json\/wp\/v2\/posts"}],"about":[{"href":"https:\/\/jorgezanoni.com.br\/2019\/wp-json\/wp\/v2\/types\/post"}],"author":[{"embeddable":true,"href":"https:\/\/jorgezanoni.com.br\/2019\/wp-json\/wp\/v2\/users\/1"}],"replies":[{"embeddable":true,"href":"https:\/\/jorgezanoni.com.br\/2019\/wp-json\/wp\/v2\/comments?post=98843"}],"version-history":[{"count":1,"href":"https:\/\/jorgezanoni.com.br\/2019\/wp-json\/wp\/v2\/posts\/98843\/revisions"}],"predecessor-version":[{"id":98845,"href":"https:\/\/jorgezanoni.com.br\/2019\/wp-json\/wp\/v2\/posts\/98843\/revisions\/98845"}],"wp:featuredmedia":[{"embeddable":true,"href":"https:\/\/jorgezanoni.com.br\/2019\/wp-json\/wp\/v2\/media\/98844"}],"wp:attachment":[{"href":"https:\/\/jorgezanoni.com.br\/2019\/wp-json\/wp\/v2\/media?parent=98843"}],"wp:term":[{"taxonomy":"category","embeddable":true,"href":"https:\/\/jorgezanoni.com.br\/2019\/wp-json\/wp\/v2\/categories?post=98843"},{"taxonomy":"post_tag","embeddable":true,"href":"https:\/\/jorgezanoni.com.br\/2019\/wp-json\/wp\/v2\/tags?post=98843"}],"curies":[{"name":"wp","href":"https:\/\/api.w.org\/{rel}","templated":true}]}}