{"id":98837,"date":"2025-10-16T19:55:59","date_gmt":"2025-10-16T19:55:59","guid":{"rendered":"https:\/\/jorgezanoni.com.br\/2019\/?p=98837"},"modified":"2025-10-16T19:55:59","modified_gmt":"2025-10-16T19:55:59","slug":"delirio-quando-a-mente-cria-uma-realidade-paralela-por-cidinha-pascoaloto","status":"publish","type":"post","link":"https:\/\/jorgezanoni.com.br\/2019\/delirio-quando-a-mente-cria-uma-realidade-paralela-por-cidinha-pascoaloto\/","title":{"rendered":"Del\u00edrio: Quando a Mente Cria uma Realidade Paralela (por Cidinha Pascoaloto)"},"content":{"rendered":"<p style=\"text-align: justify;\">O del\u00edrio \u00e9 um estado mental caracterizado por uma\u00a0altera\u00e7\u00e3o no conte\u00fado do pensamento, da intelig\u00eancia e da consci\u00eancia.\u00a0\u00c9 uma condi\u00e7\u00e3o psiqui\u00e1trica que exige aten\u00e7\u00e3o pois envolve uma altera\u00e7\u00e3o importante na forma como a pessoa percebe a realidade.<\/p>\n<p style=\"text-align: justify;\">\u00a0N\u00e3o existe uma causa exata para o del\u00edrio, sabe-se que o seu surgimento\u00a0est\u00e1 relacionado\u00a0a altera\u00e7\u00f5es gen\u00e9ticas, pois \u00e9 mais comum entre pessoas da mesma fam\u00edlia. Tamb\u00e9m existem outros fatores que aumentam o risco de apresentar del\u00edrios, uso de drogas, medicamentos, traumatismo craniano, estresse agudo,\u00a0infec\u00e7\u00f5es ou experi\u00eancias psicol\u00f3gicas negativas. Ele tamb\u00e9m pode ser confundido com outras doen\u00e7as psiquiatras.<\/p>\n<p style=\"text-align: justify;\">Existem v\u00e1rios tipos de del\u00edrio os dois del\u00edrios principais s\u00e3o: o de persegui\u00e7\u00e3o e o del\u00edrio de grandeza. No del\u00edrio de persegui\u00e7\u00e3o o paciente acredita que est\u00e1 sendo perseguido por inimigos que est\u00e3o querendo envenenar, matar, difamar ou que querem fazer mal mesmo que isso n\u00e3o seja verdade.<\/p>\n<p style=\"text-align: justify;\">\u00a0Enquanto o del\u00edrio de grandeza a pessoa acredita ser superior \u00e0s outras pessoas como ter cargos important\u00edssimos, por ter habilidades fant\u00e1sticas, ter superpoderes, ser Deus ou presidente da rep\u00fablica \u00e9 dif\u00edcil diferenciar a imagina\u00e7\u00e3o da realidade.<\/p>\n<p style=\"text-align: justify;\">\u00a0Essas ideias s\u00e3o pensamentos passageiros e causam sofrimentos em v\u00e1rias esferas da vida do indiv\u00edduo. Os del\u00edrios podem surgir em diferentes contextos. Em muitos casos, est\u00e3o associados a transtornos mentais como: esquizofrenia, transtorno delirante persistente, transtorno bipolar (em fases de mania) dem\u00eancias, abuso de subst\u00e2ncias qu\u00edmicas que alteram a fun\u00e7\u00e3o cerebral.<\/p>\n<p style=\"text-align: justify;\">Al\u00e9m disso, situa\u00e7\u00f5es de estresse cr\u00f4nico, dormir pouco, traumas emocionais e at\u00e9 doen\u00e7as neurol\u00f3gicas podem contribuir para o surgimento de del\u00edrios. \u00c9 fundamental compreender que o del\u00edrio n\u00e3o \u00e9 \u201cfrescura\u201d nem \u201cfalta de lucidez\u201d. Ele \u00e9 um sintoma de sofrimento ps\u00edquico e requer cuidado. \u00a0O tratamento geralmente envolve acompanhamento psicol\u00f3gico e psiqui\u00e1trico, com uso de medicamentos e terapias comportamental.<\/p>\n<p><img loading=\"lazy\" decoding=\"async\" class=\"alignnone size-full wp-image-98838\" src=\"https:\/\/jorgezanoni.com.br\/2019\/wp-content\/uploads\/2025\/10\/Cidinha-Pascoaloto-2.jpg\" alt=\"\" width=\"339\" height=\"480\" srcset=\"https:\/\/jorgezanoni.com.br\/2019\/wp-content\/uploads\/2025\/10\/Cidinha-Pascoaloto-2.jpg 339w, https:\/\/jorgezanoni.com.br\/2019\/wp-content\/uploads\/2025\/10\/Cidinha-Pascoaloto-2-212x300.jpg 212w, https:\/\/jorgezanoni.com.br\/2019\/wp-content\/uploads\/2025\/10\/Cidinha-Pascoaloto-2-297x420.jpg 297w\" sizes=\"auto, (max-width: 339px) 100vw, 339px\" \/>Cidinha Pascoaloto-Psic\u00f3loga, CRP 06\/158174. Presencial e online &#8211;\u00a0\u00a0\ud83d\udcde (18) 99725-6418<\/p>\n<p>&nbsp;<\/p>\n<p>&nbsp;<\/p>\n","protected":false},"excerpt":{"rendered":"<p>O del\u00edrio \u00e9 um estado mental caracterizado por uma\u00a0altera\u00e7\u00e3o no conte\u00fado do pensamento, da intelig\u00eancia e da consci\u00eancia.\u00a0\u00c9 uma condi\u00e7\u00e3o psiqui\u00e1trica que exige aten\u00e7\u00e3o pois envolve uma altera\u00e7\u00e3o importante na forma como a pessoa percebe a realidade. \u00a0N\u00e3o existe uma causa exata para o del\u00edrio, sabe-se que o seu surgimento\u00a0est\u00e1 relacionado\u00a0a altera\u00e7\u00f5es gen\u00e9ticas, pois \u00e9 [&hellip;]<\/p>\n","protected":false},"author":1,"featured_media":98839,"comment_status":"closed","ping_status":"open","sticky":false,"template":"","format":"standard","meta":{"footnotes":""},"categories":[175],"tags":[],"class_list":["post-98837","post","type-post","status-publish","format-standard","has-post-thumbnail","hentry","category-artigos"],"_links":{"self":[{"href":"https:\/\/jorgezanoni.com.br\/2019\/wp-json\/wp\/v2\/posts\/98837","targetHints":{"allow":["GET"]}}],"collection":[{"href":"https:\/\/jorgezanoni.com.br\/2019\/wp-json\/wp\/v2\/posts"}],"about":[{"href":"https:\/\/jorgezanoni.com.br\/2019\/wp-json\/wp\/v2\/types\/post"}],"author":[{"embeddable":true,"href":"https:\/\/jorgezanoni.com.br\/2019\/wp-json\/wp\/v2\/users\/1"}],"replies":[{"embeddable":true,"href":"https:\/\/jorgezanoni.com.br\/2019\/wp-json\/wp\/v2\/comments?post=98837"}],"version-history":[{"count":1,"href":"https:\/\/jorgezanoni.com.br\/2019\/wp-json\/wp\/v2\/posts\/98837\/revisions"}],"predecessor-version":[{"id":98840,"href":"https:\/\/jorgezanoni.com.br\/2019\/wp-json\/wp\/v2\/posts\/98837\/revisions\/98840"}],"wp:featuredmedia":[{"embeddable":true,"href":"https:\/\/jorgezanoni.com.br\/2019\/wp-json\/wp\/v2\/media\/98839"}],"wp:attachment":[{"href":"https:\/\/jorgezanoni.com.br\/2019\/wp-json\/wp\/v2\/media?parent=98837"}],"wp:term":[{"taxonomy":"category","embeddable":true,"href":"https:\/\/jorgezanoni.com.br\/2019\/wp-json\/wp\/v2\/categories?post=98837"},{"taxonomy":"post_tag","embeddable":true,"href":"https:\/\/jorgezanoni.com.br\/2019\/wp-json\/wp\/v2\/tags?post=98837"}],"curies":[{"name":"wp","href":"https:\/\/api.w.org\/{rel}","templated":true}]}}