{"id":98792,"date":"2025-10-16T15:37:03","date_gmt":"2025-10-16T15:37:03","guid":{"rendered":"https:\/\/jorgezanoni.com.br\/2019\/?p=98792"},"modified":"2025-10-16T15:51:52","modified_gmt":"2025-10-16T15:51:52","slug":"pai-e-filho-moradores-de-tupi-paulista-morrem-em-grave-acidente-na-br-267-no-ms","status":"publish","type":"post","link":"https:\/\/jorgezanoni.com.br\/2019\/pai-e-filho-moradores-de-tupi-paulista-morrem-em-grave-acidente-na-br-267-no-ms\/","title":{"rendered":"Pai e filho moradores de Tupi Paulista morrem em grave acidente na BR-267 no MS."},"content":{"rendered":"<h2 class=\"subtitulo-post\" style=\"text-align: justify;\">Colis\u00e3o entre Corolla e Astra ocorreu na noite de quarta-feira (15), pr\u00f3ximo ao Posto Asa Branca, regi\u00e3o da Casa Verde.<\/h2>\n<p style=\"text-align: justify;\">Faleceram Jos\u00e9 Carlos dos Santos (pai) e Reinaldo de Souza dos Santos (filho).<\/p>\n<p style=\"text-align: justify;\">Uma pessoa morreu no local e outra ficou ferida em estado grave e foi socorrida por uma equipe do Samu 192 e encaminhado ao Pronto-Socorro do Hospital Regional de Nova Andradina, n\u00e3o resistindo e tamb\u00e9m vindo a \u00f3bito.<\/p>\n<p style=\"text-align: justify;\">O acidente foi registrado na noite desta quarta-feira (15) na BR-267, altura do km 121, na regi\u00e3o do distr\u00edto de Nova Casa Verde, pr\u00f3ximo ao Posto Asa Branca, munic\u00edpio de Nova Andradina. A colis\u00e3o envolveu um Toyota\/Corolla e um GM\/Astra.<\/p>\n<p style=\"text-align: justify;\">Os ve\u00edculos trafegavam pela rodovia quando houve o impacto. Ap\u00f3s a batida, o Corolla saiu da pista e parou na vegeta\u00e7\u00e3o, enquanto o Astra permaneceu no acostamento.<\/p>\n<p style=\"text-align: justify;\" data-start=\"874\" data-end=\"1076\">A ocorr\u00eancia mobilizou equipes do Corpo de Bombeiros Militar, Pol\u00edcia Rodovi\u00e1ria Federal (PRF), Pol\u00edcia Civil e Pol\u00edcia Cient\u00edfica, que realizaram os procedimentos de per\u00edcia no local.<\/p>\n<p data-start=\"874\" data-end=\"1076\"><img loading=\"lazy\" decoding=\"async\" class=\"alignnone size-full wp-image-98793\" src=\"https:\/\/jorgezanoni.com.br\/2019\/wp-content\/uploads\/2025\/10\/foto.webp\" alt=\"\" width=\"900\" height=\"675\" srcset=\"https:\/\/jorgezanoni.com.br\/2019\/wp-content\/uploads\/2025\/10\/foto.webp 900w, https:\/\/jorgezanoni.com.br\/2019\/wp-content\/uploads\/2025\/10\/foto-300x225.webp 300w, https:\/\/jorgezanoni.com.br\/2019\/wp-content\/uploads\/2025\/10\/foto-768x576.webp 768w, https:\/\/jorgezanoni.com.br\/2019\/wp-content\/uploads\/2025\/10\/foto-80x60.webp 80w, https:\/\/jorgezanoni.com.br\/2019\/wp-content\/uploads\/2025\/10\/foto-265x198.webp 265w, https:\/\/jorgezanoni.com.br\/2019\/wp-content\/uploads\/2025\/10\/foto-696x522.webp 696w, https:\/\/jorgezanoni.com.br\/2019\/wp-content\/uploads\/2025\/10\/foto-560x420.webp 560w\" sizes=\"auto, (max-width: 900px) 100vw, 900px\" \/> <img loading=\"lazy\" decoding=\"async\" class=\"alignnone size-full wp-image-98794\" src=\"https:\/\/jorgezanoni.com.br\/2019\/wp-content\/uploads\/2025\/10\/foto2.webp\" alt=\"\" width=\"900\" height=\"506\" srcset=\"https:\/\/jorgezanoni.com.br\/2019\/wp-content\/uploads\/2025\/10\/foto2.webp 900w, https:\/\/jorgezanoni.com.br\/2019\/wp-content\/uploads\/2025\/10\/foto2-300x169.webp 300w, https:\/\/jorgezanoni.com.br\/2019\/wp-content\/uploads\/2025\/10\/foto2-768x432.webp 768w, https:\/\/jorgezanoni.com.br\/2019\/wp-content\/uploads\/2025\/10\/foto2-696x391.webp 696w, https:\/\/jorgezanoni.com.br\/2019\/wp-content\/uploads\/2025\/10\/foto2-747x420.webp 747w\" sizes=\"auto, (max-width: 900px) 100vw, 900px\" \/><\/p>\n<p data-start=\"874\" data-end=\"1076\">Fonte: Da Hora Bataguassu e Vida Prev Tupi Paulista<\/p>\n<p data-start=\"874\" data-end=\"1076\">Jorge Zanoni<\/p>\n<p data-start=\"874\" data-end=\"1076\">\n","protected":false},"excerpt":{"rendered":"<p>Colis\u00e3o entre Corolla e Astra ocorreu na noite de quarta-feira (15), pr\u00f3ximo ao Posto Asa Branca, regi\u00e3o da Casa Verde. Faleceram Jos\u00e9 Carlos dos Santos (pai) e Reinaldo de Souza dos Santos (filho). Uma pessoa morreu no local e outra ficou ferida em estado grave e foi socorrida por uma equipe do Samu 192 e [&hellip;]<\/p>\n","protected":false},"author":1,"featured_media":98795,"comment_status":"closed","ping_status":"open","sticky":false,"template":"","format":"standard","meta":{"footnotes":""},"categories":[170,110],"tags":[],"class_list":["post-98792","post","type-post","status-publish","format-standard","has-post-thumbnail","hentry","category-acidentes","category-noticiasdestaque"],"_links":{"self":[{"href":"https:\/\/jorgezanoni.com.br\/2019\/wp-json\/wp\/v2\/posts\/98792","targetHints":{"allow":["GET"]}}],"collection":[{"href":"https:\/\/jorgezanoni.com.br\/2019\/wp-json\/wp\/v2\/posts"}],"about":[{"href":"https:\/\/jorgezanoni.com.br\/2019\/wp-json\/wp\/v2\/types\/post"}],"author":[{"embeddable":true,"href":"https:\/\/jorgezanoni.com.br\/2019\/wp-json\/wp\/v2\/users\/1"}],"replies":[{"embeddable":true,"href":"https:\/\/jorgezanoni.com.br\/2019\/wp-json\/wp\/v2\/comments?post=98792"}],"version-history":[{"count":3,"href":"https:\/\/jorgezanoni.com.br\/2019\/wp-json\/wp\/v2\/posts\/98792\/revisions"}],"predecessor-version":[{"id":98798,"href":"https:\/\/jorgezanoni.com.br\/2019\/wp-json\/wp\/v2\/posts\/98792\/revisions\/98798"}],"wp:featuredmedia":[{"embeddable":true,"href":"https:\/\/jorgezanoni.com.br\/2019\/wp-json\/wp\/v2\/media\/98795"}],"wp:attachment":[{"href":"https:\/\/jorgezanoni.com.br\/2019\/wp-json\/wp\/v2\/media?parent=98792"}],"wp:term":[{"taxonomy":"category","embeddable":true,"href":"https:\/\/jorgezanoni.com.br\/2019\/wp-json\/wp\/v2\/categories?post=98792"},{"taxonomy":"post_tag","embeddable":true,"href":"https:\/\/jorgezanoni.com.br\/2019\/wp-json\/wp\/v2\/tags?post=98792"}],"curies":[{"name":"wp","href":"https:\/\/api.w.org\/{rel}","templated":true}]}}