{"id":98765,"date":"2025-10-14T21:03:18","date_gmt":"2025-10-14T21:03:18","guid":{"rendered":"https:\/\/jorgezanoni.com.br\/2019\/?p=98765"},"modified":"2025-10-14T21:03:56","modified_gmt":"2025-10-14T21:03:56","slug":"policia-militar-em-rapida-acao-prende-autor-de-homicido-em-panorama","status":"publish","type":"post","link":"https:\/\/jorgezanoni.com.br\/2019\/policia-militar-em-rapida-acao-prende-autor-de-homicido-em-panorama\/","title":{"rendered":"Pol\u00edcia Militar em r\u00e1pida a\u00e7\u00e3o prende autor de Homic\u00eddio em Panorama"},"content":{"rendered":"<p style=\"text-align: justify;\">Em uma a\u00e7\u00e3o r\u00e1pida e precisa, a Pol\u00edcia Militar prendeu o autor de um homic\u00eddio logo ap\u00f3s o crime. O resultado reflete o empenho e a efici\u00eancia dos policiais militares em garantir a seguran\u00e7a da comunidade.<\/p>\n<p style=\"text-align: justify;\">Na data de ontem (13) por volta das 20h10min policiais militares do 25\u00ba Batalh\u00e3o de Pol\u00edcia Militar do Interior durante patrulhamento pelo munic\u00edpio de Panorama, foi informado que uma havia briga na rua Quintino Maudonnet e que uma das pessoas envolvidas estaria ca\u00eddo pela via.<\/p>\n<p style=\"text-align: justify;\">Rapidamente a equipe chegou no local e foi poss\u00edvel visualizar um indiv\u00edduo ca\u00eddo ao solo com ferimentos aparentemente graves na regi\u00e3o frontal do rosto e j\u00e1 abordado o outro indiv\u00edduo envolvido na briga, informando que \u00e9 morador de rua e enquanto estava dormindo foi agredido no rosto pelo outro indiv\u00edduo que utilizou um peda\u00e7o de telha, na sequencia entraram em luta corporal e ent\u00e3o desferiu diversos chutes e socos na regi\u00e3o frontal do rosto daquele sujeito que lhe teria agredido anteriormente.<\/p>\n<p style=\"text-align: justify;\">Foi dada voz de pris\u00e3o em flagrante por homic\u00eddio, vindo o outro indiv\u00edduo a ser socorrido pela ambul\u00e2ncia municipal, evoluindo a \u00f3bito. Autor tem 25 anos e v\u00edtima 37.<\/p>\n<p style=\"text-align: justify;\">Ocorr\u00eancia conduzida ao Plant\u00e3o de Pol\u00edcia Judici\u00e1ria em Dracena permanecendo o autor preso \u00e0 disposi\u00e7\u00e3o da Justi\u00e7a.<\/p>\n<p>Fonte: Comunica\u00e7\u00e3o Social Pol\u00edcia Militar<\/p>\n","protected":false},"excerpt":{"rendered":"<p>Em uma a\u00e7\u00e3o r\u00e1pida e precisa, a Pol\u00edcia Militar prendeu o autor de um homic\u00eddio logo ap\u00f3s o crime. O resultado reflete o empenho e a efici\u00eancia dos policiais militares em garantir a seguran\u00e7a da comunidade. Na data de ontem (13) por volta das 20h10min policiais militares do 25\u00ba Batalh\u00e3o de Pol\u00edcia Militar do Interior [&hellip;]<\/p>\n","protected":false},"author":1,"featured_media":98766,"comment_status":"closed","ping_status":"open","sticky":false,"template":"","format":"standard","meta":{"footnotes":""},"categories":[110,2],"tags":[],"class_list":["post-98765","post","type-post","status-publish","format-standard","has-post-thumbnail","hentry","category-noticiasdestaque","category-policial"],"_links":{"self":[{"href":"https:\/\/jorgezanoni.com.br\/2019\/wp-json\/wp\/v2\/posts\/98765","targetHints":{"allow":["GET"]}}],"collection":[{"href":"https:\/\/jorgezanoni.com.br\/2019\/wp-json\/wp\/v2\/posts"}],"about":[{"href":"https:\/\/jorgezanoni.com.br\/2019\/wp-json\/wp\/v2\/types\/post"}],"author":[{"embeddable":true,"href":"https:\/\/jorgezanoni.com.br\/2019\/wp-json\/wp\/v2\/users\/1"}],"replies":[{"embeddable":true,"href":"https:\/\/jorgezanoni.com.br\/2019\/wp-json\/wp\/v2\/comments?post=98765"}],"version-history":[{"count":2,"href":"https:\/\/jorgezanoni.com.br\/2019\/wp-json\/wp\/v2\/posts\/98765\/revisions"}],"predecessor-version":[{"id":98768,"href":"https:\/\/jorgezanoni.com.br\/2019\/wp-json\/wp\/v2\/posts\/98765\/revisions\/98768"}],"wp:featuredmedia":[{"embeddable":true,"href":"https:\/\/jorgezanoni.com.br\/2019\/wp-json\/wp\/v2\/media\/98766"}],"wp:attachment":[{"href":"https:\/\/jorgezanoni.com.br\/2019\/wp-json\/wp\/v2\/media?parent=98765"}],"wp:term":[{"taxonomy":"category","embeddable":true,"href":"https:\/\/jorgezanoni.com.br\/2019\/wp-json\/wp\/v2\/categories?post=98765"},{"taxonomy":"post_tag","embeddable":true,"href":"https:\/\/jorgezanoni.com.br\/2019\/wp-json\/wp\/v2\/tags?post=98765"}],"curies":[{"name":"wp","href":"https:\/\/api.w.org\/{rel}","templated":true}]}}