{"id":98762,"date":"2025-10-14T20:54:24","date_gmt":"2025-10-14T20:54:24","guid":{"rendered":"https:\/\/jorgezanoni.com.br\/2019\/?p=98762"},"modified":"2025-10-14T22:55:59","modified_gmt":"2025-10-14T22:55:59","slug":"eficacia-da-policia-militar-em-acao-da-forca-tatica-resulta-na-prisao-de-individuo-por-roubo","status":"publish","type":"post","link":"https:\/\/jorgezanoni.com.br\/2019\/eficacia-da-policia-militar-em-acao-da-forca-tatica-resulta-na-prisao-de-individuo-por-roubo\/","title":{"rendered":"Efic\u00e1cia da Pol\u00edcia Militar em a\u00e7\u00e3o da For\u00e7a T\u00e1tica resulta na pris\u00e3o de indiv\u00edduo por roubo"},"content":{"rendered":"<p style=\"text-align: justify;\">Na noite de ontem (13) por volta das 19h32min mais um resultado da atua\u00e7\u00e3o policial, em uma a\u00e7\u00e3o r\u00e1pida os policiais militares do 25\u00ba Batalh\u00e3o de Pol\u00edcia Militar do Interior durante patrulhamento de For\u00e7a T\u00e1tica pelo munic\u00edpio de Dracena, ap\u00f3s o despacho de ocorr\u00eancia de roubo, onde v\u00edtima (homem 71 anos) informou que foi abordado pelo indiv\u00edduo (homem 46 anos) que o segurou pelo pesco\u00e7o, e subtraiu a quantia de R$44,00 (quarenta e quatro reais) em dinheiro e saiu correndo em dire\u00e7\u00e3o \u00e0 rua Bezerra de Menezes. As equipes rapidamente chegaram ao local e encontrou o autor que ainda estava com a vestes e a quantia informada, sendo logo reconhecido pela v\u00edtima. Diante dos fatos foi dado voz de pris\u00e3o pelo crime do art 157 do C\u00f3digo Penal (roubo) e conduzido ao Plant\u00e3o Policial permanecendo \u00e0 disposi\u00e7\u00e3o da Justi\u00e7a.<\/p>\n<p>Fonte: Comunica\u00e7\u00e3o Social Pol\u00edcia Militar<\/p>\n","protected":false},"excerpt":{"rendered":"<p>Na noite de ontem (13) por volta das 19h32min mais um resultado da atua\u00e7\u00e3o policial, em uma a\u00e7\u00e3o r\u00e1pida os policiais militares do 25\u00ba Batalh\u00e3o de Pol\u00edcia Militar do Interior durante patrulhamento de For\u00e7a T\u00e1tica pelo munic\u00edpio de Dracena, ap\u00f3s o despacho de ocorr\u00eancia de roubo, onde v\u00edtima (homem 71 anos) informou que foi abordado [&hellip;]<\/p>\n","protected":false},"author":1,"featured_media":98763,"comment_status":"closed","ping_status":"open","sticky":false,"template":"","format":"standard","meta":{"footnotes":""},"categories":[110,2],"tags":[],"class_list":["post-98762","post","type-post","status-publish","format-standard","has-post-thumbnail","hentry","category-noticiasdestaque","category-policial"],"_links":{"self":[{"href":"https:\/\/jorgezanoni.com.br\/2019\/wp-json\/wp\/v2\/posts\/98762","targetHints":{"allow":["GET"]}}],"collection":[{"href":"https:\/\/jorgezanoni.com.br\/2019\/wp-json\/wp\/v2\/posts"}],"about":[{"href":"https:\/\/jorgezanoni.com.br\/2019\/wp-json\/wp\/v2\/types\/post"}],"author":[{"embeddable":true,"href":"https:\/\/jorgezanoni.com.br\/2019\/wp-json\/wp\/v2\/users\/1"}],"replies":[{"embeddable":true,"href":"https:\/\/jorgezanoni.com.br\/2019\/wp-json\/wp\/v2\/comments?post=98762"}],"version-history":[{"count":1,"href":"https:\/\/jorgezanoni.com.br\/2019\/wp-json\/wp\/v2\/posts\/98762\/revisions"}],"predecessor-version":[{"id":98764,"href":"https:\/\/jorgezanoni.com.br\/2019\/wp-json\/wp\/v2\/posts\/98762\/revisions\/98764"}],"wp:featuredmedia":[{"embeddable":true,"href":"https:\/\/jorgezanoni.com.br\/2019\/wp-json\/wp\/v2\/media\/98763"}],"wp:attachment":[{"href":"https:\/\/jorgezanoni.com.br\/2019\/wp-json\/wp\/v2\/media?parent=98762"}],"wp:term":[{"taxonomy":"category","embeddable":true,"href":"https:\/\/jorgezanoni.com.br\/2019\/wp-json\/wp\/v2\/categories?post=98762"},{"taxonomy":"post_tag","embeddable":true,"href":"https:\/\/jorgezanoni.com.br\/2019\/wp-json\/wp\/v2\/tags?post=98762"}],"curies":[{"name":"wp","href":"https:\/\/api.w.org\/{rel}","templated":true}]}}