{"id":9873,"date":"2019-10-29T02:05:47","date_gmt":"2019-10-29T02:05:47","guid":{"rendered":"https:\/\/jorgezanoni.com.br\/2019\/?p=9873"},"modified":"2019-10-29T02:05:47","modified_gmt":"2019-10-29T02:05:47","slug":"vendaval-derruba-cobertura-do-terminal-urbano-da-zona-oeste-de-presidente-prudente","status":"publish","type":"post","link":"https:\/\/jorgezanoni.com.br\/2019\/vendaval-derruba-cobertura-do-terminal-urbano-da-zona-oeste-de-presidente-prudente\/","title":{"rendered":"Vendaval derruba cobertura do Terminal Urbano da zona oeste de Presidente Prudente"},"content":{"rendered":"<h2 class=\"content-head__subtitle\" style=\"text-align: justify;\"><strong>Instituto Nacional de Meteorologia (Inmet) chegou a constatar rajadas de vento de at\u00e9 79,2km\/h na tarde desta segunda-feira (28) na cidade.<\/strong><\/h2>\n<div class=\"mc-column content-text active-extra-styles \" style=\"text-align: justify;\" data-block-type=\"unstyled\" data-block-weight=\"25\" data-block-id=\"2\">\n<p class=\"content-text__container \" data-track-category=\"Link no Texto\" data-track-links=\"\">O vendaval que atingiu\u00a0<a href=\"https:\/\/g1.globo.com\/sp\/presidente-prudente-regiao\/cidade\/presidente-prudente\/\">Presidente Prudente\u00a0<\/a>na tarde desta segunda-feira (28) causou a queda da cobertura do Terminal Urbano localizado na zona oeste da cidade.<\/p>\n<\/div>\n<div class=\"wall protected-content\">\n<div class=\"mc-column content-text active-extra-styles \" style=\"text-align: justify;\" data-block-type=\"unstyled\" data-block-weight=\"43\" data-block-id=\"3\">\n<p class=\"content-text__container \" data-track-category=\"Link no Texto\" data-track-links=\"\">A Prefeitura informou que a Secretaria Municipal de Obras e Servi\u00e7os P\u00fablicos j\u00e1 comunicou a empresa respons\u00e1vel pela obra do terminal, que at\u00e9 a pr\u00f3xima segunda-feira (4) estar\u00e1 em Presidente Prudente para avaliar os danos e iniciar os reparos em toda a cobertura.<\/p>\n<\/div>\n<div class=\"mc-column content-text active-extra-styles \" style=\"text-align: justify;\" data-block-type=\"unstyled\" data-block-weight=\"12\" data-block-id=\"4\">\n<p class=\"content-text__container \" data-track-category=\"Link no Texto\" data-track-links=\"\">Segundo o Corpo de Bombeiros, ningu\u00e9m ficou ferido em decorr\u00eancia do desabamento.<\/p>\n<\/div>\n<div class=\"mc-column content-text active-extra-styles \" data-block-type=\"unstyled\" data-block-weight=\"37\" data-block-id=\"5\">\n<p class=\"content-text__container \" style=\"text-align: justify;\" data-track-category=\"Link no Texto\" data-track-links=\"\">Localizado na Rodovia Arthur Boigues Filho, a chamada Estrada da Amizade, na altura do Residencial Carand\u00e1, o Terminal Urbano da zona oeste foi inaugurado pela Prefeitura em dezembro de 2016, ao custo aproximado de R$ 800 mil.<\/p>\n<div class=\"mc-column content-text active-extra-styles \" style=\"text-align: justify;\" data-block-type=\"unstyled\" data-block-weight=\"37\" data-block-id=\"7\">\n<p class=\"content-text__container \" data-track-category=\"Link no Texto\" data-track-links=\"\">No entanto, a obra s\u00f3 entrou em opera\u00e7\u00e3o em abril de 2019, com apenas uma linha de \u00f4nibus do transporte coletivo urbano em circula\u00e7\u00e3o, a 124, entre o Residencial Mar\u00e9 Mansa e o Jardim Itatiaia e vice-versa.<\/p>\n<\/div>\n<div class=\"mc-column content-text active-extra-styles \" style=\"text-align: justify;\" data-block-type=\"unstyled\" data-block-weight=\"38\" data-block-id=\"8\">\n<p class=\"content-text__container \" data-track-category=\"Link no Texto\" data-track-links=\"\">A\u00a0<a href=\"https:\/\/g1.globo.com\/sp\/presidente-prudente-regiao\/noticia\/inaugurado-ha-mais-de-um-ano-terminal-urbano-da-zona-oeste-segue-sem-funcionar-e-acumula-mato-e-insetos-veja-video.ghtml\">estrutura integrou o pacote de obras de mobilidade, que recebeu verba federal pelo Programa de Acelera\u00e7\u00e3o do Crescimento 2, o PAC 2<\/a>. Na ocasi\u00e3o, a Prefeitura anunciou o valor de R$ 35 milh\u00f5es de investimentos no munic\u00edpio.<\/p>\n<\/div>\n<div class=\"mc-column content-text active-extra-styles\" style=\"text-align: justify;\" data-block-type=\"raw\" data-block-weight=\"36\" data-block-id=\"9\">\n<ul class=\"content-unordered-list\">\n<li><a href=\"https:\/\/g1.globo.com\/sp\/presidente-prudente-regiao\/noticia\/inaugurado-ha-mais-de-um-ano-terminal-urbano-da-zona-oeste-segue-sem-funcionar-e-acumula-mato-e-insetos-veja-video.ghtml\">Inaugurado h\u00e1 mais de um ano, Terminal Urbano da zona oeste segue sem funcionar e acumula mato e insetos; veja v\u00eddeo<\/a><\/li>\n<li><a href=\"https:\/\/g1.globo.com\/sp\/presidente-prudente-regiao\/noticia\/2019\/10\/15\/prefeitura-abre-licitacao-para-instalar-cameras-de-monitoramento-em-terminais-de-onibus-em-presidente-prudente.ghtml\">Prefeitura abre licita\u00e7\u00e3o para instalar c\u00e2meras de monitoramento em terminais de \u00f4nibus em Presidente Prudente<\/a><\/li>\n<\/ul>\n<\/div>\n<div class=\"mc-column content-text active-extra-styles \" style=\"text-align: justify;\" data-block-type=\"unstyled\" data-block-weight=\"27\" data-block-id=\"10\">\n<p class=\"content-text__container \" data-track-category=\"Link no Texto\" data-track-links=\"\">Em um intervalo de aproximadamente 50 minutos, o Corpo de Bombeiros recebeu 20 chamados de ocorr\u00eancias relacionadas a quedas de \u00e1rvores em Presidente Prudente motivadas pelo vendaval.<\/p>\n<\/div>\n<div class=\"mc-column content-text active-extra-styles \" data-block-type=\"unstyled\" data-block-weight=\"23\" data-block-id=\"11\">\n<p class=\"content-text__container \" style=\"text-align: justify;\" data-track-category=\"Link no Texto\" data-track-links=\"\">O Instituto Nacional de Meteorologia (Inmet) chegou a constatar rajadas de vento de at\u00e9 79,2km\/h na tarde desta segunda-feira (28) em Presidente Prudente.<\/p>\n<div class=\"mc-column content-text active-extra-styles\" style=\"text-align: justify;\" data-block-type=\"raw\" data-block-weight=\"2\" data-block-id=\"14\">\n<div class=\"content-intertitle\">\n<h2>Na cal\u00e7ada<\/h2>\n<\/div>\n<\/div>\n<div class=\"mc-column content-text active-extra-styles \" style=\"text-align: justify;\" data-block-type=\"unstyled\" data-block-weight=\"61\" data-block-id=\"15\">\n<p class=\"content-text__container \" data-track-category=\"Link no Texto\" data-track-links=\"\">A Prefeitura informou que est\u00e1 mobilizando equipes das secretarias municipais de Meio Ambiente (Semea) e de Mobilidade Urbano e Coopera\u00e7\u00e3o em Seguran\u00e7a P\u00fablica (Semob), da Coordenadoria de Prote\u00e7\u00e3o e Defesa Civil, da Companhia Prudentina de Desenvolvimento (Prudenco) e do Corpo de Bombeiros para auxiliar no atendimento \u00e0s ocorr\u00eancias registradas pelo forte vendaval que atingiu a cidade na tarde desta segunda-feira (28).<\/p>\n<\/div>\n<div class=\"mc-column content-text active-extra-styles \" style=\"text-align: justify;\" data-block-type=\"unstyled\" data-block-weight=\"35\" data-block-id=\"16\">\n<p class=\"content-text__container \" data-track-category=\"Link no Texto\" data-track-links=\"\">\u201cAt\u00e9 as 17h40, os bombeiros haviam recebido 35 solicita\u00e7\u00f5es de quedas de \u00e1rvores na cidade, mas a estimativa da Semea \u00e9 de que haja pelo menos 60 ocorr\u00eancias para serem atendidas\u201d, salientou o Poder Executivo.<\/p>\n<\/div>\n<div class=\"mc-column content-text active-extra-styles \" style=\"text-align: justify;\" data-block-type=\"unstyled\" data-block-weight=\"75\" data-block-id=\"17\">\n<p class=\"content-text__container \" data-track-category=\"Link no Texto\" data-track-links=\"\">\u201cNeste momento, as equipes atuam na sinaliza\u00e7\u00e3o de vias interditadas e no corte dos galhos que estejam interrompendo o tr\u00e1fego de ve\u00edculos, com aux\u00edlio de motosserras e outros equipamentos. Por conta do alto n\u00famero de pedidos, os trabalhos se concentrar\u00e3o, num primeiro momento, em vias de grande fluxo de ve\u00edculos e linhas de transporte coletivo. Os galhos ser\u00e3o acomodados emergencialmente nas cal\u00e7adas e recolhidos nesta ter\u00e7a-feira (29), para otimizar os trabalhos\u201d, explicou a Prefeitura.<\/p>\n<\/div>\n<div class=\"mc-column content-text active-extra-styles \" style=\"text-align: justify;\" data-block-type=\"unstyled\" data-block-weight=\"17\" data-block-id=\"18\">\n<p class=\"content-text__container \" data-track-category=\"Link no Texto\" data-track-links=\"\">Novos registros de quedas de \u00e1rvores devem ser comunicados diretamente ao Corpo de Bombeiros, pelo telefone 193.<\/p>\n<\/div>\n<div class=\"mc-column content-text active-extra-styles \" data-block-type=\"unstyled\" data-block-weight=\"25\" data-block-id=\"19\">\n<p class=\"content-text__container \" style=\"text-align: justify;\" data-track-category=\"Link no Texto\" data-track-links=\"\">Sobre o Terminal Urbano da zona oeste, na Rodovia Arthur Boigues Filho, a Prefeitura pontuou que a cobertura \u201cfoi arrancada com a for\u00e7a dos ventos\u201d.<\/p>\n<p data-track-category=\"Link no Texto\" data-track-links=\"\"><img loading=\"lazy\" decoding=\"async\" class=\"alignnone size-full wp-image-9875\" src=\"https:\/\/jorgezanoni.com.br\/2019\/wp-content\/uploads\/2019\/10\/pru1.jpg\" alt=\"\" width=\"720\" height=\"960\" srcset=\"https:\/\/jorgezanoni.com.br\/2019\/wp-content\/uploads\/2019\/10\/pru1.jpg 720w, https:\/\/jorgezanoni.com.br\/2019\/wp-content\/uploads\/2019\/10\/pru1-225x300.jpg 225w, https:\/\/jorgezanoni.com.br\/2019\/wp-content\/uploads\/2019\/10\/pru1-696x928.jpg 696w, https:\/\/jorgezanoni.com.br\/2019\/wp-content\/uploads\/2019\/10\/pru1-315x420.jpg 315w\" sizes=\"auto, (max-width: 720px) 100vw, 720px\" \/><\/p>\n<div class=\"mc-column content-text active-extra-styles\" style=\"text-align: justify;\" data-block-type=\"raw\" data-block-weight=\"1\" data-block-id=\"23\">\n<div class=\"content-intertitle\">\n<h2>Energisa<\/h2>\n<\/div>\n<\/div>\n<div class=\"mc-column content-text active-extra-styles \" data-block-type=\"unstyled\" data-block-weight=\"59\" data-block-id=\"24\">\n<p class=\"content-text__container \" style=\"text-align: justify;\" data-track-category=\"Link no Texto\" data-track-links=\"\">Em nota, a Energisa, concession\u00e1ria respons\u00e1vel pelo fornecimento de energia na regi\u00e3o, informou que o forte temporal, acompanhado de raios e ventos provocou o lan\u00e7amento de galhos objetos contra a rede el\u00e9trica, ocasionando o rompimento de cabos de energia nas cidades de Presidente Prudente,\u00a0<a href=\"https:\/\/g1.globo.com\/sp\/presidente-prudente-regiao\/cidade\/santo-anastacio\/\">Santo Anast\u00e1cio<\/a>,\u00a0<a href=\"https:\/\/g1.globo.com\/sp\/presidente-prudente-regiao\/cidade\/lucelia\/\">Luc\u00e9lia<\/a>,\u00a0<a href=\"https:\/\/g1.globo.com\/sp\/presidente-prudente-regiao\/cidade\/osvaldo-cruz\/\">Osvaldo Cruz<\/a>\u00a0e\u00a0<a href=\"https:\/\/g1.globo.com\/sp\/presidente-prudente-regiao\/cidade\/rancharia\/\">Rancharia<\/a>, na tarde desta segunda-feira, por volta das 17h.<\/p>\n<div class=\"mc-column content-text active-extra-styles \" style=\"text-align: justify;\" data-block-type=\"unstyled\" data-block-weight=\"34\" data-block-id=\"26\">\n<p class=\"content-text__container \" data-track-category=\"Link no Texto\" data-track-links=\"\">\u201cA distribuidora acionou o seu plano de conting\u00eancia, e triplicou o n\u00famero de equipes pr\u00f3prias e terceirizadas em campo e est\u00e1 atuando em diversos pontos dos munic\u00edpios para regularizar o abastecimento\u201d, explicou a concession\u00e1ria.<\/p>\n<\/div>\n<div class=\"mc-column content-text active-extra-styles \" style=\"text-align: justify;\" data-block-type=\"unstyled\" data-block-weight=\"24\" data-block-id=\"27\">\n<p class=\"content-text__container \" data-track-category=\"Link no Texto\" data-track-links=\"\">A empresa orienta aos clientes que encontrarem fios ca\u00eddos, que mantenham dist\u00e2ncia e avisem imediatamente a concession\u00e1ria pelo telefone 0800 7010 326 (liga\u00e7\u00e3o gratuita).<\/p>\n<\/div>\n<div class=\"mc-column content-text active-extra-styles \" style=\"text-align: justify;\" data-block-type=\"unstyled\" data-block-weight=\"21\" data-block-id=\"28\">\n<p class=\"content-text__container \" data-track-category=\"Link no Texto\" data-track-links=\"\">Al\u00e9m do contato via 0800, os clientes tamb\u00e9m podem acionar a distribuidora pelo aplicativo Energisa On, rede social ou pelo site.<\/p>\n<\/div>\n<div class=\"mc-column content-text active-extra-styles \" data-block-type=\"unstyled\" data-block-weight=\"20\" data-block-id=\"29\">\n<p class=\"content-text__container \" style=\"text-align: justify;\" data-track-category=\"Link no Texto\" data-track-links=\"\">\u201cEm caso de falta de energia, o contato pode ser realizado pelos mesmos canais citados\u201d, finalizou a Energisa em nota.<\/p>\n<p style=\"text-align: justify;\" data-track-category=\"Link no Texto\" data-track-links=\"\"><img loading=\"lazy\" decoding=\"async\" class=\"alignnone size-full wp-image-9874\" src=\"https:\/\/jorgezanoni.com.br\/2019\/wp-content\/uploads\/2019\/10\/cerrca.jpeg\" alt=\"\" width=\"1200\" height=\"675\" srcset=\"https:\/\/jorgezanoni.com.br\/2019\/wp-content\/uploads\/2019\/10\/cerrca.jpeg 1200w, https:\/\/jorgezanoni.com.br\/2019\/wp-content\/uploads\/2019\/10\/cerrca-300x169.jpeg 300w, https:\/\/jorgezanoni.com.br\/2019\/wp-content\/uploads\/2019\/10\/cerrca-768x432.jpeg 768w, https:\/\/jorgezanoni.com.br\/2019\/wp-content\/uploads\/2019\/10\/cerrca-1024x576.jpeg 1024w, https:\/\/jorgezanoni.com.br\/2019\/wp-content\/uploads\/2019\/10\/cerrca-696x392.jpeg 696w, https:\/\/jorgezanoni.com.br\/2019\/wp-content\/uploads\/2019\/10\/cerrca-1068x601.jpeg 1068w, https:\/\/jorgezanoni.com.br\/2019\/wp-content\/uploads\/2019\/10\/cerrca-747x420.jpeg 747w\" sizes=\"auto, (max-width: 1200px) 100vw, 1200px\" \/>Vendaval derrubou alambrado na Avenida JK, pr\u00f3ximo ao Jardim Igua\u00e7u, em Presidente Prudente \u2014 Foto: Paulo Taroco<\/p>\n<p data-track-category=\"Link no Texto\" data-track-links=\"\">Fonte: G1<\/p>\n<\/div>\n<\/div>\n<p data-track-category=\"Link no Texto\" data-track-links=\"\">\n<\/div>\n<p data-track-category=\"Link no Texto\" data-track-links=\"\">\n<\/div>\n<\/div>\n<\/div>\n","protected":false},"excerpt":{"rendered":"<p>Instituto Nacional de Meteorologia (Inmet) chegou a constatar rajadas de vento de at\u00e9 79,2km\/h na tarde desta segunda-feira (28) na cidade. O vendaval que atingiu\u00a0Presidente Prudente\u00a0na tarde desta segunda-feira (28) causou a queda da cobertura do Terminal Urbano localizado na zona oeste da cidade. A Prefeitura informou que a Secretaria Municipal de Obras e Servi\u00e7os [&hellip;]<\/p>\n","protected":false},"author":1,"featured_media":9876,"comment_status":"closed","ping_status":"open","sticky":false,"template":"","format":"standard","meta":{"footnotes":""},"categories":[114,110],"tags":[],"class_list":["post-9873","post","type-post","status-publish","format-standard","has-post-thumbnail","hentry","category-geralecomercio","category-noticiasdestaque"],"_links":{"self":[{"href":"https:\/\/jorgezanoni.com.br\/2019\/wp-json\/wp\/v2\/posts\/9873","targetHints":{"allow":["GET"]}}],"collection":[{"href":"https:\/\/jorgezanoni.com.br\/2019\/wp-json\/wp\/v2\/posts"}],"about":[{"href":"https:\/\/jorgezanoni.com.br\/2019\/wp-json\/wp\/v2\/types\/post"}],"author":[{"embeddable":true,"href":"https:\/\/jorgezanoni.com.br\/2019\/wp-json\/wp\/v2\/users\/1"}],"replies":[{"embeddable":true,"href":"https:\/\/jorgezanoni.com.br\/2019\/wp-json\/wp\/v2\/comments?post=9873"}],"version-history":[{"count":0,"href":"https:\/\/jorgezanoni.com.br\/2019\/wp-json\/wp\/v2\/posts\/9873\/revisions"}],"wp:featuredmedia":[{"embeddable":true,"href":"https:\/\/jorgezanoni.com.br\/2019\/wp-json\/wp\/v2\/media\/9876"}],"wp:attachment":[{"href":"https:\/\/jorgezanoni.com.br\/2019\/wp-json\/wp\/v2\/media?parent=9873"}],"wp:term":[{"taxonomy":"category","embeddable":true,"href":"https:\/\/jorgezanoni.com.br\/2019\/wp-json\/wp\/v2\/categories?post=9873"},{"taxonomy":"post_tag","embeddable":true,"href":"https:\/\/jorgezanoni.com.br\/2019\/wp-json\/wp\/v2\/tags?post=9873"}],"curies":[{"name":"wp","href":"https:\/\/api.w.org\/{rel}","templated":true}]}}