{"id":98604,"date":"2025-10-06T21:09:07","date_gmt":"2025-10-06T21:09:07","guid":{"rendered":"https:\/\/jorgezanoni.com.br\/2019\/?p=98604"},"modified":"2025-10-06T21:09:07","modified_gmt":"2025-10-06T21:09:07","slug":"sicredi-inaugura-agencia-em-martinopolis-e-fortalece-presenca-regional","status":"publish","type":"post","link":"https:\/\/jorgezanoni.com.br\/2019\/sicredi-inaugura-agencia-em-martinopolis-e-fortalece-presenca-regional\/","title":{"rendered":"Sicredi inaugura ag\u00eancia em Martin\u00f3polis e fortalece presen\u00e7a regional"},"content":{"rendered":"<p class=\"v1MsoNormal\" style=\"text-align: justify;\" align=\"center\"><strong>Nova unidade marca a 24\u00aa ag\u00eancia da Sicredi Centro Oeste Paulista e refor\u00e7a o compromisso com o desenvolvimento local.<\/strong><\/p>\n<p class=\"v1MsoNormal\" style=\"text-align: justify;\">Na \u00faltima sexta-feira (3), a Sicredi Centro Oeste Paulista inaugurou sua nova ag\u00eancia em Martin\u00f3polis\/SP, localizada na Rua Jos\u00e9 Domingues de Almeida, 1800, junto ao rec\u00e9m-inaugurado Conal Supercenter. A chegada da cooperativa \u00e0 cidade representa mais um passo na expans\u00e3o regional, totalizando 24 ag\u00eancias em sua \u00e1rea de atua\u00e7\u00e3o.<\/p>\n<p class=\"v1MsoNormal\" style=\"text-align: justify;\">Com 98 m\u00b2, o espa\u00e7o foi projetado para oferecer conforto, funcionalidade e proximidade no atendimento. A estrutura conta com dois caixas de autoatendimento, espa\u00e7os de atendimento com mesas, poltronas e sof\u00e1s, proporcionando um ambiente acolhedor e eficiente para os associados.<\/p>\n<p class=\"v1MsoNormal\" style=\"text-align: justify;\">&#8220;Cada nova ag\u00eancia \u00e9 uma oportunidade de gerar impacto positivo na economia local. O dinheiro investido na cooperativa permanece na regi\u00e3o, gerando renda, oportunidades e crescimento sustent\u00e1vel.&#8221;, afirma Ildo Wilde, diretor executivo da Sicredi Centro Oeste Paulista.<\/p>\n<p class=\"v1MsoNormal\" style=\"text-align: justify;\">O presidente da cooperativa, Dr. Jo\u00e3o Salvi, tamb\u00e9m esteve presente e refor\u00e7ou o papel da Sicredi no desenvolvimento regional: &#8220;A chegada do Sicredi a Martin\u00f3polis representa mais do que uma nova ag\u00eancia. \u00c9 um convite para que a comunidade participe ativamente do cooperativismo, fortalecendo v\u00ednculos e construindo juntos um futuro mais pr\u00f3spero&#8221;<\/p>\n<p class=\"v1MsoNormal\" style=\"text-align: justify;\">A inaugura\u00e7\u00e3o reafirma o compromisso da Sicredi Centro Oeste Paulista com a expans\u00e3o respons\u00e1vel, promovendo inclus\u00e3o financeira, educa\u00e7\u00e3o cooperativa e apoio ao empreendedorismo local, sempre com foco no fortalecimento das comunidades onde atua.<\/p>\n<p class=\"v1MsoNormal\" style=\"text-align: justify;\"><b><i>Sobre o Sicredi<\/i><\/b><i><\/i><\/p>\n<p class=\"v1MsoNormal\" style=\"text-align: justify;\"><i>O Sicredi \u00e9 uma institui\u00e7\u00e3o financeira cooperativa comprometida com o crescimento de seus associados e com o desenvolvimento das regi\u00f5es onde atua. Possui um modelo de gest\u00e3o que valoriza a participa\u00e7\u00e3o dos mais de 9,5 milh\u00f5es de associados, que exercem o papel de donos do neg\u00f3cio. Com mais de 2.900 ag\u00eancias, o Sicredi est\u00e1 presente fisicamente em todos os estados brasileiros e no Distrito Federal, disponibilizando uma gama completa de solu\u00e7\u00f5es financeiras e n\u00e3o financeiras.<\/i><\/p>\n<p class=\"v1MsoNormal\" style=\"text-align: justify;\"><b><i>Site do Sicredi:\u00a0<a href=\"http:\/\/www.sicredi.com.br\/\" target=\"_blank\" rel=\"noopener noreferrer\">www.sicredi.com.br<\/a><\/i><\/b><\/p>\n<p class=\"v1MsoNormal\" style=\"text-align: justify;\"><b><i>Redes Sociais:\u00a0<\/i><\/b><em><b><u><span lang=\"EN-US\"><a href=\"http:\/\/www.facebook.com\/sicredicentrooestepaulista\" target=\"_blank\" rel=\"noopener noreferrer\"><i><span lang=\"PT-BR\">Facebook<\/span><\/i><\/a><\/span><\/u><\/b><\/em><em>\u00a0|<\/em>\u00a0<em><b><u><span lang=\"EN-US\"><a href=\"https:\/\/www.linkedin.com\/company\/sicredi-centro-oeste-paulista\/\" target=\"_blank\" rel=\"noopener noreferrer\"><i><span lang=\"PT-BR\">LinkedIn<\/span><\/i><\/a><\/span><\/u><\/b><\/em><em>\u00a0|<\/em>\u00a0<em><b><u><span lang=\"EN-US\"><a href=\"http:\/\/www.youtube.com\/sicredicentrooestepaulista\" target=\"_blank\" rel=\"noopener noreferrer\"><i><span lang=\"PT-BR\">YouTube<\/span><\/i><\/a><\/span><\/u><\/b><\/em><span lang=\"EN-US\">\u00a0<\/span><em>|\u00a0<\/em><em><b><u><span lang=\"EN-US\"><a href=\"http:\/\/www.instagram.com\/sicredicentrooestepaulista\" target=\"_blank\" rel=\"noopener noreferrer\"><i><span lang=\"PT-BR\">Instagram<\/span><\/i><\/a><\/span><\/u><\/b><\/em><\/p>\n<p style=\"text-align: justify;\"><img loading=\"lazy\" decoding=\"async\" class=\"alignnone size-full wp-image-98605\" src=\"https:\/\/jorgezanoni.com.br\/2019\/wp-content\/uploads\/2025\/10\/Contamos-com-a-presenca-dos-colaboradores-da-agencia-do-parceiro-Vanderson-Colnago-e-o-corpo-de-conselho-de-administracao-Pequeno.jpg\" alt=\"\" width=\"720\" height=\"480\" srcset=\"https:\/\/jorgezanoni.com.br\/2019\/wp-content\/uploads\/2025\/10\/Contamos-com-a-presenca-dos-colaboradores-da-agencia-do-parceiro-Vanderson-Colnago-e-o-corpo-de-conselho-de-administracao-Pequeno.jpg 720w, https:\/\/jorgezanoni.com.br\/2019\/wp-content\/uploads\/2025\/10\/Contamos-com-a-presenca-dos-colaboradores-da-agencia-do-parceiro-Vanderson-Colnago-e-o-corpo-de-conselho-de-administracao-Pequeno-300x200.jpg 300w, https:\/\/jorgezanoni.com.br\/2019\/wp-content\/uploads\/2025\/10\/Contamos-com-a-presenca-dos-colaboradores-da-agencia-do-parceiro-Vanderson-Colnago-e-o-corpo-de-conselho-de-administracao-Pequeno-696x464.jpg 696w, https:\/\/jorgezanoni.com.br\/2019\/wp-content\/uploads\/2025\/10\/Contamos-com-a-presenca-dos-colaboradores-da-agencia-do-parceiro-Vanderson-Colnago-e-o-corpo-de-conselho-de-administracao-Pequeno-630x420.jpg 630w\" sizes=\"auto, (max-width: 720px) 100vw, 720px\" \/>Contamos com a presen\u00e7a dos colaboradores da ag\u00eancia, do parceiro Vanderson Colnago e o corpo de conselho de administra\u00e7\u00e3o.<\/p>\n<p><img loading=\"lazy\" decoding=\"async\" class=\"alignnone size-full wp-image-98607\" src=\"https:\/\/jorgezanoni.com.br\/2019\/wp-content\/uploads\/2025\/10\/Presidente-da-Camara-Gabriel-Valoes-Santos-Pequeno.jpg\" alt=\"\" width=\"720\" height=\"480\" srcset=\"https:\/\/jorgezanoni.com.br\/2019\/wp-content\/uploads\/2025\/10\/Presidente-da-Camara-Gabriel-Valoes-Santos-Pequeno.jpg 720w, https:\/\/jorgezanoni.com.br\/2019\/wp-content\/uploads\/2025\/10\/Presidente-da-Camara-Gabriel-Valoes-Santos-Pequeno-300x200.jpg 300w, https:\/\/jorgezanoni.com.br\/2019\/wp-content\/uploads\/2025\/10\/Presidente-da-Camara-Gabriel-Valoes-Santos-Pequeno-696x464.jpg 696w, https:\/\/jorgezanoni.com.br\/2019\/wp-content\/uploads\/2025\/10\/Presidente-da-Camara-Gabriel-Valoes-Santos-Pequeno-630x420.jpg 630w\" sizes=\"auto, (max-width: 720px) 100vw, 720px\" \/>Presidente da C\u00e2mara Gabriel Val\u00f5es Santos<\/p>\n<p><img loading=\"lazy\" decoding=\"async\" class=\"alignnone size-full wp-image-98608\" src=\"https:\/\/jorgezanoni.com.br\/2019\/wp-content\/uploads\/2025\/10\/Presidente-da-Cooperativa-Dr.-Joao-Salvi-Pequeno.jpg\" alt=\"\" width=\"720\" height=\"480\" srcset=\"https:\/\/jorgezanoni.com.br\/2019\/wp-content\/uploads\/2025\/10\/Presidente-da-Cooperativa-Dr.-Joao-Salvi-Pequeno.jpg 720w, https:\/\/jorgezanoni.com.br\/2019\/wp-content\/uploads\/2025\/10\/Presidente-da-Cooperativa-Dr.-Joao-Salvi-Pequeno-300x200.jpg 300w, https:\/\/jorgezanoni.com.br\/2019\/wp-content\/uploads\/2025\/10\/Presidente-da-Cooperativa-Dr.-Joao-Salvi-Pequeno-696x464.jpg 696w, https:\/\/jorgezanoni.com.br\/2019\/wp-content\/uploads\/2025\/10\/Presidente-da-Cooperativa-Dr.-Joao-Salvi-Pequeno-630x420.jpg 630w\" sizes=\"auto, (max-width: 720px) 100vw, 720px\" \/>Presidente da Cooperativa Dr. Jo\u00e3o Salvi<\/p>\n<p><img loading=\"lazy\" decoding=\"async\" class=\"alignnone size-full wp-image-98609\" src=\"https:\/\/jorgezanoni.com.br\/2019\/wp-content\/uploads\/2025\/10\/Vice-prefeito-Marcos-Rogerio-Matarazo-Pequeno.jpg\" alt=\"\" width=\"720\" height=\"480\" srcset=\"https:\/\/jorgezanoni.com.br\/2019\/wp-content\/uploads\/2025\/10\/Vice-prefeito-Marcos-Rogerio-Matarazo-Pequeno.jpg 720w, https:\/\/jorgezanoni.com.br\/2019\/wp-content\/uploads\/2025\/10\/Vice-prefeito-Marcos-Rogerio-Matarazo-Pequeno-300x200.jpg 300w, https:\/\/jorgezanoni.com.br\/2019\/wp-content\/uploads\/2025\/10\/Vice-prefeito-Marcos-Rogerio-Matarazo-Pequeno-696x464.jpg 696w, https:\/\/jorgezanoni.com.br\/2019\/wp-content\/uploads\/2025\/10\/Vice-prefeito-Marcos-Rogerio-Matarazo-Pequeno-630x420.jpg 630w\" sizes=\"auto, (max-width: 720px) 100vw, 720px\" \/>Vice-prefeito Marcos Rog\u00e9rio Matarazo<\/p>\n<p>Fonte: Comunica\u00e7\u00e3o e Marketing<\/p>\n","protected":false},"excerpt":{"rendered":"<p>Nova unidade marca a 24\u00aa ag\u00eancia da Sicredi Centro Oeste Paulista e refor\u00e7a o compromisso com o desenvolvimento local. Na \u00faltima sexta-feira (3), a Sicredi Centro Oeste Paulista inaugurou sua nova ag\u00eancia em Martin\u00f3polis\/SP, localizada na Rua Jos\u00e9 Domingues de Almeida, 1800, junto ao rec\u00e9m-inaugurado Conal Supercenter. A chegada da cooperativa \u00e0 cidade representa mais [&hellip;]<\/p>\n","protected":false},"author":1,"featured_media":98606,"comment_status":"closed","ping_status":"open","sticky":false,"template":"","format":"standard","meta":{"footnotes":""},"categories":[110,116],"tags":[],"class_list":["post-98604","post","type-post","status-publish","format-standard","has-post-thumbnail","hentry","category-noticiasdestaque","category-politicaeeconomia"],"_links":{"self":[{"href":"https:\/\/jorgezanoni.com.br\/2019\/wp-json\/wp\/v2\/posts\/98604","targetHints":{"allow":["GET"]}}],"collection":[{"href":"https:\/\/jorgezanoni.com.br\/2019\/wp-json\/wp\/v2\/posts"}],"about":[{"href":"https:\/\/jorgezanoni.com.br\/2019\/wp-json\/wp\/v2\/types\/post"}],"author":[{"embeddable":true,"href":"https:\/\/jorgezanoni.com.br\/2019\/wp-json\/wp\/v2\/users\/1"}],"replies":[{"embeddable":true,"href":"https:\/\/jorgezanoni.com.br\/2019\/wp-json\/wp\/v2\/comments?post=98604"}],"version-history":[{"count":1,"href":"https:\/\/jorgezanoni.com.br\/2019\/wp-json\/wp\/v2\/posts\/98604\/revisions"}],"predecessor-version":[{"id":98611,"href":"https:\/\/jorgezanoni.com.br\/2019\/wp-json\/wp\/v2\/posts\/98604\/revisions\/98611"}],"wp:featuredmedia":[{"embeddable":true,"href":"https:\/\/jorgezanoni.com.br\/2019\/wp-json\/wp\/v2\/media\/98606"}],"wp:attachment":[{"href":"https:\/\/jorgezanoni.com.br\/2019\/wp-json\/wp\/v2\/media?parent=98604"}],"wp:term":[{"taxonomy":"category","embeddable":true,"href":"https:\/\/jorgezanoni.com.br\/2019\/wp-json\/wp\/v2\/categories?post=98604"},{"taxonomy":"post_tag","embeddable":true,"href":"https:\/\/jorgezanoni.com.br\/2019\/wp-json\/wp\/v2\/tags?post=98604"}],"curies":[{"name":"wp","href":"https:\/\/api.w.org\/{rel}","templated":true}]}}