{"id":98600,"date":"2025-10-06T11:47:44","date_gmt":"2025-10-06T11:47:44","guid":{"rendered":"https:\/\/jorgezanoni.com.br\/2019\/?p=98600"},"modified":"2025-10-06T11:47:44","modified_gmt":"2025-10-06T11:47:44","slug":"morre-o-monsenhor-achiles-pinheiro-que-foi-paroco-na-paroquia-nossa-senhora-de-fatima-em-dracena","status":"publish","type":"post","link":"https:\/\/jorgezanoni.com.br\/2019\/morre-o-monsenhor-achiles-pinheiro-que-foi-paroco-na-paroquia-nossa-senhora-de-fatima-em-dracena\/","title":{"rendered":"Morre o Monsenhor Achiles Pinheiro que foi P\u00e1roco na Par\u00f3quia Nossa Senhora de F\u00e1tima em Dracena"},"content":{"rendered":"<div class=\"xdj266r x14z9mp xat24cr x1lziwak x1vvkbs x126k92a\">\n<div dir=\"auto\" style=\"text-align: justify;\"><strong>Com f\u00e9 e esperan\u00e7a na vida eterna, a Diocese de Mar\u00edlia comunica a P\u00e1scoa do amado e sempre guardado no cora\u00e7\u00e3o Monsenhor Achiles Paceli de Oliveira Pinheiro.<\/strong><\/div>\n<div dir=\"auto\" style=\"text-align: justify;\"><\/div>\n<\/div>\n<div class=\"x14z9mp xat24cr x1lziwak x1vvkbs xtlvy1s x126k92a\" style=\"text-align: justify;\">\n<div dir=\"auto\">Depois de um infarto muito intenso, ele se recuperou, mas na sequ\u00eancia n\u00e3o resistiu a um novo epis\u00f3dio e adormeceu no Senhor.<\/div>\n<div dir=\"auto\"><\/div>\n<\/div>\n<div class=\"x14z9mp xat24cr x1lziwak x1vvkbs xtlvy1s x126k92a\" style=\"text-align: justify;\">\n<div dir=\"auto\">Bendito seja Deus que nos deu a gra\u00e7a de viver t\u00e3o profundamente uma longa e distinta amizade!<\/div>\n<div dir=\"auto\"><\/div>\n<\/div>\n<div class=\"x14z9mp xat24cr x1lziwak x1vvkbs xtlvy1s x126k92a\" style=\"text-align: justify;\">\n<div dir=\"auto\"><strong>CRONOLOGIA E TRAJET\u00d3RIA<\/strong><\/div>\n<\/div>\n<div class=\"x14z9mp xat24cr x1lziwak x1vvkbs xtlvy1s x126k92a\" style=\"text-align: justify;\">\n<div dir=\"auto\">Nascido em Brotas, em 26 de fevereiro de 1939, Achiles, era o ca\u00e7ula de cinco irm\u00e3os de uma fam\u00edlia tradicionalmente cat\u00f3lica.<\/div>\n<\/div>\n<div class=\"x14z9mp xat24cr x1lziwak x1vvkbs xtlvy1s x126k92a\" style=\"text-align: justify;\">\n<div dir=\"auto\">Ainda aos dois anos, conheceria a cidade que seria o lugar para chamar de seu: Vera Cruz, pacato munic\u00edpio vizinho a Mar\u00edlia.<\/div>\n<\/div>\n<div class=\"x14z9mp xat24cr x1lziwak x1vvkbs xtlvy1s x126k92a\" style=\"text-align: justify;\">\n<div dir=\"auto\">Aos 11 anos, decidiu que sua conviv\u00eancia com o altar deveria ir al\u00e9m do servi\u00e7o de coroinha e amadureceu sua voca\u00e7\u00e3o sacerdotal. Com o incentivo da fam\u00edlia e da comunidade, ingressou no Semin\u00e1rio Menor Diocesano Nossa Senhora do Ros\u00e1rio, em Lins, em 1950.<\/div>\n<\/div>\n<div class=\"x14z9mp xat24cr x1lziwak x1vvkbs xtlvy1s x126k92a\" style=\"text-align: justify;\">\n<div dir=\"auto\">Ap\u00f3s o per\u00edodo de forma\u00e7\u00e3o em Lins, S\u00e3o Roque, S\u00e3o Paulo e Aparecida, foi ordenado sacerdote em 21 de dezembro de 1963, no Santu\u00e1rio Sagrado Cora\u00e7\u00e3o de Jesus, em Vera Cruz, pelas m\u00e3os do primeiro bispo de Mar\u00edlia, Dom Hugo Bressane de Ara\u00fajo.<\/div>\n<\/div>\n<div class=\"x14z9mp xat24cr x1lziwak x1vvkbs xtlvy1s x126k92a\" style=\"text-align: justify;\">\n<div dir=\"auto\">Exerceu diversas miss\u00f5es na Diocese de Mar\u00edlia: foi reitor do Semin\u00e1rio Diocesano S\u00e3o Pio X, chanceler do bispado, e fundador da Par\u00f3quia Nossa Senhora de F\u00e1tima, em Dracena. Atuou tamb\u00e9m em Tup\u00e3, Mar\u00edlia, Gar\u00e7a e Campos do Jord\u00e3o, sempre deixando marcas de dedica\u00e7\u00e3o pastoral e profunda espiritualidade.<\/div>\n<\/div>\n<div class=\"x14z9mp xat24cr x1lziwak x1vvkbs xtlvy1s x126k92a\" style=\"text-align: justify;\">\n<div dir=\"auto\">Na cidade de Mar\u00edlia, fundou a Par\u00f3quia Santa Rita de C\u00e1ssia e posteriormente serviu na Par\u00f3quia Nossa Senhora de Guadalupe, onde foi vig\u00e1rio geral da diocese e colaborador pr\u00f3ximo do ent\u00e3o bispo, Dom Osvaldo Giuntini. Em 1990, o Papa S\u00e3o Jo\u00e3o Paulo II concedeu-lhe o t\u00edtulo de Monsenhor, reconhecimento de seu servi\u00e7o exemplar \u00e0 Igreja.<\/div>\n<\/div>\n<div class=\"x14z9mp xat24cr x1lziwak x1vvkbs xtlvy1s x126k92a\" style=\"text-align: justify;\">\n<div dir=\"auto\">Nos \u00faltimos anos, o Monsenhor Achiles viveu na Par\u00f3quia Nossa Senhora Aparecida de Oriente, onde residia com seu amigo e cuidador, o padre Edson de Oliveira Lima, continuando a celebrar missas e a acolher os fi\u00e9is com a ternura e serenidade que sempre marcaram sua presen\u00e7a sacerdotal.<\/div>\n<\/div>\n<div class=\"x14z9mp xat24cr x1lziwak x1vvkbs xtlvy1s x126k92a\" style=\"text-align: justify;\">\n<div dir=\"auto\">Gra\u00e7as a Deus pela vida e pelo testemunho do Monsenhor Achiles, pastor dedicado, homem de ora\u00e7\u00e3o e cora\u00e7\u00e3o generoso.<\/div>\n<\/div>\n<div class=\"x14z9mp xat24cr x1lziwak x1vvkbs xtlvy1s x126k92a\" style=\"text-align: justify;\">\n<div dir=\"auto\">Descanse em paz !<\/div>\n<\/div>\n<div dir=\"auto\" style=\"text-align: justify;\"><\/div>\n<div dir=\"auto\" style=\"text-align: justify;\">Fonte: Dioceses de Mar\u00edlia<\/div>\n<div dir=\"auto\"><\/div>\n<div dir=\"auto\" style=\"text-align: justify;\"><strong>O Vel\u00f3rio est\u00e1 acontecendo hoje (06), na Igreja Matriz de Oriente e o Sepultamento ser\u00e1 \u00e0s 16 H. no Cemit\u00e9rio Parqie das Orqu\u00eddeas.<\/strong><\/div>\n<div dir=\"auto\" style=\"text-align: justify;\"><\/div>\n<div dir=\"auto\" style=\"text-align: justify;\">Tivemos a felicidade e prazer de conviver com o nosso querido &#8220;Padre Achiles&#8221;. Muitas tardes de domingo tinha o nosso futebol no &#8220;campinho&#8221; onde hoje \u00e9 a Pra\u00e7a do Santu\u00e1rio Nossa Senhora de F\u00e1tima, na Vila Barros. Um apaixonado pela Palmeiras que marcou hist\u00f3ria em nossa cidade nos anos 70. &#8220;Achiles tinha 86 anos&#8221;<\/div>\n<div dir=\"auto\" style=\"text-align: justify;\">A ele nossa homenagem e reconhecimento por tudo que fez na sua vida sacerdotal.<\/div>\n<div dir=\"auto\" style=\"text-align: justify;\">Homenagem do SITE JZ e TOP TV.<\/div>\n<div dir=\"auto\"><\/div>\n<div dir=\"auto\">Jorge Zanoni<\/div>\n<div dir=\"auto\"><img loading=\"lazy\" decoding=\"async\" class=\"alignnone size-full wp-image-98602\" src=\"https:\/\/jorgezanoni.com.br\/2019\/wp-content\/uploads\/2025\/10\/Padre.jpg\" alt=\"\" width=\"625\" height=\"810\" srcset=\"https:\/\/jorgezanoni.com.br\/2019\/wp-content\/uploads\/2025\/10\/Padre.jpg 625w, https:\/\/jorgezanoni.com.br\/2019\/wp-content\/uploads\/2025\/10\/Padre-231x300.jpg 231w, https:\/\/jorgezanoni.com.br\/2019\/wp-content\/uploads\/2025\/10\/Padre-324x420.jpg 324w\" sizes=\"auto, (max-width: 625px) 100vw, 625px\" \/><\/div>\n<div dir=\"auto\"><\/div>\n<div dir=\"auto\"><\/div>\n","protected":false},"excerpt":{"rendered":"<p>Com f\u00e9 e esperan\u00e7a na vida eterna, a Diocese de Mar\u00edlia comunica a P\u00e1scoa do amado e sempre guardado no cora\u00e7\u00e3o Monsenhor Achiles Paceli de Oliveira Pinheiro. Depois de um infarto muito intenso, ele se recuperou, mas na sequ\u00eancia n\u00e3o resistiu a um novo epis\u00f3dio e adormeceu no Senhor. Bendito seja Deus que nos deu [&hellip;]<\/p>\n","protected":false},"author":1,"featured_media":98601,"comment_status":"closed","ping_status":"open","sticky":false,"template":"","format":"standard","meta":{"footnotes":""},"categories":[178,110],"tags":[],"class_list":["post-98600","post","type-post","status-publish","format-standard","has-post-thumbnail","hentry","category-notadefalecimento","category-noticiasdestaque"],"_links":{"self":[{"href":"https:\/\/jorgezanoni.com.br\/2019\/wp-json\/wp\/v2\/posts\/98600","targetHints":{"allow":["GET"]}}],"collection":[{"href":"https:\/\/jorgezanoni.com.br\/2019\/wp-json\/wp\/v2\/posts"}],"about":[{"href":"https:\/\/jorgezanoni.com.br\/2019\/wp-json\/wp\/v2\/types\/post"}],"author":[{"embeddable":true,"href":"https:\/\/jorgezanoni.com.br\/2019\/wp-json\/wp\/v2\/users\/1"}],"replies":[{"embeddable":true,"href":"https:\/\/jorgezanoni.com.br\/2019\/wp-json\/wp\/v2\/comments?post=98600"}],"version-history":[{"count":1,"href":"https:\/\/jorgezanoni.com.br\/2019\/wp-json\/wp\/v2\/posts\/98600\/revisions"}],"predecessor-version":[{"id":98603,"href":"https:\/\/jorgezanoni.com.br\/2019\/wp-json\/wp\/v2\/posts\/98600\/revisions\/98603"}],"wp:featuredmedia":[{"embeddable":true,"href":"https:\/\/jorgezanoni.com.br\/2019\/wp-json\/wp\/v2\/media\/98601"}],"wp:attachment":[{"href":"https:\/\/jorgezanoni.com.br\/2019\/wp-json\/wp\/v2\/media?parent=98600"}],"wp:term":[{"taxonomy":"category","embeddable":true,"href":"https:\/\/jorgezanoni.com.br\/2019\/wp-json\/wp\/v2\/categories?post=98600"},{"taxonomy":"post_tag","embeddable":true,"href":"https:\/\/jorgezanoni.com.br\/2019\/wp-json\/wp\/v2\/tags?post=98600"}],"curies":[{"name":"wp","href":"https:\/\/api.w.org\/{rel}","templated":true}]}}