{"id":9859,"date":"2019-10-28T16:10:35","date_gmt":"2019-10-28T16:10:35","guid":{"rendered":"https:\/\/jorgezanoni.com.br\/2019\/?p=9859"},"modified":"2019-10-28T16:10:35","modified_gmt":"2019-10-28T16:10:35","slug":"motorista-embriagado-fica-ferido-apos-batida-entre-carro-e-caminhao-canavieiro-em-tupi-paulista","status":"publish","type":"post","link":"https:\/\/jorgezanoni.com.br\/2019\/motorista-embriagado-fica-ferido-apos-batida-entre-carro-e-caminhao-canavieiro-em-tupi-paulista\/","title":{"rendered":"Motorista embriagado fica ferido ap\u00f3s batida entre carro e caminh\u00e3o canavieiro, em Tupi Paulista"},"content":{"rendered":"<h2 class=\"content-head__subtitle\" style=\"text-align: justify;\"><strong>V\u00edtima foi levada para a Santa Casa da cidade com les\u00f5es de natureza leve. Teste do baf\u00f4metro indicou o n\u00edvel de alcoolemia de 0,22 mg\/l.<\/strong><\/h2>\n<p><img loading=\"lazy\" decoding=\"async\" class=\"alignnone size-full wp-image-9860\" src=\"https:\/\/jorgezanoni.com.br\/2019\/wp-content\/uploads\/2019\/10\/Tupi-1.jpg\" alt=\"\" width=\"1152\" height=\"864\" srcset=\"https:\/\/jorgezanoni.com.br\/2019\/wp-content\/uploads\/2019\/10\/Tupi-1.jpg 1152w, https:\/\/jorgezanoni.com.br\/2019\/wp-content\/uploads\/2019\/10\/Tupi-1-300x225.jpg 300w, https:\/\/jorgezanoni.com.br\/2019\/wp-content\/uploads\/2019\/10\/Tupi-1-768x576.jpg 768w, https:\/\/jorgezanoni.com.br\/2019\/wp-content\/uploads\/2019\/10\/Tupi-1-1024x768.jpg 1024w, https:\/\/jorgezanoni.com.br\/2019\/wp-content\/uploads\/2019\/10\/Tupi-1-80x60.jpg 80w, https:\/\/jorgezanoni.com.br\/2019\/wp-content\/uploads\/2019\/10\/Tupi-1-265x198.jpg 265w, https:\/\/jorgezanoni.com.br\/2019\/wp-content\/uploads\/2019\/10\/Tupi-1-696x522.jpg 696w, https:\/\/jorgezanoni.com.br\/2019\/wp-content\/uploads\/2019\/10\/Tupi-1-1068x801.jpg 1068w, https:\/\/jorgezanoni.com.br\/2019\/wp-content\/uploads\/2019\/10\/Tupi-1-560x420.jpg 560w\" sizes=\"auto, (max-width: 1152px) 100vw, 1152px\" \/>Acidente foi em estrada de acesso, em Tupi Paulista \u2014 Foto: Pol\u00edcia Rodovi\u00e1ria<\/p>\n<div class=\"mc-column content-text active-extra-styles \" data-block-type=\"unstyled\" data-block-weight=\"39\" data-block-id=\"2\">\n<p class=\"content-text__container \" style=\"text-align: justify;\" data-track-category=\"Link no Texto\" data-track-links=\"\">Um homem, de 45 anos, sofreu ferimentos de natureza leve ap\u00f3s um acidente entre carro e caminh\u00e3o, em Tupi Paulista. Ele estava embriagado, de acordo com a Pol\u00edcia Rodovi\u00e1ria. A ocorr\u00eancia foi por volta da 0h desta segunda-feira (28).<\/p>\n<p data-track-category=\"Link no Texto\" data-track-links=\"\"><img loading=\"lazy\" decoding=\"async\" class=\"alignnone size-full wp-image-9862\" src=\"https:\/\/jorgezanoni.com.br\/2019\/wp-content\/uploads\/2019\/10\/tupi2-1.jpg\" alt=\"\" width=\"864\" height=\"1152\" srcset=\"https:\/\/jorgezanoni.com.br\/2019\/wp-content\/uploads\/2019\/10\/tupi2-1.jpg 864w, https:\/\/jorgezanoni.com.br\/2019\/wp-content\/uploads\/2019\/10\/tupi2-1-225x300.jpg 225w, https:\/\/jorgezanoni.com.br\/2019\/wp-content\/uploads\/2019\/10\/tupi2-1-768x1024.jpg 768w, https:\/\/jorgezanoni.com.br\/2019\/wp-content\/uploads\/2019\/10\/tupi2-1-696x928.jpg 696w, https:\/\/jorgezanoni.com.br\/2019\/wp-content\/uploads\/2019\/10\/tupi2-1-315x420.jpg 315w\" sizes=\"auto, (max-width: 864px) 100vw, 864px\" \/><\/p>\n<\/div>\n<div class=\"wall protected-content\">\n<div class=\"mc-column content-text active-extra-styles \" style=\"text-align: justify;\" data-block-type=\"unstyled\" data-block-weight=\"27\" data-block-id=\"3\">\n<p class=\"content-text__container \" data-track-category=\"Link no Texto\" data-track-links=\"\">Conforme informa\u00e7\u00f5es da Policia Rodovi\u00e1ria, o carro conduzido pela v\u00edtima, por motivos a serem esclarecidos, invadiu a pista contr\u00e1ria e colidiu lateralmente com um caminh\u00e3o canavieiro.<\/p>\n<\/div>\n<div class=\"mc-column content-text active-extra-styles \" data-block-type=\"unstyled\" data-block-weight=\"21\" data-block-id=\"4\">\n<p class=\"content-text__container \" style=\"text-align: justify;\" data-track-category=\"Link no Texto\" data-track-links=\"\">O acidente foi no km 1,500 do Acesso 141, estrada sem denomina\u00e7\u00e3o, \u00e0 Rodovia General Euclides de Oliveira Figueiredo (SP-563).<\/p>\n<p data-track-category=\"Link no Texto\" data-track-links=\"\"><img loading=\"lazy\" decoding=\"async\" class=\"alignnone size-full wp-image-9861\" src=\"https:\/\/jorgezanoni.com.br\/2019\/wp-content\/uploads\/2019\/10\/Tupi1.jpg\" alt=\"\" width=\"1152\" height=\"864\" srcset=\"https:\/\/jorgezanoni.com.br\/2019\/wp-content\/uploads\/2019\/10\/Tupi1.jpg 1152w, https:\/\/jorgezanoni.com.br\/2019\/wp-content\/uploads\/2019\/10\/Tupi1-300x225.jpg 300w, https:\/\/jorgezanoni.com.br\/2019\/wp-content\/uploads\/2019\/10\/Tupi1-768x576.jpg 768w, https:\/\/jorgezanoni.com.br\/2019\/wp-content\/uploads\/2019\/10\/Tupi1-1024x768.jpg 1024w, https:\/\/jorgezanoni.com.br\/2019\/wp-content\/uploads\/2019\/10\/Tupi1-80x60.jpg 80w, https:\/\/jorgezanoni.com.br\/2019\/wp-content\/uploads\/2019\/10\/Tupi1-265x198.jpg 265w, https:\/\/jorgezanoni.com.br\/2019\/wp-content\/uploads\/2019\/10\/Tupi1-696x522.jpg 696w, https:\/\/jorgezanoni.com.br\/2019\/wp-content\/uploads\/2019\/10\/Tupi1-1068x801.jpg 1068w, https:\/\/jorgezanoni.com.br\/2019\/wp-content\/uploads\/2019\/10\/Tupi1-560x420.jpg 560w\" sizes=\"auto, (max-width: 1152px) 100vw, 1152px\" \/><\/p>\n<div class=\"mc-column content-text active-extra-styles \" style=\"text-align: justify;\" data-block-type=\"unstyled\" data-block-weight=\"49\" data-block-id=\"7\">\n<p class=\"content-text__container \" data-track-category=\"Link no Texto\" data-track-links=\"\">Durante o atendimento da ocorr\u00eancia foi realizado o teste do baf\u00f4metro no motorista do carro, que indicou o n\u00edvel de alcoolemia de 0,22 mg\/l (miligrama de \u00e1lcool por litro de ar expelido). Foi registrada a infra\u00e7\u00e3o de tr\u00e2nsito (embriaguez) e recolhida a Carteira Nacional de Habilita\u00e7\u00e3o (CNH) do homem.<\/p>\n<\/div>\n<div class=\"mc-column content-text active-extra-styles \" data-block-type=\"unstyled\" data-block-weight=\"7\" data-block-id=\"8\">\n<p class=\"content-text__container \" style=\"text-align: justify;\" data-track-category=\"Link no Texto\" data-track-links=\"\">As circunst\u00e2ncias do acidente devem ser investigadas.<\/p>\n<p data-track-category=\"Link no Texto\" data-track-links=\"\">Fonte: G1<\/p>\n<p style=\"text-align: justify;\" data-track-category=\"Link no Texto\" data-track-links=\"\">\n<\/div>\n<\/div>\n<\/div>\n","protected":false},"excerpt":{"rendered":"<p>V\u00edtima foi levada para a Santa Casa da cidade com les\u00f5es de natureza leve. Teste do baf\u00f4metro indicou o n\u00edvel de alcoolemia de 0,22 mg\/l. Acidente foi em estrada de acesso, em Tupi Paulista \u2014 Foto: Pol\u00edcia Rodovi\u00e1ria Um homem, de 45 anos, sofreu ferimentos de natureza leve ap\u00f3s um acidente entre carro e caminh\u00e3o, [&hellip;]<\/p>\n","protected":false},"author":1,"featured_media":9863,"comment_status":"closed","ping_status":"open","sticky":false,"template":"","format":"standard","meta":{"footnotes":""},"categories":[170,110],"tags":[],"class_list":["post-9859","post","type-post","status-publish","format-standard","has-post-thumbnail","hentry","category-acidentes","category-noticiasdestaque"],"_links":{"self":[{"href":"https:\/\/jorgezanoni.com.br\/2019\/wp-json\/wp\/v2\/posts\/9859","targetHints":{"allow":["GET"]}}],"collection":[{"href":"https:\/\/jorgezanoni.com.br\/2019\/wp-json\/wp\/v2\/posts"}],"about":[{"href":"https:\/\/jorgezanoni.com.br\/2019\/wp-json\/wp\/v2\/types\/post"}],"author":[{"embeddable":true,"href":"https:\/\/jorgezanoni.com.br\/2019\/wp-json\/wp\/v2\/users\/1"}],"replies":[{"embeddable":true,"href":"https:\/\/jorgezanoni.com.br\/2019\/wp-json\/wp\/v2\/comments?post=9859"}],"version-history":[{"count":0,"href":"https:\/\/jorgezanoni.com.br\/2019\/wp-json\/wp\/v2\/posts\/9859\/revisions"}],"wp:featuredmedia":[{"embeddable":true,"href":"https:\/\/jorgezanoni.com.br\/2019\/wp-json\/wp\/v2\/media\/9863"}],"wp:attachment":[{"href":"https:\/\/jorgezanoni.com.br\/2019\/wp-json\/wp\/v2\/media?parent=9859"}],"wp:term":[{"taxonomy":"category","embeddable":true,"href":"https:\/\/jorgezanoni.com.br\/2019\/wp-json\/wp\/v2\/categories?post=9859"},{"taxonomy":"post_tag","embeddable":true,"href":"https:\/\/jorgezanoni.com.br\/2019\/wp-json\/wp\/v2\/tags?post=9859"}],"curies":[{"name":"wp","href":"https:\/\/api.w.org\/{rel}","templated":true}]}}