{"id":98580,"date":"2025-10-05T22:58:07","date_gmt":"2025-10-05T22:58:07","guid":{"rendered":"https:\/\/jorgezanoni.com.br\/2019\/?p=98580"},"modified":"2025-10-05T22:58:07","modified_gmt":"2025-10-05T22:58:07","slug":"policia-militar-prende-homem-por-direcao-perigosa-de-veiculo-em-dracena-2","status":"publish","type":"post","link":"https:\/\/jorgezanoni.com.br\/2019\/policia-militar-prende-homem-por-direcao-perigosa-de-veiculo-em-dracena-2\/","title":{"rendered":"Pol\u00edcia Militar prende homem por dire\u00e7\u00e3o perigosa de ve\u00edculo em Dracena"},"content":{"rendered":"<p style=\"text-align: justify;\">Na data de ontem (4) por volta das 16h30min policiais militares do 25\u00ba Batalh\u00e3o de Pol\u00edcia Militar do Interior em deslocamento pelo bairro Jardim Brasilandia quando pelo cruzamento das ruas Osvaldo Paulino dos Santos x rua A\u00e9cio de Feo Flora nos deparamos com a motocicleta de placa honda de cor preta e o condutor ( homem 25 anos) realizando manobra de malabarismo (empinando). De imediato foram acionados os sinais sonoros e luminosos e dada ordem de parada ao condutor, ordem essa ignorada, nesse momento iniciou-se um acompanhamento por diversas ruas daquele bairro onde o condutor a todo momento conduzia em alta velocidade e colocando em risco a vida de outros condutores e transeuntes, em seguida seguiu sentido a linha f\u00e9rrea onde cruzou por estrada de terra e acessou o jardim Santa Clara ainda desobedecendo todas as ordens de parada. Com \u03bf \u03b1\u03c1\u03bf\u03b9\u03bf das demais viaturas a motocicleta foi abordada defronte a um estabelecimento comercial. No local o condutor foi qualificado e conduzido at\u00e9 o Plantao Pol\u00edcial de Dracena e elaborado o ocorr\u00eancia de dire\u00e7\u00e3o perigosa na dire\u00e7\u00e3o de ve\u00edculo automotor, sendo elaborados 13 (treze) autos de infra\u00e7\u00e3o de tr\u00e2nsito bem como o recolhimento da motocicleta ao patio.<br \/>\ncondutor foi ouvido e liberado.<\/p>\n<p style=\"text-align: justify;\">Fonte: Comunica\u00e7\u00e3o Social Pol\u00edcia Militar<\/p>\n","protected":false},"excerpt":{"rendered":"<p>Na data de ontem (4) por volta das 16h30min policiais militares do 25\u00ba Batalh\u00e3o de Pol\u00edcia Militar do Interior em deslocamento pelo bairro Jardim Brasilandia quando pelo cruzamento das ruas Osvaldo Paulino dos Santos x rua A\u00e9cio de Feo Flora nos deparamos com a motocicleta de placa honda de cor preta e o condutor ( [&hellip;]<\/p>\n","protected":false},"author":1,"featured_media":98581,"comment_status":"closed","ping_status":"open","sticky":false,"template":"","format":"standard","meta":{"footnotes":""},"categories":[110,2],"tags":[],"class_list":["post-98580","post","type-post","status-publish","format-standard","has-post-thumbnail","hentry","category-noticiasdestaque","category-policial"],"_links":{"self":[{"href":"https:\/\/jorgezanoni.com.br\/2019\/wp-json\/wp\/v2\/posts\/98580","targetHints":{"allow":["GET"]}}],"collection":[{"href":"https:\/\/jorgezanoni.com.br\/2019\/wp-json\/wp\/v2\/posts"}],"about":[{"href":"https:\/\/jorgezanoni.com.br\/2019\/wp-json\/wp\/v2\/types\/post"}],"author":[{"embeddable":true,"href":"https:\/\/jorgezanoni.com.br\/2019\/wp-json\/wp\/v2\/users\/1"}],"replies":[{"embeddable":true,"href":"https:\/\/jorgezanoni.com.br\/2019\/wp-json\/wp\/v2\/comments?post=98580"}],"version-history":[{"count":1,"href":"https:\/\/jorgezanoni.com.br\/2019\/wp-json\/wp\/v2\/posts\/98580\/revisions"}],"predecessor-version":[{"id":98582,"href":"https:\/\/jorgezanoni.com.br\/2019\/wp-json\/wp\/v2\/posts\/98580\/revisions\/98582"}],"wp:featuredmedia":[{"embeddable":true,"href":"https:\/\/jorgezanoni.com.br\/2019\/wp-json\/wp\/v2\/media\/98581"}],"wp:attachment":[{"href":"https:\/\/jorgezanoni.com.br\/2019\/wp-json\/wp\/v2\/media?parent=98580"}],"wp:term":[{"taxonomy":"category","embeddable":true,"href":"https:\/\/jorgezanoni.com.br\/2019\/wp-json\/wp\/v2\/categories?post=98580"},{"taxonomy":"post_tag","embeddable":true,"href":"https:\/\/jorgezanoni.com.br\/2019\/wp-json\/wp\/v2\/tags?post=98580"}],"curies":[{"name":"wp","href":"https:\/\/api.w.org\/{rel}","templated":true}]}}