{"id":9856,"date":"2019-10-28T15:19:21","date_gmt":"2019-10-28T15:19:21","guid":{"rendered":"https:\/\/jorgezanoni.com.br\/2019\/?p=9856"},"modified":"2019-10-28T15:19:21","modified_gmt":"2019-10-28T15:19:21","slug":"voo-inaugural-da-passaredo-parte-de-aracatuba-rumo-a-capital","status":"publish","type":"post","link":"https:\/\/jorgezanoni.com.br\/2019\/voo-inaugural-da-passaredo-parte-de-aracatuba-rumo-a-capital\/","title":{"rendered":"Voo inaugural da Passaredo parte de Ara\u00e7atuba rumo \u00e0 capital"},"content":{"rendered":"<p style=\"text-align: justify;\">A Passaredo iniciou seu funcionamento em Ara\u00e7atuba efetivamente ontem (27), com o voo inaugural da nova opera\u00e7\u00e3o que liga o munic\u00edpio ao Aeroporto de Congonhas. \u00c0s 9h50, no Sal\u00e3o de Embarque do aeroporto da cidade, autoridades e convidados se reuniram para aguardar o primeiro voo, que partiu \u00e0s 10h25.<\/p>\n<p style=\"text-align: justify;\">A nova rota com destino \u00e0 S\u00e3o Paulo \u00e9 motivo de comemora\u00e7\u00e3o para o munic\u00edpio e regi\u00e3o, como ressalta o prefeito Dilador Borges, pois beneficiar\u00e1, al\u00e9m dos viajantes, a economia e outros setores de Ara\u00e7atuba. \u201cPrincipalmente no caso de empres\u00e1rios, que s\u00e3o respons\u00e1veis por grandes investimentos no munic\u00edpio, facilitando a vinda deles, o que abre ainda mais portas para a gente\u201d, afirma Dilador, que participar\u00e1 do voo inaugural junto \u00e0 sua esposa Deomerce e o secret\u00e1rio de Desenvolvimento Econ\u00f4mico e Rela\u00e7\u00f5es do Trabalho, Marcelo Astolphi Mazzei, com retorno amanh\u00e3 (28) \u00e0s 12h55.<\/p>\n<p style=\"text-align: justify;\">Agora, o aeroporto estadual Dario Guarita ter\u00e1 tr\u00eas empresas realizando voos, o que aumenta as op\u00e7\u00f5es de transporte para a cidade, e devido \u00e0 concorr\u00eancia, os consumidores ainda levam passagens por pre\u00e7os menores. Desde 2012, o aeroporto de Ara\u00e7atuba possu\u00eda apenas uma empresa em opera\u00e7\u00e3o, a Azul\/Trip, que realizava, desde 2014, viagens apenas para Campinas.<\/p>\n<p style=\"text-align: justify;\">A empresa Gol Linhas A\u00e9reas adiou a data do primeiro v\u00f4o de S\u00e3o Paulo a Ara\u00e7atuba, que estava programado para 4 de novembro. Por trabalhar com avi\u00f5es a jato, a Anac (Ag\u00eancia Nacional de Avia\u00e7\u00e3o Civil) exigiu melhorias na pista do aeroporto Dario Guarita. A reforma \u00e9 de obriga\u00e7\u00e3o e ser\u00e1 custeada pelo DAESP (Departamento Aerovi\u00e1rio do Estado de S\u00e3o Paulo).<\/p>\n<p style=\"text-align: justify;\">De acordo com a administra\u00e7\u00e3o municipal, o prefeito j\u00e1 intermediou junto ao Governo do Estado de S\u00e3o Paulo para que as obras terminem o quanto antes. Ficou definido, ent\u00e3o, que o primeiro voo da Gol na rota acontece no dia 2 de dezembro, anivers\u00e1rio de Ara\u00e7atuba.<\/p>\n<p style=\"text-align: justify;\">Segundo o prefeito, o foco da gest\u00e3o no momento \u00e9 a infraestrutura, para que a mobilidade, tanto nas ruas do munic\u00edpio, quanto nos diversos meios de locomo\u00e7\u00e3o, seja melhorada. A atua\u00e7\u00e3o de tr\u00eas empresas a\u00e9reas em Ara\u00e7atuba, com voos diretos para S\u00e3o Paulo, aumenta o dinamismo, facilitando a ida e vinda de conterr\u00e2neos e visitantes. \u201c\u00c9 uma liga\u00e7\u00e3o que far\u00e1 diferen\u00e7a em muitas \u00e1reas. D\u00e1 para ver que ser\u00e1 um \u00f3timo servi\u00e7o para a popula\u00e7\u00e3o, j\u00e1 que diversos voos j\u00e1 est\u00e3o esgotados\u201d, comenta.<\/p>\n<p style=\"text-align: justify;\"><strong>PASSAGENS POR PRE\u00c7OS MENORES<\/strong><br \/>\nCom a chegada da Passaredo e da Gol, que passa a operar em Ara\u00e7atuba, houve uma diminui\u00e7\u00e3o de quase 70% no valor das passagens a\u00e9reas no trecho, segundo pesquisa realizada pela Folha da Regi\u00e3o. Na simula\u00e7\u00e3o, a passagem da Azul sai por R$167,25, se mantendo no mesmo valor durante toda a semana. Mais a frente, para o meio do m\u00eas de novembro, \u00e9 poss\u00edvel encontrar voos por R$155,25, rota que n\u00e3o sa\u00eda por menos de R$358,25. Levando em considera\u00e7\u00e3o o menor valor antigo, \u00e9 uma diminui\u00e7\u00e3o de aproximadamente 55%. O voo pela companhia a\u00e9rea tem dura\u00e7\u00e3o de 1h10, desembarcando em Campinas.<\/p>\n<p style=\"text-align: justify;\">Os pre\u00e7os da Gol, com v\u00f4os de Ara\u00e7atuba\/Guarulhos \u00e0s 7h00, e de Guarulhos\/Ara\u00e7atuba \u00e0s 21h45, oscilam durante a semana. Na segunda-feira, a viagem sai por R$127,35, j\u00e1 no final de semana R$167,35. Ainda \u00e9 poss\u00edvel encontrar passagens por R$114,35, que se comparado ao valor mais baixo da Azul antes da mudan\u00e7a, registra uma queda de cerca de 70%. A viagem pela Gol tem dura\u00e7\u00e3o de 1h15. J\u00e1 pela Passaredo, a viagem custa R$370,45 na segunda-feira e R$420,45 na sexta, sem muitas varia\u00e7\u00f5es at\u00e9 o momento, com dura\u00e7\u00e3o de 1h30.<\/p>\n<p style=\"text-align: justify;\">\u201cO custo benef\u00edcio melhorou muito, porque \u00e9 poss\u00edvel ir para S\u00e3o Paulo pela metade do valor anterior, numa viagem de pouco mais de uma hora. Com certeza mudar\u00e1 a vida dos viajantes\u201d, afirma o prefeito.<\/p>\n<p style=\"text-align: justify;\"><strong>PASSAREDO<\/strong><br \/>\nA empresa far\u00e1 suas viagens entre S\u00e3o Paulo e Ara\u00e7atuba utilizando as aeronaves de modelo ATR 72-500, que possui capacidade para 68 passageiros e alcan\u00e7a at\u00e9 463 km\/h em velocidade de cruzeiro. O avi\u00e3o alcan\u00e7a at\u00e9 25 mil p\u00e9s e far\u00e1 as viagens entre Congonhas e o aeroporto de Ara\u00e7atuba em pouco mais uma hora.<\/p>\n<p style=\"text-align: justify;\">Em nota enviada \u00e0 reportagem da Folha da Regi\u00e3o, o Daesp (Departamento Aerovi\u00e1rio do Estado de S\u00e3o Paulo) afirmou que exig\u00eancia \u00e9 que as companhias tenham frotas com capacidade para transportar at\u00e9 19 passageiros. O modelo a ser adotado j\u00e1 \u00e9 utilizado com sucesso em outros pa\u00edses, como os EUA, e em nada interfere no uso dos aeroportos por avi\u00f5es maiores, pelo contr\u00e1rio, passa a ser um incentivo a mais.<\/p>\n<p style=\"text-align: justify;\">Fonte: Folha da Regi\u00e3o<\/p>\n","protected":false},"excerpt":{"rendered":"<p>A Passaredo iniciou seu funcionamento em Ara\u00e7atuba efetivamente ontem (27), com o voo inaugural da nova opera\u00e7\u00e3o que liga o munic\u00edpio ao Aeroporto de Congonhas. \u00c0s 9h50, no Sal\u00e3o de Embarque do aeroporto da cidade, autoridades e convidados se reuniram para aguardar o primeiro voo, que partiu \u00e0s 10h25. A nova rota com destino \u00e0 [&hellip;]<\/p>\n","protected":false},"author":1,"featured_media":9857,"comment_status":"closed","ping_status":"open","sticky":false,"template":"","format":"standard","meta":{"footnotes":""},"categories":[180,110],"tags":[],"class_list":["post-9856","post","type-post","status-publish","format-standard","has-post-thumbnail","hentry","category-estradastransitoveiculos","category-noticiasdestaque"],"_links":{"self":[{"href":"https:\/\/jorgezanoni.com.br\/2019\/wp-json\/wp\/v2\/posts\/9856","targetHints":{"allow":["GET"]}}],"collection":[{"href":"https:\/\/jorgezanoni.com.br\/2019\/wp-json\/wp\/v2\/posts"}],"about":[{"href":"https:\/\/jorgezanoni.com.br\/2019\/wp-json\/wp\/v2\/types\/post"}],"author":[{"embeddable":true,"href":"https:\/\/jorgezanoni.com.br\/2019\/wp-json\/wp\/v2\/users\/1"}],"replies":[{"embeddable":true,"href":"https:\/\/jorgezanoni.com.br\/2019\/wp-json\/wp\/v2\/comments?post=9856"}],"version-history":[{"count":0,"href":"https:\/\/jorgezanoni.com.br\/2019\/wp-json\/wp\/v2\/posts\/9856\/revisions"}],"wp:featuredmedia":[{"embeddable":true,"href":"https:\/\/jorgezanoni.com.br\/2019\/wp-json\/wp\/v2\/media\/9857"}],"wp:attachment":[{"href":"https:\/\/jorgezanoni.com.br\/2019\/wp-json\/wp\/v2\/media?parent=9856"}],"wp:term":[{"taxonomy":"category","embeddable":true,"href":"https:\/\/jorgezanoni.com.br\/2019\/wp-json\/wp\/v2\/categories?post=9856"},{"taxonomy":"post_tag","embeddable":true,"href":"https:\/\/jorgezanoni.com.br\/2019\/wp-json\/wp\/v2\/tags?post=9856"}],"curies":[{"name":"wp","href":"https:\/\/api.w.org\/{rel}","templated":true}]}}