{"id":98549,"date":"2025-10-04T13:38:53","date_gmt":"2025-10-04T13:38:53","guid":{"rendered":"https:\/\/jorgezanoni.com.br\/2019\/?p=98549"},"modified":"2025-10-04T13:38:53","modified_gmt":"2025-10-04T13:38:53","slug":"policia-civil-prende-homem-em-flagrante-por-trafico-de-drogas-em-dracena","status":"publish","type":"post","link":"https:\/\/jorgezanoni.com.br\/2019\/policia-civil-prende-homem-em-flagrante-por-trafico-de-drogas-em-dracena\/","title":{"rendered":"Pol\u00edcia Civil prende homem em flagrante por Tr\u00e1fico de Drogas em Dracena"},"content":{"rendered":"<p style=\"text-align: justify;\"><strong>Suspeito, de 26 anos, j\u00e1 era procurado pela Justi\u00e7a e foi encontrado com drogas, dinheiro e objetos ligados \u00e0 mercancia il\u00edcita.<\/strong><\/p>\n<p style=\"text-align: justify;\">A Pol\u00edcia Civil do Estado de S\u00e3o Paulo, por interm\u00e9dio das Unidades Especializadas Agrupadas DIG\/DISE de Dracena, prendeu em flagrante, nesta sexta-feira (3), um homem de 26 anos pelo crime de tr\u00e1fico de drogas. O suspeito tamb\u00e9m tinha em aberto um mandado de pris\u00e3o preventiva, expedido pela 2\u00aa Vara Criminal da Comarca de Dracena pelo mesmo delito.<\/p>\n<p style=\"text-align: justify;\">A pris\u00e3o ocorreu em uma resid\u00eancia localizada na Rua Tom\u00e9 de Souza, regi\u00e3o central da cidade. Durante as investiga\u00e7\u00f5es, apurou-se que o homem havia deixado o antigo endere\u00e7o ap\u00f3s opera\u00e7\u00e3o policial anterior, mas continuava a comercializar drogas, sobretudo \u201ccrack\u201d, em um novo im\u00f3vel.<\/p>\n<p style=\"text-align: justify;\">No cumprimento da ordem judicial, os policiais civis localizaram o suspeito dentro da resid\u00eancia, onde ele n\u00e3o ofereceu resist\u00eancia. Questionado, informou espontaneamente que havia drogas no local. Nas buscas, foram apreendidos: uma pedra bruta de crack e v\u00e1rias por\u00e7\u00f5es j\u00e1 fragmentadas; facas, prato e balan\u00e7a de precis\u00e3o com res\u00edduos de entorpecente; dinheiro em esp\u00e9cie; cadernos com anota\u00e7\u00f5es sobre a venda de drogas; rolos de papel alum\u00ednio, fita isolante e sacos pl\u00e1sticos, comumente utilizados na prepara\u00e7\u00e3o da droga; al\u00e9m de fios de cobre e cabos de extens\u00e3o el\u00e9trica.<\/p>\n<p style=\"text-align: justify;\">Uma equipe da Pol\u00edcia Cient\u00edfica realizou per\u00edcia no im\u00f3vel. Todo o material apreendido foi encaminhado \u00e0 sede das Unidades DIG\/DISE de Dracena para as provid\u00eancias legais.<\/p>\n<p style=\"text-align: justify;\">O preso, reincidente espec\u00edfico no crime de tr\u00e1fico de drogas e tamb\u00e9m com antecedentes por recepta\u00e7\u00e3o, foi autuado em flagrante e permanecer\u00e1 \u00e0 disposi\u00e7\u00e3o da Justi\u00e7a, ap\u00f3s passar por audi\u00eancia de cust\u00f3dia.<\/p>\n<p style=\"text-align: justify;\">A Pol\u00edcia Civil refor\u00e7a a import\u00e2ncia da colabora\u00e7\u00e3o da popula\u00e7\u00e3o no combate \u00e0 criminalidade. Den\u00fancias podem ser realizadas de forma an\u00f4nima pelos telefones 197 e 181. Esse esfor\u00e7o conjunto fortalece a seguran\u00e7a p\u00fablica e a prote\u00e7\u00e3o da sociedade.<\/p>\n<p><img loading=\"lazy\" decoding=\"async\" class=\"alignnone size-full wp-image-98551\" src=\"https:\/\/jorgezanoni.com.br\/2019\/wp-content\/uploads\/2025\/10\/thome-1-Pequeno.jpg\" alt=\"\" width=\"854\" height=\"480\" srcset=\"https:\/\/jorgezanoni.com.br\/2019\/wp-content\/uploads\/2025\/10\/thome-1-Pequeno.jpg 854w, https:\/\/jorgezanoni.com.br\/2019\/wp-content\/uploads\/2025\/10\/thome-1-Pequeno-300x169.jpg 300w, https:\/\/jorgezanoni.com.br\/2019\/wp-content\/uploads\/2025\/10\/thome-1-Pequeno-768x432.jpg 768w, https:\/\/jorgezanoni.com.br\/2019\/wp-content\/uploads\/2025\/10\/thome-1-Pequeno-696x391.jpg 696w, https:\/\/jorgezanoni.com.br\/2019\/wp-content\/uploads\/2025\/10\/thome-1-Pequeno-747x420.jpg 747w\" sizes=\"auto, (max-width: 854px) 100vw, 854px\" \/><\/p>\n<p>Fonte: Comunica\u00e7\u00e3o Social Pol\u00edcia Civil<\/p>\n","protected":false},"excerpt":{"rendered":"<p>Suspeito, de 26 anos, j\u00e1 era procurado pela Justi\u00e7a e foi encontrado com drogas, dinheiro e objetos ligados \u00e0 mercancia il\u00edcita. A Pol\u00edcia Civil do Estado de S\u00e3o Paulo, por interm\u00e9dio das Unidades Especializadas Agrupadas DIG\/DISE de Dracena, prendeu em flagrante, nesta sexta-feira (3), um homem de 26 anos pelo crime de tr\u00e1fico de drogas. [&hellip;]<\/p>\n","protected":false},"author":1,"featured_media":98550,"comment_status":"closed","ping_status":"open","sticky":false,"template":"","format":"standard","meta":{"footnotes":""},"categories":[110,2],"tags":[],"class_list":["post-98549","post","type-post","status-publish","format-standard","has-post-thumbnail","hentry","category-noticiasdestaque","category-policial"],"_links":{"self":[{"href":"https:\/\/jorgezanoni.com.br\/2019\/wp-json\/wp\/v2\/posts\/98549","targetHints":{"allow":["GET"]}}],"collection":[{"href":"https:\/\/jorgezanoni.com.br\/2019\/wp-json\/wp\/v2\/posts"}],"about":[{"href":"https:\/\/jorgezanoni.com.br\/2019\/wp-json\/wp\/v2\/types\/post"}],"author":[{"embeddable":true,"href":"https:\/\/jorgezanoni.com.br\/2019\/wp-json\/wp\/v2\/users\/1"}],"replies":[{"embeddable":true,"href":"https:\/\/jorgezanoni.com.br\/2019\/wp-json\/wp\/v2\/comments?post=98549"}],"version-history":[{"count":1,"href":"https:\/\/jorgezanoni.com.br\/2019\/wp-json\/wp\/v2\/posts\/98549\/revisions"}],"predecessor-version":[{"id":98552,"href":"https:\/\/jorgezanoni.com.br\/2019\/wp-json\/wp\/v2\/posts\/98549\/revisions\/98552"}],"wp:featuredmedia":[{"embeddable":true,"href":"https:\/\/jorgezanoni.com.br\/2019\/wp-json\/wp\/v2\/media\/98550"}],"wp:attachment":[{"href":"https:\/\/jorgezanoni.com.br\/2019\/wp-json\/wp\/v2\/media?parent=98549"}],"wp:term":[{"taxonomy":"category","embeddable":true,"href":"https:\/\/jorgezanoni.com.br\/2019\/wp-json\/wp\/v2\/categories?post=98549"},{"taxonomy":"post_tag","embeddable":true,"href":"https:\/\/jorgezanoni.com.br\/2019\/wp-json\/wp\/v2\/tags?post=98549"}],"curies":[{"name":"wp","href":"https:\/\/api.w.org\/{rel}","templated":true}]}}