{"id":9853,"date":"2019-10-28T12:50:37","date_gmt":"2019-10-28T12:50:37","guid":{"rendered":"https:\/\/jorgezanoni.com.br\/2019\/?p=9853"},"modified":"2019-10-28T12:50:37","modified_gmt":"2019-10-28T12:50:37","slug":"morre-o-ator-e-diretor-jorge-fernando-aos-64-anos","status":"publish","type":"post","link":"https:\/\/jorgezanoni.com.br\/2019\/morre-o-ator-e-diretor-jorge-fernando-aos-64-anos\/","title":{"rendered":"Morre o ator e diretor Jorge Fernando, aos 64 anos"},"content":{"rendered":"<h2 class=\"content-head__subtitle\" style=\"text-align: justify;\"><strong>Na Globo desde 1978, ele estreou atuando no seriado &#8216;Ciranda, Cirandinha&#8217;. Como diretor, esteve \u00e0 frente de 34 produ\u00e7\u00f5es. Corpo ser\u00e1 velado na ter\u00e7a-feira (29).<\/strong><\/h2>\n<div class=\"mc-column content-text active-extra-styles \" data-block-type=\"unstyled\" data-block-weight=\"68\" data-block-id=\"2\">\n<p class=\"content-text__container \" style=\"text-align: justify;\" data-track-category=\"Link no Texto\" data-track-links=\"\">Morreu neste domingo (27), aos 64 anos, o ator e diretor Jorge Fernando. Ele estava internado no Hospital CopaStar, em Copacabana, Zona Sul do Rio. Jorge Fernando era diretor da TV Globo e seu \u00faltimo trabalho como diretor e ator aconteceu este ano, na novela das 19h &#8220;Ver\u00e3o 90&#8221;. Foi o retorno dele ap\u00f3s dois anos afastado da TV, tempo em que se recuperou de um AVC.<\/p>\n<\/div>\n<div class=\"wall protected-content\">\n<div class=\"mc-column content-text active-extra-styles \" data-block-type=\"unstyled\" data-block-weight=\"33\" data-block-id=\"3\">\n<p class=\"content-text__container \" style=\"text-align: justify;\" data-track-category=\"Link no Texto\" data-track-links=\"\">Em nota, o Hospital Copa Star informou que ele morreu ap\u00f3s dar entrada no fim da tarde deste domingo, devido a uma parada card\u00edaca &#8220;em decorr\u00eancia de uma dissec\u00e7\u00e3o de aorta completa&#8221;.<\/p>\n<div class=\"mc-column content-text active-extra-styles \" style=\"text-align: justify;\" data-block-type=\"unstyled\" data-block-weight=\"38\" data-block-id=\"6\">\n<p class=\"content-text__container \" data-track-category=\"Link no Texto\" data-track-links=\"\">O corpo de Jorge Fernando ser\u00e1 velado na ter\u00e7a-feira (29), no Cemit\u00e9rio do Caju, na regi\u00e3o Central do Rio. O vel\u00f3rio ser\u00e1 aberto ao p\u00fablico das 8h \u00e0s 10h. Depois ficar\u00e1 restrito \u00e0 fam\u00edlia e amigos mais pr\u00f3ximos.<\/p>\n<\/div>\n<div class=\"mc-column content-text active-extra-styles \" style=\"text-align: justify;\" data-block-type=\"unstyled\" data-block-weight=\"16\" data-block-id=\"7\">\n<p class=\"content-text__container \" data-track-category=\"Link no Texto\" data-track-links=\"\">Na Globo, Jorge Fernando dirigiu v\u00e1rios sucessos, como as novelas \u201cRainha da Sucata\u201d e \u201cAlma G\u00eamea\u201d.<\/p>\n<\/div>\n<div class=\"mc-column content-text active-extra-styles \" style=\"text-align: justify;\" data-block-type=\"unstyled\" data-block-weight=\"44\" data-block-id=\"8\">\n<p class=\"content-text__container \" data-track-category=\"Link no Texto\" data-track-links=\"\">Ator, diretor, escritor e humorista, Jorge Fernando foi um artista completo que ajudou a revolucionar a forma de se fazer televis\u00e3o no Brasil. Seu primeiro contato com a arte de atuar foi ainda adolescente na escola onde estudava no M\u00e9ier, Zona Norte do Rio.<\/p>\n<\/div>\n<div class=\"mc-column content-text active-extra-styles \" style=\"text-align: justify;\" data-block-type=\"unstyled\" data-block-weight=\"36\" data-block-id=\"9\">\n<p class=\"content-text__container \" data-track-category=\"Link no Texto\" data-track-links=\"\">Na TV, ele estreou como ator em 1978, no seriado \u201cCiranda, Cirandinha\u201d. Na d\u00e9cada seguinte, Jorge Fernando trabalhou em v\u00e1rias produ\u00e7\u00f5es, mas foi do outro lado das c\u00e2meras, como diretor, que ele encontrou sua verdadeira paix\u00e3o.<\/p>\n<\/div>\n<div class=\"mc-column content-text active-extra-styles \" data-block-type=\"unstyled\" data-block-weight=\"22\" data-block-id=\"10\">\n<p class=\"content-text__container \" style=\"text-align: justify;\" data-track-category=\"Link no Texto\" data-track-links=\"\">Desde ent\u00e3o, ele dirigiu 34 novelas, miniss\u00e9ries e seriados. Sua estreia como diretor foi em \u201cCora\u00e7\u00e3o Alado\u201d, de Janete Clair, em 1980.<\/p>\n<p style=\"text-align: justify;\" data-track-category=\"Link no Texto\" data-track-links=\"\">Fonte: https:\/\/g1.globo.com\/rj\/rio-de-janeiro\/noticia\/2019\/10\/28\/morre-o-ator-e-diretor-jorge-fernando-aos-64-anos.ghtml<\/p>\n<\/div>\n<\/div>\n<\/div>\n","protected":false},"excerpt":{"rendered":"<p>Na Globo desde 1978, ele estreou atuando no seriado &#8216;Ciranda, Cirandinha&#8217;. Como diretor, esteve \u00e0 frente de 34 produ\u00e7\u00f5es. Corpo ser\u00e1 velado na ter\u00e7a-feira (29). Morreu neste domingo (27), aos 64 anos, o ator e diretor Jorge Fernando. Ele estava internado no Hospital CopaStar, em Copacabana, Zona Sul do Rio. Jorge Fernando era diretor da [&hellip;]<\/p>\n","protected":false},"author":1,"featured_media":9854,"comment_status":"closed","ping_status":"open","sticky":false,"template":"","format":"standard","meta":{"footnotes":""},"categories":[178,110],"tags":[],"class_list":["post-9853","post","type-post","status-publish","format-standard","has-post-thumbnail","hentry","category-notadefalecimento","category-noticiasdestaque"],"_links":{"self":[{"href":"https:\/\/jorgezanoni.com.br\/2019\/wp-json\/wp\/v2\/posts\/9853","targetHints":{"allow":["GET"]}}],"collection":[{"href":"https:\/\/jorgezanoni.com.br\/2019\/wp-json\/wp\/v2\/posts"}],"about":[{"href":"https:\/\/jorgezanoni.com.br\/2019\/wp-json\/wp\/v2\/types\/post"}],"author":[{"embeddable":true,"href":"https:\/\/jorgezanoni.com.br\/2019\/wp-json\/wp\/v2\/users\/1"}],"replies":[{"embeddable":true,"href":"https:\/\/jorgezanoni.com.br\/2019\/wp-json\/wp\/v2\/comments?post=9853"}],"version-history":[{"count":0,"href":"https:\/\/jorgezanoni.com.br\/2019\/wp-json\/wp\/v2\/posts\/9853\/revisions"}],"wp:featuredmedia":[{"embeddable":true,"href":"https:\/\/jorgezanoni.com.br\/2019\/wp-json\/wp\/v2\/media\/9854"}],"wp:attachment":[{"href":"https:\/\/jorgezanoni.com.br\/2019\/wp-json\/wp\/v2\/media?parent=9853"}],"wp:term":[{"taxonomy":"category","embeddable":true,"href":"https:\/\/jorgezanoni.com.br\/2019\/wp-json\/wp\/v2\/categories?post=9853"},{"taxonomy":"post_tag","embeddable":true,"href":"https:\/\/jorgezanoni.com.br\/2019\/wp-json\/wp\/v2\/tags?post=9853"}],"curies":[{"name":"wp","href":"https:\/\/api.w.org\/{rel}","templated":true}]}}