{"id":98496,"date":"2025-10-01T01:15:34","date_gmt":"2025-10-01T01:15:34","guid":{"rendered":"https:\/\/jorgezanoni.com.br\/2019\/?p=98496"},"modified":"2025-10-01T01:15:34","modified_gmt":"2025-10-01T01:15:34","slug":"novo-tempo-novo-e-gestao-organizacional-por-sergio-barbosa","status":"publish","type":"post","link":"https:\/\/jorgezanoni.com.br\/2019\/novo-tempo-novo-e-gestao-organizacional-por-sergio-barbosa\/","title":{"rendered":"Novo Tempo Novo e Gest\u00e3o Organizacional&#8230; (por S\u00e9rgio Barbosa)"},"content":{"rendered":"<p style=\"text-align: justify;\"><strong>Novo Tempo Novo e Gest\u00e3o Organizacional&#8230;<\/strong><\/p>\n<p style=\"text-align: justify;\"><em>&#8220;A chamada gest\u00e3o organizacional nada mais \u00e9 do que a administra\u00e7\u00e3o de um neg\u00f3cio, empresa ou organiza\u00e7\u00e3o com o objetivo de alcan\u00e7ar metas e conquistar resultados positivos e rent\u00e1veis. A fun\u00e7\u00e3o desse tipo de gest\u00e3o \u00e9 conduzir pessoas e processos de forma eficaz, promover melhorias, criar um ambiente colaborativo, motivado, prop\u00edcio ao autodesenvolvimento e, consequentemente, \u00e0 conquista de resultados&#8221;.<\/em> <em>(<\/em><strong>FONTE:<\/strong><em> Portal IBC acessado in 21\/6\/2016, 19h10.)<\/em><\/p>\n<p style=\"text-align: justify;\"><strong><em>S\u00e9rgio Barbosa (*)<\/em><\/strong><\/p>\n<p style=\"text-align: justify;\">Neste novo tempo novo, quando as denominadas organiza\u00e7\u00f5es est\u00e3o desenvolvendo diversas atividades em \u00e1reas distintas no mercado glocal, ou seja, do global para o local, faz-se necess\u00e1rio estar em conex\u00e3o com as novas propostas focadas em &#8220;Gest\u00e3o Organizacional&#8221;&#8230;<\/p>\n<p style=\"text-align: justify;\">Desta forma, a comunidade REGIOCAL, isso \u00e9, do contexto regional para o local, considerando os cen\u00e1rios internacional, nacional e estadual, deve estar atenta aos fatos que est\u00e3o ocorrendo no mercado, tendo em vista as prioridades desta ou daquela \u00e1rea de atua\u00e7\u00e3o neste TEMPO NOVO TEMPO&#8230;<\/p>\n<p style=\"text-align: justify;\">No contexto da presta\u00e7\u00e3o de servi\u00e7os, bem como, na produ\u00e7\u00e3o de bens em geral, deve-se pautar pelos conceitos de pre\u00e7o, ainda, pela qualidade do produto ou do servi\u00e7o colocado no mercado em tempo de p\u00f3s-globaliza\u00e7\u00e3o organizacional&#8230;<\/p>\n<p style=\"text-align: justify;\">Assim, existem op\u00e7\u00f5es em n\u00edvel acad\u00eamico, isso \u00e9 para quem busca estar em sintonia com as exig\u00eancias deste mercado que selecionada e qualifica todas as a\u00e7\u00f5es estrat\u00e9gicas direcionadas para atender a demanda em n\u00edveis de produto ou servi\u00e7o&#8230;<\/p>\n<p style=\"text-align: justify;\">Nestes desencontros patrocinados quase sempre pelas &#8220;crises&#8221; localizadas, por\u00e9m, com abrang\u00eancia em n\u00edvel nacional, n\u00e3o tem como o cen\u00e1rio regional ficar distante dos resultados negativos direcionados para o mercado local, ainda, em todas as \u00e1reas da produ\u00e7\u00e3o, dos servi\u00e7os e do consumo neste cen\u00e1rio mediado por um NOVO TEMPO NOVO&#8230;<\/p>\n<p style=\"text-align: justify;\">Por\u00e9m, como afirma o dito popular tupiniquim, a saber: &#8220;melhor prevenir do que remediar&#8221;, portanto, fazem-se necess\u00e1rias estarem buscando sempre uma qualifica\u00e7\u00e3o de acordo as novas exig\u00eancias do Mercado em tempo de crises em diversas \u00e1reas&#8230;<\/p>\n<p style=\"text-align: justify;\">Portanto, a proposta mediada pela denominada GEST\u00c3O ORGANIZACIONAL pode fazer a diferen\u00e7a neste momento, possibilitando novas alternativas patrocinadas pelas REDES SOCIAIS por meio das diversas estrat\u00e9gias desenvolvidas na \u00e1rea do MARKETING DIGITAL&#8230;<\/p>\n<p style=\"text-align: justify;\">Tamb\u00e9m, como alerta outro dito popular, &#8220;o rio n\u00e3o est\u00e1 pra peixe&#8221;, haja vista as exig\u00eancias do mercado consumidor neste NOVO TEMPO NOVO, tendo em vista que o mesmo est\u00e1 buscando qualidade deste ou daquele produto\/servi\u00e7o, ainda, destacando a import\u00e2ncia do pre\u00e7o e ponto quase final&#8230;<\/p>\n<p style=\"text-align: justify;\">Refor\u00e7ando que n\u00e3o se pode ficar distante dos fatos em n\u00edvel GLOCAL, ou seja, do GLOBAL PARA O LOCAL, bem como, considerando que tais ocorr\u00eancias acabam chegando em todos os lugares deste PA\u00cdS DO FAZ DE CONTA&#8230;<\/p>\n<p style=\"text-align: justify;\">Entretanto, faz-se necess\u00e1rio estar sempre em ESTADO DE ALERTA neste cen\u00e1rio de idas e vindas patrocinadas em n\u00edvel de NOVO TEMPO NOVO, assim, TODO CUIDADO \u00c9 POUCO, al\u00e9m de que a PREVEN\u00c7\u00c3O continua sendo a melhor alternativa para todos os problemas neste per\u00edodo&#8230;<\/p>\n<p style=\"text-align: justify;\">QUEM SOBREVIVER VAI SABER&#8230;<\/p>\n<p style=\"text-align: justify;\"><strong><em>______________________________<\/em><\/strong><\/p>\n<p style=\"text-align: justify;\"><strong><em>(*) jornalista diplomado, consultor na \u00e1rea de gest\u00e3o em comunica\u00e7\u00e3o organizacional e pesquisador da C\u00e1tedra UNESCO\/UMESP de Comunica\u00e7\u00e3o para o Desenvolvimento Regional.<\/em><\/strong><\/p>\n<p><strong><em>e-mail: <\/em><\/strong><a href=\"mailto:barbosa.sebar@gmail.com\"><strong><em>barbosa.sebar@gmail.com<\/em><\/strong><\/a><\/p>\n<p>&nbsp;<\/p>\n<p>&nbsp;<\/p>\n<p>&nbsp;<\/p>\n","protected":false},"excerpt":{"rendered":"<p>Novo Tempo Novo e Gest\u00e3o Organizacional&#8230; &#8220;A chamada gest\u00e3o organizacional nada mais \u00e9 do que a administra\u00e7\u00e3o de um neg\u00f3cio, empresa ou organiza\u00e7\u00e3o com o objetivo de alcan\u00e7ar metas e conquistar resultados positivos e rent\u00e1veis. A fun\u00e7\u00e3o desse tipo de gest\u00e3o \u00e9 conduzir pessoas e processos de forma eficaz, promover melhorias, criar um ambiente colaborativo, [&hellip;]<\/p>\n","protected":false},"author":1,"featured_media":98497,"comment_status":"closed","ping_status":"open","sticky":false,"template":"","format":"standard","meta":{"footnotes":""},"categories":[175],"tags":[],"class_list":["post-98496","post","type-post","status-publish","format-standard","has-post-thumbnail","hentry","category-artigos"],"_links":{"self":[{"href":"https:\/\/jorgezanoni.com.br\/2019\/wp-json\/wp\/v2\/posts\/98496","targetHints":{"allow":["GET"]}}],"collection":[{"href":"https:\/\/jorgezanoni.com.br\/2019\/wp-json\/wp\/v2\/posts"}],"about":[{"href":"https:\/\/jorgezanoni.com.br\/2019\/wp-json\/wp\/v2\/types\/post"}],"author":[{"embeddable":true,"href":"https:\/\/jorgezanoni.com.br\/2019\/wp-json\/wp\/v2\/users\/1"}],"replies":[{"embeddable":true,"href":"https:\/\/jorgezanoni.com.br\/2019\/wp-json\/wp\/v2\/comments?post=98496"}],"version-history":[{"count":1,"href":"https:\/\/jorgezanoni.com.br\/2019\/wp-json\/wp\/v2\/posts\/98496\/revisions"}],"predecessor-version":[{"id":98498,"href":"https:\/\/jorgezanoni.com.br\/2019\/wp-json\/wp\/v2\/posts\/98496\/revisions\/98498"}],"wp:featuredmedia":[{"embeddable":true,"href":"https:\/\/jorgezanoni.com.br\/2019\/wp-json\/wp\/v2\/media\/98497"}],"wp:attachment":[{"href":"https:\/\/jorgezanoni.com.br\/2019\/wp-json\/wp\/v2\/media?parent=98496"}],"wp:term":[{"taxonomy":"category","embeddable":true,"href":"https:\/\/jorgezanoni.com.br\/2019\/wp-json\/wp\/v2\/categories?post=98496"},{"taxonomy":"post_tag","embeddable":true,"href":"https:\/\/jorgezanoni.com.br\/2019\/wp-json\/wp\/v2\/tags?post=98496"}],"curies":[{"name":"wp","href":"https:\/\/api.w.org\/{rel}","templated":true}]}}