{"id":98449,"date":"2025-09-29T21:17:30","date_gmt":"2025-09-29T21:17:30","guid":{"rendered":"https:\/\/jorgezanoni.com.br\/2019\/?p=98449"},"modified":"2025-09-30T11:05:39","modified_gmt":"2025-09-30T11:05:39","slug":"policia-militar-localiza-centro-de-distribuicao-de-mercadorias-irregulares-em-dracena","status":"publish","type":"post","link":"https:\/\/jorgezanoni.com.br\/2019\/policia-militar-localiza-centro-de-distribuicao-de-mercadorias-irregulares-em-dracena\/","title":{"rendered":"Pol\u00edcia Militar localiza Centro de Distribui\u00e7\u00e3o de Mercadorias Irregulares em Dracena"},"content":{"rendered":"<p style=\"text-align: justify;\">Na manh\u00e3 de hoje (29), policiais militares do 25\u00ba Batalh\u00e3o de Pol\u00edcia Militar do Interior, durante patrulhamento pela cidade de Dracena, suspeitaram da atitude de um ve\u00edculo. No in\u00edcio da tentativa de abordagem, o condutor empreendeu fuga, adentrando em seguida em uma ch\u00e1cara nas proximodades do Distrito de Jamaica.<\/p>\n<p style=\"text-align: justify;\">No local, foram encontrados diversos ve\u00edculos utilizados para transporte de mercadorias oriundas do Paraguai. As equipes constataram que a ch\u00e1cara funcionava como um centro log\u00edstico, onde a carga era fracionada e distribu\u00edda a diversos destinat\u00e1rios.<\/p>\n<p style=\"text-align: justify;\">O propriet\u00e1rio do im\u00f3vel, bem como os demais envolvidos, foram conduzidos \u00e0 sede da Pol\u00edcia Federal em Ara\u00e7atuba para as demais provid\u00eancias legais. A mercadoria foi apreendida.<\/p>\n<p><img loading=\"lazy\" decoding=\"async\" class=\"alignnone size-full wp-image-98451\" src=\"https:\/\/jorgezanoni.com.br\/2019\/wp-content\/uploads\/2025\/09\/tra1-Pequeno.jpg\" alt=\"\" width=\"275\" height=\"480\" srcset=\"https:\/\/jorgezanoni.com.br\/2019\/wp-content\/uploads\/2025\/09\/tra1-Pequeno.jpg 275w, https:\/\/jorgezanoni.com.br\/2019\/wp-content\/uploads\/2025\/09\/tra1-Pequeno-172x300.jpg 172w, https:\/\/jorgezanoni.com.br\/2019\/wp-content\/uploads\/2025\/09\/tra1-Pequeno-241x420.jpg 241w\" sizes=\"auto, (max-width: 275px) 100vw, 275px\" \/> <img loading=\"lazy\" decoding=\"async\" class=\"alignnone size-full wp-image-98452\" src=\"https:\/\/jorgezanoni.com.br\/2019\/wp-content\/uploads\/2025\/09\/tra2-Pequeno.jpg\" alt=\"\" width=\"272\" height=\"480\" srcset=\"https:\/\/jorgezanoni.com.br\/2019\/wp-content\/uploads\/2025\/09\/tra2-Pequeno.jpg 272w, https:\/\/jorgezanoni.com.br\/2019\/wp-content\/uploads\/2025\/09\/tra2-Pequeno-170x300.jpg 170w, https:\/\/jorgezanoni.com.br\/2019\/wp-content\/uploads\/2025\/09\/tra2-Pequeno-238x420.jpg 238w\" sizes=\"auto, (max-width: 272px) 100vw, 272px\" \/> <img loading=\"lazy\" decoding=\"async\" class=\"alignnone size-full wp-image-98453\" src=\"https:\/\/jorgezanoni.com.br\/2019\/wp-content\/uploads\/2025\/09\/trA3-Pequeno.jpg\" alt=\"\" width=\"272\" height=\"480\" srcset=\"https:\/\/jorgezanoni.com.br\/2019\/wp-content\/uploads\/2025\/09\/trA3-Pequeno.jpg 272w, https:\/\/jorgezanoni.com.br\/2019\/wp-content\/uploads\/2025\/09\/trA3-Pequeno-170x300.jpg 170w, https:\/\/jorgezanoni.com.br\/2019\/wp-content\/uploads\/2025\/09\/trA3-Pequeno-238x420.jpg 238w\" sizes=\"auto, (max-width: 272px) 100vw, 272px\" \/><\/p>\n<p>Fonte: Comunica\u00e7\u00e3o Social Pol\u00edcia Militar<\/p>\n<p>POL\u00cdCIA MILITAR LOCALIZA CENTRO DE DISTRIBUI\u00c7\u00c3O DE CONTRABANDO EM DRACENA<\/p>\n<p style=\"text-align: justify;\">Na manh\u00e3 de ontem (29), por volta das 10h30min, policiais militares do 25\u00ba Batalh\u00e3o de Pol\u00edcia Militar do Interior, durante patrulhamento pela \u00e1rea central, acompanharam um ve\u00edculo que desobedeceu ordem de parada e seguiu para a zona rural. Ap\u00f3s dilig\u00eancias, o autom\u00f3vel foi localizado dentro de uma propriedade. No local, foram encontrados outros seis ve\u00edculos preparados para transporte il\u00edcito, al\u00e9m de um galp\u00e3o repleto de caixas contendo mercadorias de descaminho e contrabando, como cigarros, cigarros eletr\u00f4nicos, celulares, rel\u00f3gios, perfumes, \u00f3culos, iPads e notebooks. A Receita Federal foi acionada, compareceu com duas viaturas e um caminh\u00e3o e realizou a apreens\u00e3o de toda a carga, estimada em aproximadamente R$ 10 milh\u00f5es, al\u00e9m dos ve\u00edculos utilizados no transporte. Seis indiv\u00edduos foram conduzidos \u00e0 Pol\u00edcia Federal em Ara\u00e7atuba. Ap\u00f3s an\u00e1lise da autoridade competente, dois deles tiveram a pris\u00e3o em flagrante ratificada, enquanto os demais foram qualificados e liberados.<\/p>\n<p>Fonte: Comunica\u00e7\u00e3o Social Pol\u00edcia Militar<\/p>\n","protected":false},"excerpt":{"rendered":"<p>Na manh\u00e3 de hoje (29), policiais militares do 25\u00ba Batalh\u00e3o de Pol\u00edcia Militar do Interior, durante patrulhamento pela cidade de Dracena, suspeitaram da atitude de um ve\u00edculo. No in\u00edcio da tentativa de abordagem, o condutor empreendeu fuga, adentrando em seguida em uma ch\u00e1cara nas proximodades do Distrito de Jamaica. No local, foram encontrados diversos ve\u00edculos [&hellip;]<\/p>\n","protected":false},"author":1,"featured_media":98450,"comment_status":"closed","ping_status":"open","sticky":false,"template":"","format":"standard","meta":{"footnotes":""},"categories":[110,2],"tags":[],"class_list":["post-98449","post","type-post","status-publish","format-standard","has-post-thumbnail","hentry","category-noticiasdestaque","category-policial"],"_links":{"self":[{"href":"https:\/\/jorgezanoni.com.br\/2019\/wp-json\/wp\/v2\/posts\/98449","targetHints":{"allow":["GET"]}}],"collection":[{"href":"https:\/\/jorgezanoni.com.br\/2019\/wp-json\/wp\/v2\/posts"}],"about":[{"href":"https:\/\/jorgezanoni.com.br\/2019\/wp-json\/wp\/v2\/types\/post"}],"author":[{"embeddable":true,"href":"https:\/\/jorgezanoni.com.br\/2019\/wp-json\/wp\/v2\/users\/1"}],"replies":[{"embeddable":true,"href":"https:\/\/jorgezanoni.com.br\/2019\/wp-json\/wp\/v2\/comments?post=98449"}],"version-history":[{"count":3,"href":"https:\/\/jorgezanoni.com.br\/2019\/wp-json\/wp\/v2\/posts\/98449\/revisions"}],"predecessor-version":[{"id":98474,"href":"https:\/\/jorgezanoni.com.br\/2019\/wp-json\/wp\/v2\/posts\/98449\/revisions\/98474"}],"wp:featuredmedia":[{"embeddable":true,"href":"https:\/\/jorgezanoni.com.br\/2019\/wp-json\/wp\/v2\/media\/98450"}],"wp:attachment":[{"href":"https:\/\/jorgezanoni.com.br\/2019\/wp-json\/wp\/v2\/media?parent=98449"}],"wp:term":[{"taxonomy":"category","embeddable":true,"href":"https:\/\/jorgezanoni.com.br\/2019\/wp-json\/wp\/v2\/categories?post=98449"},{"taxonomy":"post_tag","embeddable":true,"href":"https:\/\/jorgezanoni.com.br\/2019\/wp-json\/wp\/v2\/tags?post=98449"}],"curies":[{"name":"wp","href":"https:\/\/api.w.org\/{rel}","templated":true}]}}