{"id":98360,"date":"2025-09-25T13:16:28","date_gmt":"2025-09-25T13:16:28","guid":{"rendered":"https:\/\/jorgezanoni.com.br\/2019\/?p=98360"},"modified":"2025-09-25T13:16:28","modified_gmt":"2025-09-25T13:16:28","slug":"policia-militar-prende-homem-por-trafico-de-drogas-em-dracena-21","status":"publish","type":"post","link":"https:\/\/jorgezanoni.com.br\/2019\/policia-militar-prende-homem-por-trafico-de-drogas-em-dracena-21\/","title":{"rendered":"Pol\u00edcia Militar prende homem por Tr\u00e1fico de Drogas em Dracena"},"content":{"rendered":"<p style=\"text-align: justify;\">Na tarde de ontem (24), por volta das 18h17min, policiais militares do 25\u00ba Batalh\u00e3o de Pol\u00edcia Militar do Interior, durante patrulhamento pela cidade de Dracena, foram acionados via COPOM para atendimento de ocorr\u00eancia. No local, a equipe abordou um indiv\u00edduo (22 anos) que, ap\u00f3s breve entrevista, confessou possuir entorpecente. Com autoriza\u00e7\u00e3o da respons\u00e1vel pela resid\u00eancia, foram localizadas mais subst\u00e2ncias e constatado, por relatos, que o suspeito realizava a venda de drogas. Ainda durante a ocorr\u00eancia, outro cidad\u00e3o abordado afirmou ser usu\u00e1rio e relatou adquirir drogas do mesmo autor. Diante dos fatos, foi dada voz de pris\u00e3o em flagrante por tr\u00e1fico de drogas, sendo o detido conduzido juntamente com os entorpecentes apreendidos e testemunhas ao Plant\u00e3o Policial, onde permaneceu preso \u00e0 disposi\u00e7\u00e3o da Justi\u00e7a.<\/p>\n<p>Fonte: Comunica\u00e7\u00e3o Social Pol\u00edcia Militar<\/p>\n","protected":false},"excerpt":{"rendered":"<p>Na tarde de ontem (24), por volta das 18h17min, policiais militares do 25\u00ba Batalh\u00e3o de Pol\u00edcia Militar do Interior, durante patrulhamento pela cidade de Dracena, foram acionados via COPOM para atendimento de ocorr\u00eancia. No local, a equipe abordou um indiv\u00edduo (22 anos) que, ap\u00f3s breve entrevista, confessou possuir entorpecente. Com autoriza\u00e7\u00e3o da respons\u00e1vel pela resid\u00eancia, [&hellip;]<\/p>\n","protected":false},"author":1,"featured_media":98361,"comment_status":"closed","ping_status":"open","sticky":false,"template":"","format":"standard","meta":{"footnotes":""},"categories":[110,2],"tags":[],"class_list":["post-98360","post","type-post","status-publish","format-standard","has-post-thumbnail","hentry","category-noticiasdestaque","category-policial"],"_links":{"self":[{"href":"https:\/\/jorgezanoni.com.br\/2019\/wp-json\/wp\/v2\/posts\/98360","targetHints":{"allow":["GET"]}}],"collection":[{"href":"https:\/\/jorgezanoni.com.br\/2019\/wp-json\/wp\/v2\/posts"}],"about":[{"href":"https:\/\/jorgezanoni.com.br\/2019\/wp-json\/wp\/v2\/types\/post"}],"author":[{"embeddable":true,"href":"https:\/\/jorgezanoni.com.br\/2019\/wp-json\/wp\/v2\/users\/1"}],"replies":[{"embeddable":true,"href":"https:\/\/jorgezanoni.com.br\/2019\/wp-json\/wp\/v2\/comments?post=98360"}],"version-history":[{"count":1,"href":"https:\/\/jorgezanoni.com.br\/2019\/wp-json\/wp\/v2\/posts\/98360\/revisions"}],"predecessor-version":[{"id":98362,"href":"https:\/\/jorgezanoni.com.br\/2019\/wp-json\/wp\/v2\/posts\/98360\/revisions\/98362"}],"wp:featuredmedia":[{"embeddable":true,"href":"https:\/\/jorgezanoni.com.br\/2019\/wp-json\/wp\/v2\/media\/98361"}],"wp:attachment":[{"href":"https:\/\/jorgezanoni.com.br\/2019\/wp-json\/wp\/v2\/media?parent=98360"}],"wp:term":[{"taxonomy":"category","embeddable":true,"href":"https:\/\/jorgezanoni.com.br\/2019\/wp-json\/wp\/v2\/categories?post=98360"},{"taxonomy":"post_tag","embeddable":true,"href":"https:\/\/jorgezanoni.com.br\/2019\/wp-json\/wp\/v2\/tags?post=98360"}],"curies":[{"name":"wp","href":"https:\/\/api.w.org\/{rel}","templated":true}]}}