{"id":98326,"date":"2025-09-23T21:47:09","date_gmt":"2025-09-23T21:47:09","guid":{"rendered":"https:\/\/jorgezanoni.com.br\/2019\/?p=98326"},"modified":"2025-09-23T21:47:09","modified_gmt":"2025-09-23T21:47:09","slug":"desencontros-com-a-catedra-unesco-metodista-nos-bons-e-velhos-tempos-por-sergio-barbosa","status":"publish","type":"post","link":"https:\/\/jorgezanoni.com.br\/2019\/desencontros-com-a-catedra-unesco-metodista-nos-bons-e-velhos-tempos-por-sergio-barbosa\/","title":{"rendered":"Desencontros com a C\u00e1tedra Unesco\/Metodista nos bons e velhos tempos&#8230; (por S\u00e9rgio Barbosa)"},"content":{"rendered":"<p style=\"text-align: justify;\"><strong>DESENCONTROS COM A C\u00c1TEDRA UNESCO\/METODISTA NOS BONS E VELHOS TEMPOS&#8230;<\/strong><\/p>\n<p style=\"text-align: justify;\"><em>\u201cGuarde bem suas lembran\u00e7as, porque uma vida sem mem\u00f3ria, \u00e9 como um livro sem hist\u00f3ria pra contar.\u201d (<\/em><a href=\"https:\/\/www.pensador.com\/autor\/walter_arruda\/\"><em>Walter Arruda<\/em><\/a><em>)<\/em><\/p>\n<p style=\"text-align: justify;\"><strong><em>Aos Pesquisadores (In Memoriam), JOSEPHY LUYTEN, SEBASTI\u00c3O BREGUEZ E JOS\u00c9 MARQUES DE MELO, dedico!<\/em><\/strong><\/p>\n<p style=\"text-align: justify;\"><strong><em>seb@r.<\/em><\/strong><\/p>\n<p style=\"text-align: justify;\">At\u00e9 onde estou recordando aqui e ali, acredito que essa conversa ocorreu em 1.998 no campus da METODISTA, quando o Professor MARQUES DE MELO estava organizando a realiza\u00e7\u00e3o de dois eventos da C\u00c1TEDRA UNESCO, sendo o I FOLCKCOM e o I COMSA\u00daDE solicitou uma conversa com a minha pessoa pra fazer um CONVITE ESPECIAL, ainda, tamb\u00e9m, extensivo ao meu amigo BLACK MAL\u00ca para participar destes dois eventos, considerando que ambos estavam sempre circulando pelos corredores onde funcionavam os cursos de P\u00d3S EM COMUNICA\u00c7\u00c3O SOCIAL, PSICOLOGIA SOCIAL, CI\u00caNCIAS DA RELIGI\u00c3O E ADMINISTRA\u00c7\u00c3O da METODISTA&#8230;<\/p>\n<p style=\"text-align: justify;\">Ainda, nesta \u00e9poca minhas atividades estavam concentradas com o pessoal da P\u00f3s em CI\u00caNCIAS DA RELIGI\u00c3O com os professores MARASCHIN E MENDON\u00c7A por meio de assessorias\u00a0 em projetos de pesquisa, publica\u00e7\u00f5es e outros desencontros&#8230;<\/p>\n<p style=\"text-align: justify;\">Lembro que o Professor MARQUES disse que \u201ca minha forma\u00e7\u00e3o de gradua\u00e7\u00e3o era em JORNALISMO, assim, seria interessante participar dos eventos realizados pela C\u00c1TEDRA UNESCO\/METODISTA\u201d&#8230;<\/p>\n<p style=\"text-align: justify;\">Posso registrar que tanto eu quanto o meu amigo BLACK MAL\u00ca participamos dos dois eventos ativamente, desta forma, no ano seguinte, ou seja, em 1.999 quando da realiza\u00e7\u00e3o da II FOLCKCOM no campus da FEDERAL de S\u00c3O JO\u00c3O DEL REY, Minas Gerais, era mais do que uma obriga\u00e7\u00e3o participar do evento, ainda mais que era em outro estado e como n\u00e3o conhecia aqueles lados, resolvi embarcar nesta aventura, isso mesmo, um dos ve\u00edculos da Universidade foi enviado para transportar os\/as pesquisadores\/as da METODISTA&#8230;<\/p>\n<p style=\"text-align: justify;\">Faz-se necess\u00e1rio registrar que foi nesta viagem pelas rodovias paulistas e mineiras at\u00e9 chegar em SJDel Rey que ocorreram muitos desencontros entre a turma, por\u00e9m, lembro muito bem aqui e ali de um Professor da P\u00f3s em Comunica\u00e7\u00e3o que deixou a sua marca registrada em todas as paradas, tamb\u00e9m, acabamos ficando pr\u00f3ximos, desta forma, era sempre o mesmo ritual nestas paradas, a saber: UMA CERVEJA QUENTE E UMA DOSE DE RABO DE GALO para dois&#8230;<\/p>\n<p style=\"text-align: justify;\">Acredito que n\u00e3o seja necess\u00e1rio escrever o nome deste professor mais do que especial, pois, tal ritual era conhecido nas redondezas do campus da METODISTA, mesmo assim, ainda, para o bem ou para o mal, citar o nome deste personagem: PROF. DR. JOSEPHH LUYTEN&#8230;<\/p>\n<p style=\"text-align: justify;\">Pra variar, por n\u00e3o estar acostumado com tais aventuras quanto aos BEBES, depois da terceira parada j\u00e1 estava \u201cdormindo\u201d no ve\u00edculo e LUYTEN teve que continuar suas paradas sem a minha companhia e ponto quase final&#8230;<\/p>\n<p style=\"text-align: justify;\">Chegando na cidade, depois, no campus da UFSJDelR, ficamos conhecendo os demais pesquisadores\/as que estavam na \u00e1rea, alguns conhecidos e outros n\u00e3o, entre os quais, BENJAMIN, TRIGUEIRO e BREGUEZ, al\u00e9m do coordenador local, GUILHERME REZENDE&#8230;<\/p>\n<p style=\"text-align: justify;\">Bom, foram tr\u00eas dias com muitas atividades, passeios, comes e bebes no campus e restaurantes das proximidades e sempre com uma turma para muitas conversas, risadas, goza\u00e7\u00f5es e tudo mais, tendo em vista que eram muitos \u201csotaques e g\u00edrias\u201d para todos os lados de um mesmo lado&#8230;<\/p>\n<p style=\"text-align: justify;\">N\u00e3o \u00e9 poss\u00edvel registrar neste texto todos os fatos que ocorreram naquele outro tempo do tempo, por\u00e9m, vou registrar um dos mesmos como \u201ctestemunha presente\u201d e pra variar, o meu amigo LUYTEM estava na \u00e1rea, entretanto, desta vez, apareceu pra ser o nosso guia o SEBASTI\u00c3O BREGUEZ, que era figurinha carimbada na \u00e1rea&#8230;<\/p>\n<p style=\"text-align: justify;\">Mas, desta vez, os desencontros ocorreram em outra cidade, TIRADENTES, sendo que a viagem ocorreu na ida e volta com a folcl\u00f3rica MARIA FUMA\u00c7A e dois ou tr\u00eas vag\u00f5es com bancos de madeira, ainda, pode-se escrever que a viagem superou todas as expectativas para todos\/as os passageiros\/as que se fizeram presentes neste passeio&#8230;<\/p>\n<p style=\"text-align: justify;\">Chegando na cidade hist\u00f3rica de TIRADENTES, cada qual buscou conhecer isto ou aquilo, ainda, neste ou no outro lado, todavia, \u201cn\u00f3s\u201d (S\u00c9RGIO\/LUYTEN\/BREGUEZ), devidamente comandados pelo conhecedor dos meandros da cidade, BREGUEZ, sendo que o mesmo nos levou para conhecer uma rota denominada da \u201cCACHA\u00c7A\u201d, bom, nem preciso escrever aqui o que acabou ocorrendo, pelo menos para o meu lado, quanto aos outros, foram e voltaram sem mais e sem menos depois de tantos GOLES DESTA OU DAQUELE CACHA\u00c7A ARTESANAL&#8230;<\/p>\n<p style=\"text-align: justify;\">Foram dias e momentos que ficaram na mem\u00f3ria e de vez em quando bate aqui tais lembran\u00e7as destes dois personagens, LUYTEN E BREGUEZ que partiram para o outro lado do tempo deste tempo&#8230;<\/p>\n<p style=\"text-align: justify;\">Tenho certeza que ambos est\u00e3o aprontando das suas naqueles lados, ainda mais que agora est\u00e3o com o PAINHO que partiu sem mais e sem menos no ano passado, bem como, outros\/as pesquisadores\/as que est\u00e3o neste mesmo lugar para muitas conversas sobre tudo e todos&#8230;<\/p>\n<p style=\"text-align: justify;\">QUEM ESTEVE NESTE EVENTO VAI LEMBRAR-SE DISTO OU DAQUILO, POR\u00c9M, TENHO CERTEZA QUE LUYTEN E BREGUEZ APROVAM TAL REGISTRO&#8230;<\/p>\n<p><strong>e-mail: <\/strong><a href=\"mailto:barbosa.sebar@gmail.com\"><strong>barbosa.sebar@gmail.com<\/strong><\/a><\/p>\n<p>&nbsp;<\/p>\n","protected":false},"excerpt":{"rendered":"<p>DESENCONTROS COM A C\u00c1TEDRA UNESCO\/METODISTA NOS BONS E VELHOS TEMPOS&#8230; \u201cGuarde bem suas lembran\u00e7as, porque uma vida sem mem\u00f3ria, \u00e9 como um livro sem hist\u00f3ria pra contar.\u201d (Walter Arruda) Aos Pesquisadores (In Memoriam), JOSEPHY LUYTEN, SEBASTI\u00c3O BREGUEZ E JOS\u00c9 MARQUES DE MELO, dedico! seb@r. At\u00e9 onde estou recordando aqui e ali, acredito que essa conversa [&hellip;]<\/p>\n","protected":false},"author":1,"featured_media":98327,"comment_status":"closed","ping_status":"open","sticky":false,"template":"","format":"standard","meta":{"footnotes":""},"categories":[175],"tags":[],"class_list":["post-98326","post","type-post","status-publish","format-standard","has-post-thumbnail","hentry","category-artigos"],"_links":{"self":[{"href":"https:\/\/jorgezanoni.com.br\/2019\/wp-json\/wp\/v2\/posts\/98326","targetHints":{"allow":["GET"]}}],"collection":[{"href":"https:\/\/jorgezanoni.com.br\/2019\/wp-json\/wp\/v2\/posts"}],"about":[{"href":"https:\/\/jorgezanoni.com.br\/2019\/wp-json\/wp\/v2\/types\/post"}],"author":[{"embeddable":true,"href":"https:\/\/jorgezanoni.com.br\/2019\/wp-json\/wp\/v2\/users\/1"}],"replies":[{"embeddable":true,"href":"https:\/\/jorgezanoni.com.br\/2019\/wp-json\/wp\/v2\/comments?post=98326"}],"version-history":[{"count":1,"href":"https:\/\/jorgezanoni.com.br\/2019\/wp-json\/wp\/v2\/posts\/98326\/revisions"}],"predecessor-version":[{"id":98328,"href":"https:\/\/jorgezanoni.com.br\/2019\/wp-json\/wp\/v2\/posts\/98326\/revisions\/98328"}],"wp:featuredmedia":[{"embeddable":true,"href":"https:\/\/jorgezanoni.com.br\/2019\/wp-json\/wp\/v2\/media\/98327"}],"wp:attachment":[{"href":"https:\/\/jorgezanoni.com.br\/2019\/wp-json\/wp\/v2\/media?parent=98326"}],"wp:term":[{"taxonomy":"category","embeddable":true,"href":"https:\/\/jorgezanoni.com.br\/2019\/wp-json\/wp\/v2\/categories?post=98326"},{"taxonomy":"post_tag","embeddable":true,"href":"https:\/\/jorgezanoni.com.br\/2019\/wp-json\/wp\/v2\/tags?post=98326"}],"curies":[{"name":"wp","href":"https:\/\/api.w.org\/{rel}","templated":true}]}}