{"id":98321,"date":"2025-09-23T21:27:17","date_gmt":"2025-09-23T21:27:17","guid":{"rendered":"https:\/\/jorgezanoni.com.br\/2019\/?p=98321"},"modified":"2025-09-23T21:27:17","modified_gmt":"2025-09-23T21:27:17","slug":"summit-educacao-2025-destaca-raizes-que-sustentam-transformacao-na-educacao","status":"publish","type":"post","link":"https:\/\/jorgezanoni.com.br\/2019\/summit-educacao-2025-destaca-raizes-que-sustentam-transformacao-na-educacao\/","title":{"rendered":"Summit Educa\u00e7\u00e3o 2025 destaca ra\u00edzes que sustentam transforma\u00e7\u00e3o na educa\u00e7\u00e3o"},"content":{"rendered":"<p style=\"text-align: justify;\" align=\"center\"><strong><i>Encontro reuniu mais de 700 pessoas em Curitiba e refor\u00e7ou o papel do cooperativismo na constru\u00e7\u00e3o de futuros mais justos e colaborativos.<\/i><\/strong><\/p>\n<p style=\"text-align: justify;\">Com a \u00c1rvore do Conhecimento como s\u00edmbolo central, o Summit Educa\u00e7\u00e3o 2025, promovido pela Central Sicredi PR\/SP\/RJ, reuniu mais de 700 participantes de 29 cooperativas de quatro estados (PR, SP, RJ e SC) nos dias 15 e 16 de setembro, no Teatro UP Experience, em Curitiba. O evento refor\u00e7ou a import\u00e2ncia das ra\u00edzes que sustentam a educa\u00e7\u00e3o e a necessidade de cultivar, de forma coletiva, um futuro mais justo, cooperativo e transformador.<\/p>\n<p style=\"text-align: justify;\">&#8220;A \u00e1rvore tem ra\u00edzes, caule, flores e frutos. Ao longo desses 30 anos do Programa A Uni\u00e3o Faz a Vida \u2014 completados neste ano \u2014, temos cuidado dessas bases para que a dedica\u00e7\u00e3o se transforme em prosperidade&#8221;, destacou o presidente da Central Sicredi PR\/SP\/RJ, Manfred Dasenbrock.<\/p>\n<p style=\"text-align: justify;\"><strong>Momentos simb\u00f3licos\u00a0<\/strong><\/p>\n<p style=\"text-align: justify;\">A abertura foi marcada pela pe\u00e7a\u00a0<em>De onde veio tudo isto?<\/em>, criada em homenagem aos 40 anos da atua\u00e7\u00e3o do Sicredi no Paran\u00e1, S\u00e3o Paulo e Rio de Janeiro, que narra a hist\u00f3ria do cooperativismo no Brasil e seus protagonistas. Em seguida, ocorreu o lan\u00e7amento do livro\u00a0<em>Olhares sobre a educa\u00e7\u00e3o: a din\u00e2mica do Programa A Uni\u00e3o Faz a Vida (PUFV) na contribui\u00e7\u00e3o para o alcance dos ODS da Agenda 2030<\/em>. A obra re\u00fane pesquisas dos doutores em educa\u00e7\u00e3o Mariulce da Silva Lima Leineker, Pablo Jonas Camilo e Silvio Ricardo Munari Machado, comprovando a contribui\u00e7\u00e3o do PUFV para o ODS 4 (Educa\u00e7\u00e3o de Qualidade).<\/p>\n<p style=\"text-align: justify;\">&#8220;O estudo trouxe confirma\u00e7\u00f5es cient\u00edficas de algo que j\u00e1 se intu\u00eda e apontou perspectivas para ampliar\u00a0 esse impacto&#8221;, avaliou a assessora dos programas educacionais e sociais da Central Sicredi PR\/SP\/RJ, Mariana Bai\u00e3o dos Santos.<\/p>\n<p style=\"text-align: justify;\"><strong>Vozes da transforma\u00e7\u00e3o<\/strong><\/p>\n<p style=\"text-align: justify;\">Dois pain\u00e9is mostraram o poder transformador da viv\u00eancia escolar. No primeiro, cinco ex-alunas do Programa A Uni\u00e3o Faz a Vida compartilharam experi\u00eancias. Entre elas, Fernanda dos Santos Oliveira, de 18 anos, que convive h\u00e1 11 anos com o Programa. Prestes a se formar em administra\u00e7\u00e3o e atuando como caixa no Sicredi de Itambarac\u00e1 (PR), ela carrega uma frase da can\u00e7\u00e3o do Uni\u00e3o Faz A Vida: &#8220;Sozinhos somos estrelas, juntos somos constela\u00e7\u00e3o &#8211; peguei essa frase para mim e desde crian\u00e7a levei para a minha vida&#8221;, afirmou.<\/p>\n<p style=\"text-align: justify;\">O segundo painel destacou os impactos de programas como Cooperativas Escolares, Coopera\u00e7\u00e3o na Ponta do L\u00e1pis e Cada Gesto Educa nas escolas. Para a assessora pedag\u00f3gica de Jardim Alegre (PR), Marielle Fernanda de Mattos Aguiar, esses projetos &#8220;seguram a m\u00e3o do professor e n\u00e3o soltam, porque o professor precisa ser acolhido&#8221;.<\/p>\n<p style=\"text-align: justify;\"><strong>Palestras inspiradoras<\/strong><\/p>\n<p style=\"text-align: justify;\">O executivo da Casa Cooperativa Nova Petr\u00f3polis, Paulo C\u00e9sar Soares, abriu o ciclo de palestras destacando o cooperativismo como processo educativo. Al\u00e9m de relembrar a trajet\u00f3ria do padre Theodor Amstad, fundador da primeira cooperativa de cr\u00e9dito da Am\u00e9rica Latina, ressaltou: &#8220;O movimento cooperativo transforma a sociedade e a cultura, mas precisa da educa\u00e7\u00e3o para comunicar seus princ\u00edpios de forma clara&#8221;<\/p>\n<p style=\"text-align: justify;\">Na sequ\u00eancia, o professor Celso dos Santos Vasconcellos, doutor em educa\u00e7\u00e3o pela USP, fil\u00f3sofo e escritor, apresentou o tema\u00a0<em>O Amor Cr\u00edtico como Fundamento da Educa\u00e7\u00e3o para o Corporativismo.<\/em>\u00a0Ele refor\u00e7ou que nada substitui um bom professor e defendeu a humaniza\u00e7\u00e3o do ensino. &#8220;Temos pr\u00e1ticas muito amorosas na escola, mas muitas vezes o pr\u00f3prio professor n\u00e3o percebe. Quando toma consci\u00eancia, pode potencializar, sistematizar e compartilhar essas pr\u00e1ticas para que outros educadores tamb\u00e9m as vivenciem.&#8221;<\/p>\n<p style=\"text-align: justify;\">O escritor Fabr\u00edcio Carpinejar encerrou as palestras com o tema\u00a0<em>Transforma\u00e7\u00e3o pelo Afeto: que Ningu\u00e9m Seja Invis\u00edvel ao seu Lado<\/em>. Em uma fala repleta de hist\u00f3rias reflexivas,\u00a0 criticou o uso excessivo da tecnologia, destacou o valor da presen\u00e7a e enalteceu os professores: &#8220;Entreter n\u00e3o \u00e9 ensinar, o professor j\u00e1 faz muito sendo professor&#8221;.<\/p>\n<p style=\"text-align: justify;\"><strong>Impactos que v\u00e3o al\u00e9m da sala de aula<\/strong><\/p>\n<p style=\"text-align: justify;\">Na edi\u00e7\u00e3o de 2005, o Summit Educa\u00e7\u00e3o consolidou-se como espa\u00e7o de di\u00e1logo,\u00a0 fortalecimento do protagonismo dos educadores e troca de experi\u00eancias inspiradoras. A professora Vanessa Almeida, de Paranapanema Serrana (SP), destacou: &#8220;Receber educa\u00e7\u00e3o de qualidade \u00e9 um direito do aluno, e participar desse processo \u00e9 tamb\u00e9m uma forma de contribuir com a sociedade&#8221;.<\/p>\n<p class=\"v1MsoNormal\" style=\"text-align: justify;\">No caso dela, o impacto foi ainda mais profundo: por meio da metodologia do PUFV, conheceu sua filha de cora\u00e7\u00e3o, com quem completar\u00e1 um ano de conviv\u00eancia no fim de setembro.<br \/>\n<b><i><\/i><\/b><\/p>\n<p class=\"v1MsoNormal\" style=\"text-align: justify;\"><b><i>Sobre o Sicredi<\/i><\/b><i><\/i><\/p>\n<p class=\"v1MsoNormal\" style=\"text-align: justify;\"><i>O Sicredi \u00e9 uma institui\u00e7\u00e3o financeira cooperativa comprometida com o crescimento de seus associados e com o desenvolvimento das regi\u00f5es onde atua. Possui um modelo de gest\u00e3o que valoriza a participa\u00e7\u00e3o dos mais de 9,5 milh\u00f5es de associados, que exercem o papel de donos do neg\u00f3cio. Com mais de 2.900 ag\u00eancias, o Sicredi est\u00e1 presente fisicamente em todos os estados brasileiros e no Distrito Federal, disponibilizando uma gama completa de solu\u00e7\u00f5es financeiras e n\u00e3o financeiras.<\/i><\/p>\n<p class=\"v1MsoNormal\"><b><i>Site do Sicredi:\u00a0<a href=\"http:\/\/www.sicredi.com.br\/\" target=\"_blank\" rel=\"noopener noreferrer\">www.sicredi.com.br<\/a><\/i><\/b><\/p>\n<p class=\"v1MsoNormal\"><b><i>Redes Sociais:\u00a0<\/i><\/b><em><b><u><span lang=\"EN-US\"><a href=\"http:\/\/www.facebook.com\/sicredicentrooestepaulista\" target=\"_blank\" rel=\"noopener noreferrer\"><i><span lang=\"PT-BR\">Facebook<\/span><\/i><\/a><\/span><\/u><\/b><\/em><em>\u00a0|<\/em>\u00a0<em><b><u><span lang=\"EN-US\"><a href=\"https:\/\/www.linkedin.com\/company\/sicredi-centro-oeste-paulista\/\" target=\"_blank\" rel=\"noopener noreferrer\"><i><span lang=\"PT-BR\">LinkedIn<\/span><\/i><\/a><\/span><\/u><\/b><\/em><em>\u00a0|<\/em>\u00a0<em><b><u><span lang=\"EN-US\"><a href=\"http:\/\/www.youtube.com\/sicredicentrooestepaulista\" target=\"_blank\" rel=\"noopener noreferrer\"><i><span lang=\"PT-BR\">YouTube<\/span><\/i><\/a><\/span><\/u><\/b><\/em><span lang=\"EN-US\">\u00a0<\/span><em>|\u00a0<\/em><em><b><u><span lang=\"EN-US\"><a href=\"http:\/\/www.instagram.com\/sicredicentrooestepaulista\" target=\"_blank\" rel=\"noopener noreferrer\"><i><span lang=\"PT-BR\">Instagram<\/span><\/i><\/a><\/span><\/u><\/b><\/em><\/p>\n<p style=\"text-align: justify;\"><img loading=\"lazy\" decoding=\"async\" class=\"alignnone size-full wp-image-98322\" src=\"https:\/\/jorgezanoni.com.br\/2019\/wp-content\/uploads\/2025\/09\/Cinco-ex-alunas-do-Programa-A-Uniao-Faz-a-Vida-compartilharam-experiencias-no-painel-que-mostrou-o-poder-transformador-da-vivencia-escolar-Pequeno.jpg\" alt=\"\" width=\"719\" height=\"480\" srcset=\"https:\/\/jorgezanoni.com.br\/2019\/wp-content\/uploads\/2025\/09\/Cinco-ex-alunas-do-Programa-A-Uniao-Faz-a-Vida-compartilharam-experiencias-no-painel-que-mostrou-o-poder-transformador-da-vivencia-escolar-Pequeno.jpg 719w, https:\/\/jorgezanoni.com.br\/2019\/wp-content\/uploads\/2025\/09\/Cinco-ex-alunas-do-Programa-A-Uniao-Faz-a-Vida-compartilharam-experiencias-no-painel-que-mostrou-o-poder-transformador-da-vivencia-escolar-Pequeno-300x200.jpg 300w, https:\/\/jorgezanoni.com.br\/2019\/wp-content\/uploads\/2025\/09\/Cinco-ex-alunas-do-Programa-A-Uniao-Faz-a-Vida-compartilharam-experiencias-no-painel-que-mostrou-o-poder-transformador-da-vivencia-escolar-Pequeno-696x465.jpg 696w, https:\/\/jorgezanoni.com.br\/2019\/wp-content\/uploads\/2025\/09\/Cinco-ex-alunas-do-Programa-A-Uniao-Faz-a-Vida-compartilharam-experiencias-no-painel-que-mostrou-o-poder-transformador-da-vivencia-escolar-Pequeno-629x420.jpg 629w\" sizes=\"auto, (max-width: 719px) 100vw, 719px\" \/>Cinco ex-alunas do Programa A Uni\u00e3o Faz a Vida compartilharam experi\u00eancias no painel que mostrou o poder transformador da viv\u00eancia escolar.<\/p>\n<p style=\"text-align: justify;\">CAPA: Evento reuniu mais de 700 participantes de 29 cooperativas de quatro estados (PR, SP, RJ e SC) nos dias 15 e 16 de setembro, no Teatro UP Experience, em Curitiba.<\/p>\n<p>Fonte: Comunica\u00e7\u00e3o e Marketing<\/p>\n","protected":false},"excerpt":{"rendered":"<p>Encontro reuniu mais de 700 pessoas em Curitiba e refor\u00e7ou o papel do cooperativismo na constru\u00e7\u00e3o de futuros mais justos e colaborativos. Com a \u00c1rvore do Conhecimento como s\u00edmbolo central, o Summit Educa\u00e7\u00e3o 2025, promovido pela Central Sicredi PR\/SP\/RJ, reuniu mais de 700 participantes de 29 cooperativas de quatro estados (PR, SP, RJ e SC) [&hellip;]<\/p>\n","protected":false},"author":1,"featured_media":98323,"comment_status":"closed","ping_status":"open","sticky":false,"template":"","format":"standard","meta":{"footnotes":""},"categories":[110,116],"tags":[],"class_list":["post-98321","post","type-post","status-publish","format-standard","has-post-thumbnail","hentry","category-noticiasdestaque","category-politicaeeconomia"],"_links":{"self":[{"href":"https:\/\/jorgezanoni.com.br\/2019\/wp-json\/wp\/v2\/posts\/98321","targetHints":{"allow":["GET"]}}],"collection":[{"href":"https:\/\/jorgezanoni.com.br\/2019\/wp-json\/wp\/v2\/posts"}],"about":[{"href":"https:\/\/jorgezanoni.com.br\/2019\/wp-json\/wp\/v2\/types\/post"}],"author":[{"embeddable":true,"href":"https:\/\/jorgezanoni.com.br\/2019\/wp-json\/wp\/v2\/users\/1"}],"replies":[{"embeddable":true,"href":"https:\/\/jorgezanoni.com.br\/2019\/wp-json\/wp\/v2\/comments?post=98321"}],"version-history":[{"count":1,"href":"https:\/\/jorgezanoni.com.br\/2019\/wp-json\/wp\/v2\/posts\/98321\/revisions"}],"predecessor-version":[{"id":98324,"href":"https:\/\/jorgezanoni.com.br\/2019\/wp-json\/wp\/v2\/posts\/98321\/revisions\/98324"}],"wp:featuredmedia":[{"embeddable":true,"href":"https:\/\/jorgezanoni.com.br\/2019\/wp-json\/wp\/v2\/media\/98323"}],"wp:attachment":[{"href":"https:\/\/jorgezanoni.com.br\/2019\/wp-json\/wp\/v2\/media?parent=98321"}],"wp:term":[{"taxonomy":"category","embeddable":true,"href":"https:\/\/jorgezanoni.com.br\/2019\/wp-json\/wp\/v2\/categories?post=98321"},{"taxonomy":"post_tag","embeddable":true,"href":"https:\/\/jorgezanoni.com.br\/2019\/wp-json\/wp\/v2\/tags?post=98321"}],"curies":[{"name":"wp","href":"https:\/\/api.w.org\/{rel}","templated":true}]}}