{"id":98292,"date":"2025-09-23T12:23:44","date_gmt":"2025-09-23T12:23:44","guid":{"rendered":"https:\/\/jorgezanoni.com.br\/2019\/?p=98292"},"modified":"2025-09-23T12:23:44","modified_gmt":"2025-09-23T12:23:44","slug":"acidente-entre-dois-veiculos-na-area-central-de-dracena-deixa-duas-pessoas-feridas","status":"publish","type":"post","link":"https:\/\/jorgezanoni.com.br\/2019\/acidente-entre-dois-veiculos-na-area-central-de-dracena-deixa-duas-pessoas-feridas\/","title":{"rendered":"Acidente entre dois ve\u00edculos na \u00e1rea central de Dracena deixa duas pessoas feridas"},"content":{"rendered":"<p style=\"text-align: justify;\"><strong>Acidente foi registrado por volta das 07:50 Horas desta ter\u00e7a-feira (23), na esquina das Ruas Tiradentes com Euclides da Cunha.<\/strong><\/p>\n<p style=\"text-align: justify;\">Segundo informa\u00e7\u00f5es obtidas no local pela reportagem do SITE JZ e TOP TV, um ve\u00edculo Volkswagem Gol, placas mercosul, dirigido por uma mulher, seguia pela Rua Tiradentes (via preferencial) no sentido centro-bairro, quando cruzou \u00e0 sua frente o ve\u00edculo Ford Corcel placas mercosul dirigido por um idoso, acontecendo a batida.<\/p>\n<p style=\"text-align: justify;\">Com o impacto da colis\u00e3o, o motorista e uma senhora passageira do Corcel, ficaram feridos, aparentemente v\u00edtimas leves, sendo socorridos por uma Unidade de Resgate do Corp\u00f3 de Bombeiros e uma Ambul\u00e2ncia municipal ao PAM.<\/p>\n<p style=\"text-align: justify;\">A condutora do Gol n\u00e3o se feriu, por\u00e9m estava bastante abalada com o acontecido.<\/p>\n<p style=\"text-align: justify;\">As Pol\u00edcias Militar e T\u00e9cnica compareceram ao local para registro do Boletim de Orr\u00eancia, contr\u00f4le do tr\u00e2nsito que ficou prejudicada e apura\u00e7\u00e3o dos fatos.<\/p>\n<p><img loading=\"lazy\" decoding=\"async\" class=\"alignnone size-full wp-image-98302\" src=\"https:\/\/jorgezanoni.com.br\/2019\/wp-content\/uploads\/2025\/09\/2-1-1.jpg\" alt=\"\" width=\"891\" height=\"974\" srcset=\"https:\/\/jorgezanoni.com.br\/2019\/wp-content\/uploads\/2025\/09\/2-1-1.jpg 891w, https:\/\/jorgezanoni.com.br\/2019\/wp-content\/uploads\/2025\/09\/2-1-1-274x300.jpg 274w, https:\/\/jorgezanoni.com.br\/2019\/wp-content\/uploads\/2025\/09\/2-1-1-768x840.jpg 768w, https:\/\/jorgezanoni.com.br\/2019\/wp-content\/uploads\/2025\/09\/2-1-1-696x761.jpg 696w, https:\/\/jorgezanoni.com.br\/2019\/wp-content\/uploads\/2025\/09\/2-1-1-384x420.jpg 384w\" sizes=\"auto, (max-width: 891px) 100vw, 891px\" \/>\u00a0<img loading=\"lazy\" decoding=\"async\" class=\"alignnone size-full wp-image-98294\" src=\"https:\/\/jorgezanoni.com.br\/2019\/wp-content\/uploads\/2025\/09\/3-1.jpg\" alt=\"\" width=\"819\" height=\"914\" srcset=\"https:\/\/jorgezanoni.com.br\/2019\/wp-content\/uploads\/2025\/09\/3-1.jpg 819w, https:\/\/jorgezanoni.com.br\/2019\/wp-content\/uploads\/2025\/09\/3-1-269x300.jpg 269w, https:\/\/jorgezanoni.com.br\/2019\/wp-content\/uploads\/2025\/09\/3-1-768x857.jpg 768w, https:\/\/jorgezanoni.com.br\/2019\/wp-content\/uploads\/2025\/09\/3-1-696x777.jpg 696w, https:\/\/jorgezanoni.com.br\/2019\/wp-content\/uploads\/2025\/09\/3-1-376x420.jpg 376w\" sizes=\"auto, (max-width: 819px) 100vw, 819px\" \/> <img loading=\"lazy\" decoding=\"async\" class=\"alignnone size-full wp-image-98295\" src=\"https:\/\/jorgezanoni.com.br\/2019\/wp-content\/uploads\/2025\/09\/4-1.jpg\" alt=\"\" width=\"664\" height=\"851\" srcset=\"https:\/\/jorgezanoni.com.br\/2019\/wp-content\/uploads\/2025\/09\/4-1.jpg 664w, https:\/\/jorgezanoni.com.br\/2019\/wp-content\/uploads\/2025\/09\/4-1-234x300.jpg 234w, https:\/\/jorgezanoni.com.br\/2019\/wp-content\/uploads\/2025\/09\/4-1-328x420.jpg 328w\" sizes=\"auto, (max-width: 664px) 100vw, 664px\" \/> <img loading=\"lazy\" decoding=\"async\" class=\"alignnone size-full wp-image-98296\" src=\"https:\/\/jorgezanoni.com.br\/2019\/wp-content\/uploads\/2025\/09\/5-1.jpg\" alt=\"\" width=\"775\" height=\"856\" srcset=\"https:\/\/jorgezanoni.com.br\/2019\/wp-content\/uploads\/2025\/09\/5-1.jpg 775w, https:\/\/jorgezanoni.com.br\/2019\/wp-content\/uploads\/2025\/09\/5-1-272x300.jpg 272w, https:\/\/jorgezanoni.com.br\/2019\/wp-content\/uploads\/2025\/09\/5-1-768x848.jpg 768w, https:\/\/jorgezanoni.com.br\/2019\/wp-content\/uploads\/2025\/09\/5-1-696x769.jpg 696w, https:\/\/jorgezanoni.com.br\/2019\/wp-content\/uploads\/2025\/09\/5-1-380x420.jpg 380w\" sizes=\"auto, (max-width: 775px) 100vw, 775px\" \/> <img loading=\"lazy\" decoding=\"async\" class=\"alignnone size-full wp-image-98298\" src=\"https:\/\/jorgezanoni.com.br\/2019\/wp-content\/uploads\/2025\/09\/7-1.jpg\" alt=\"\" width=\"900\" height=\"1162\" srcset=\"https:\/\/jorgezanoni.com.br\/2019\/wp-content\/uploads\/2025\/09\/7-1.jpg 900w, https:\/\/jorgezanoni.com.br\/2019\/wp-content\/uploads\/2025\/09\/7-1-232x300.jpg 232w, https:\/\/jorgezanoni.com.br\/2019\/wp-content\/uploads\/2025\/09\/7-1-793x1024.jpg 793w, https:\/\/jorgezanoni.com.br\/2019\/wp-content\/uploads\/2025\/09\/7-1-768x992.jpg 768w, https:\/\/jorgezanoni.com.br\/2019\/wp-content\/uploads\/2025\/09\/7-1-696x899.jpg 696w, https:\/\/jorgezanoni.com.br\/2019\/wp-content\/uploads\/2025\/09\/7-1-325x420.jpg 325w\" sizes=\"auto, (max-width: 900px) 100vw, 900px\" \/> <img loading=\"lazy\" decoding=\"async\" class=\"alignnone size-full wp-image-98299\" src=\"https:\/\/jorgezanoni.com.br\/2019\/wp-content\/uploads\/2025\/09\/8-1.jpg\" alt=\"\" width=\"1600\" height=\"727\" srcset=\"https:\/\/jorgezanoni.com.br\/2019\/wp-content\/uploads\/2025\/09\/8-1.jpg 1600w, https:\/\/jorgezanoni.com.br\/2019\/wp-content\/uploads\/2025\/09\/8-1-300x136.jpg 300w, https:\/\/jorgezanoni.com.br\/2019\/wp-content\/uploads\/2025\/09\/8-1-1024x465.jpg 1024w, https:\/\/jorgezanoni.com.br\/2019\/wp-content\/uploads\/2025\/09\/8-1-768x349.jpg 768w, https:\/\/jorgezanoni.com.br\/2019\/wp-content\/uploads\/2025\/09\/8-1-1536x698.jpg 1536w, https:\/\/jorgezanoni.com.br\/2019\/wp-content\/uploads\/2025\/09\/8-1-696x316.jpg 696w, https:\/\/jorgezanoni.com.br\/2019\/wp-content\/uploads\/2025\/09\/8-1-1068x485.jpg 1068w, https:\/\/jorgezanoni.com.br\/2019\/wp-content\/uploads\/2025\/09\/8-1-924x420.jpg 924w\" sizes=\"auto, (max-width: 1600px) 100vw, 1600px\" \/> <img loading=\"lazy\" decoding=\"async\" class=\"alignnone size-full wp-image-98300\" src=\"https:\/\/jorgezanoni.com.br\/2019\/wp-content\/uploads\/2025\/09\/9-1-1.jpg\" alt=\"\" width=\"1486\" height=\"665\" srcset=\"https:\/\/jorgezanoni.com.br\/2019\/wp-content\/uploads\/2025\/09\/9-1-1.jpg 1486w, https:\/\/jorgezanoni.com.br\/2019\/wp-content\/uploads\/2025\/09\/9-1-1-300x134.jpg 300w, https:\/\/jorgezanoni.com.br\/2019\/wp-content\/uploads\/2025\/09\/9-1-1-1024x458.jpg 1024w, https:\/\/jorgezanoni.com.br\/2019\/wp-content\/uploads\/2025\/09\/9-1-1-768x344.jpg 768w, https:\/\/jorgezanoni.com.br\/2019\/wp-content\/uploads\/2025\/09\/9-1-1-696x311.jpg 696w, https:\/\/jorgezanoni.com.br\/2019\/wp-content\/uploads\/2025\/09\/9-1-1-1068x478.jpg 1068w, https:\/\/jorgezanoni.com.br\/2019\/wp-content\/uploads\/2025\/09\/9-1-1-939x420.jpg 939w\" sizes=\"auto, (max-width: 1486px) 100vw, 1486px\" \/> <img loading=\"lazy\" decoding=\"async\" class=\"alignnone size-full wp-image-98301\" src=\"https:\/\/jorgezanoni.com.br\/2019\/wp-content\/uploads\/2025\/09\/11.jpg\" alt=\"\" width=\"900\" height=\"1600\" srcset=\"https:\/\/jorgezanoni.com.br\/2019\/wp-content\/uploads\/2025\/09\/11.jpg 900w, https:\/\/jorgezanoni.com.br\/2019\/wp-content\/uploads\/2025\/09\/11-169x300.jpg 169w, https:\/\/jorgezanoni.com.br\/2019\/wp-content\/uploads\/2025\/09\/11-576x1024.jpg 576w, https:\/\/jorgezanoni.com.br\/2019\/wp-content\/uploads\/2025\/09\/11-768x1365.jpg 768w, https:\/\/jorgezanoni.com.br\/2019\/wp-content\/uploads\/2025\/09\/11-864x1536.jpg 864w, https:\/\/jorgezanoni.com.br\/2019\/wp-content\/uploads\/2025\/09\/11-696x1237.jpg 696w, https:\/\/jorgezanoni.com.br\/2019\/wp-content\/uploads\/2025\/09\/11-236x420.jpg 236w\" sizes=\"auto, (max-width: 900px) 100vw, 900px\" \/><\/p>\n<p>Jorge Zanoni<\/p>\n","protected":false},"excerpt":{"rendered":"<p>Acidente foi registrado por volta das 07:50 Horas desta ter\u00e7a-feira (23), na esquina das Ruas Tiradentes com Euclides da Cunha. Segundo informa\u00e7\u00f5es obtidas no local pela reportagem do SITE JZ e TOP TV, um ve\u00edculo Volkswagem Gol, placas mercosul, dirigido por uma mulher, seguia pela Rua Tiradentes (via preferencial) no sentido centro-bairro, quando cruzou \u00e0 [&hellip;]<\/p>\n","protected":false},"author":1,"featured_media":98297,"comment_status":"closed","ping_status":"open","sticky":false,"template":"","format":"standard","meta":{"footnotes":""},"categories":[170,110],"tags":[],"class_list":["post-98292","post","type-post","status-publish","format-standard","has-post-thumbnail","hentry","category-acidentes","category-noticiasdestaque"],"_links":{"self":[{"href":"https:\/\/jorgezanoni.com.br\/2019\/wp-json\/wp\/v2\/posts\/98292","targetHints":{"allow":["GET"]}}],"collection":[{"href":"https:\/\/jorgezanoni.com.br\/2019\/wp-json\/wp\/v2\/posts"}],"about":[{"href":"https:\/\/jorgezanoni.com.br\/2019\/wp-json\/wp\/v2\/types\/post"}],"author":[{"embeddable":true,"href":"https:\/\/jorgezanoni.com.br\/2019\/wp-json\/wp\/v2\/users\/1"}],"replies":[{"embeddable":true,"href":"https:\/\/jorgezanoni.com.br\/2019\/wp-json\/wp\/v2\/comments?post=98292"}],"version-history":[{"count":1,"href":"https:\/\/jorgezanoni.com.br\/2019\/wp-json\/wp\/v2\/posts\/98292\/revisions"}],"predecessor-version":[{"id":98303,"href":"https:\/\/jorgezanoni.com.br\/2019\/wp-json\/wp\/v2\/posts\/98292\/revisions\/98303"}],"wp:featuredmedia":[{"embeddable":true,"href":"https:\/\/jorgezanoni.com.br\/2019\/wp-json\/wp\/v2\/media\/98297"}],"wp:attachment":[{"href":"https:\/\/jorgezanoni.com.br\/2019\/wp-json\/wp\/v2\/media?parent=98292"}],"wp:term":[{"taxonomy":"category","embeddable":true,"href":"https:\/\/jorgezanoni.com.br\/2019\/wp-json\/wp\/v2\/categories?post=98292"},{"taxonomy":"post_tag","embeddable":true,"href":"https:\/\/jorgezanoni.com.br\/2019\/wp-json\/wp\/v2\/tags?post=98292"}],"curies":[{"name":"wp","href":"https:\/\/api.w.org\/{rel}","templated":true}]}}