{"id":9818,"date":"2019-10-27T19:52:03","date_gmt":"2019-10-27T19:52:03","guid":{"rendered":"https:\/\/jorgezanoni.com.br\/2019\/?p=9818"},"modified":"2019-10-27T19:52:03","modified_gmt":"2019-10-27T19:52:03","slug":"pms-do-25o-bpm-i-participam-do-xix-congresso-nacional-da-umceb","status":"publish","type":"post","link":"https:\/\/jorgezanoni.com.br\/2019\/pms-do-25o-bpm-i-participam-do-xix-congresso-nacional-da-umceb\/","title":{"rendered":"PMs do 25\u00ba BPM\/I participam do XIX\u00a0Congresso Nacional da UMCEB"},"content":{"rendered":"<p style=\"text-align: justify;\">Os Sargentos do 25\u00ba BPM\/I Paulo C\u00e9sar Herrera (Capel\u00e3o dos PMs de Cristo) e Wilson Cezar Barros (Psic\u00f3logo) participam do XIX\u00a0Congresso Nacional da UMCEB &#8211; Uni\u00e3o de Militares Crist\u00e3os Evang\u00e9licos do Brasil, que ocorre em Atibaia\/S\u00e3o Paulo, nos dias 24 a 27 de outubro de 2019.<\/p>\n<p style=\"text-align: justify;\">O evento ocorre a cada dois anos em diferentes Estados do Brasil e a \u00faltima vez que S\u00e3o Paulo sediou este Encontro foi em 1997. O Tema: O impacto da valoriza\u00e7\u00e3o da fam\u00edlia e do profissional das for\u00e7as de seguran\u00e7a na cultura de paz.<\/p>\n<p style=\"text-align: justify;\">O evento contou com Palestras de Grandes Profissionais da Sa\u00fade Mental, como os preletores internacionais Sr. Srilal Weerasooriya e Sr. Daniel Pandji, tambem o m\u00e9dico Psiquiatra Dr. Daniel Martins de Barros, Dra. K\u00e1tia Ferrer, Juiz de Direito Dr. Ricardo Monte Serrat, Cel PM Leandro Gomes Santana (Psic\u00f3logo).<\/p>\n<p><img loading=\"lazy\" decoding=\"async\" class=\"alignnone size-full wp-image-9819\" src=\"https:\/\/jorgezanoni.com.br\/2019\/wp-content\/uploads\/2019\/10\/pm.jpg\" alt=\"\" width=\"1040\" height=\"780\" srcset=\"https:\/\/jorgezanoni.com.br\/2019\/wp-content\/uploads\/2019\/10\/pm.jpg 1040w, https:\/\/jorgezanoni.com.br\/2019\/wp-content\/uploads\/2019\/10\/pm-300x225.jpg 300w, https:\/\/jorgezanoni.com.br\/2019\/wp-content\/uploads\/2019\/10\/pm-768x576.jpg 768w, https:\/\/jorgezanoni.com.br\/2019\/wp-content\/uploads\/2019\/10\/pm-1024x768.jpg 1024w, https:\/\/jorgezanoni.com.br\/2019\/wp-content\/uploads\/2019\/10\/pm-80x60.jpg 80w, https:\/\/jorgezanoni.com.br\/2019\/wp-content\/uploads\/2019\/10\/pm-265x198.jpg 265w, https:\/\/jorgezanoni.com.br\/2019\/wp-content\/uploads\/2019\/10\/pm-696x522.jpg 696w, https:\/\/jorgezanoni.com.br\/2019\/wp-content\/uploads\/2019\/10\/pm-560x420.jpg 560w\" sizes=\"auto, (max-width: 1040px) 100vw, 1040px\" \/> <img loading=\"lazy\" decoding=\"async\" class=\"alignnone size-full wp-image-9820\" src=\"https:\/\/jorgezanoni.com.br\/2019\/wp-content\/uploads\/2019\/10\/pm1.jpg\" alt=\"\" width=\"1280\" height=\"958\" srcset=\"https:\/\/jorgezanoni.com.br\/2019\/wp-content\/uploads\/2019\/10\/pm1.jpg 1280w, https:\/\/jorgezanoni.com.br\/2019\/wp-content\/uploads\/2019\/10\/pm1-300x225.jpg 300w, https:\/\/jorgezanoni.com.br\/2019\/wp-content\/uploads\/2019\/10\/pm1-768x575.jpg 768w, https:\/\/jorgezanoni.com.br\/2019\/wp-content\/uploads\/2019\/10\/pm1-1024x766.jpg 1024w, https:\/\/jorgezanoni.com.br\/2019\/wp-content\/uploads\/2019\/10\/pm1-80x60.jpg 80w, https:\/\/jorgezanoni.com.br\/2019\/wp-content\/uploads\/2019\/10\/pm1-265x198.jpg 265w, https:\/\/jorgezanoni.com.br\/2019\/wp-content\/uploads\/2019\/10\/pm1-696x521.jpg 696w, https:\/\/jorgezanoni.com.br\/2019\/wp-content\/uploads\/2019\/10\/pm1-1068x799.jpg 1068w, https:\/\/jorgezanoni.com.br\/2019\/wp-content\/uploads\/2019\/10\/pm1-561x420.jpg 561w\" sizes=\"auto, (max-width: 1280px) 100vw, 1280px\" \/> <img loading=\"lazy\" decoding=\"async\" class=\"alignnone size-full wp-image-9821\" src=\"https:\/\/jorgezanoni.com.br\/2019\/wp-content\/uploads\/2019\/10\/pm2.jpg\" alt=\"\" width=\"836\" height=\"1280\" srcset=\"https:\/\/jorgezanoni.com.br\/2019\/wp-content\/uploads\/2019\/10\/pm2.jpg 836w, https:\/\/jorgezanoni.com.br\/2019\/wp-content\/uploads\/2019\/10\/pm2-196x300.jpg 196w, https:\/\/jorgezanoni.com.br\/2019\/wp-content\/uploads\/2019\/10\/pm2-768x1176.jpg 768w, https:\/\/jorgezanoni.com.br\/2019\/wp-content\/uploads\/2019\/10\/pm2-669x1024.jpg 669w, https:\/\/jorgezanoni.com.br\/2019\/wp-content\/uploads\/2019\/10\/pm2-696x1066.jpg 696w, https:\/\/jorgezanoni.com.br\/2019\/wp-content\/uploads\/2019\/10\/pm2-274x420.jpg 274w\" sizes=\"auto, (max-width: 836px) 100vw, 836px\" \/><\/p>\n<p>Fonte: Com. Social 25\u00ba BPM\/I<\/p>\n","protected":false},"excerpt":{"rendered":"<p>Os Sargentos do 25\u00ba BPM\/I Paulo C\u00e9sar Herrera (Capel\u00e3o dos PMs de Cristo) e Wilson Cezar Barros (Psic\u00f3logo) participam do XIX\u00a0Congresso Nacional da UMCEB &#8211; Uni\u00e3o de Militares Crist\u00e3os Evang\u00e9licos do Brasil, que ocorre em Atibaia\/S\u00e3o Paulo, nos dias 24 a 27 de outubro de 2019. O evento ocorre a cada dois anos em diferentes [&hellip;]<\/p>\n","protected":false},"author":1,"featured_media":9822,"comment_status":"closed","ping_status":"open","sticky":false,"template":"","format":"standard","meta":{"footnotes":""},"categories":[2],"tags":[],"class_list":["post-9818","post","type-post","status-publish","format-standard","has-post-thumbnail","hentry","category-policial"],"_links":{"self":[{"href":"https:\/\/jorgezanoni.com.br\/2019\/wp-json\/wp\/v2\/posts\/9818","targetHints":{"allow":["GET"]}}],"collection":[{"href":"https:\/\/jorgezanoni.com.br\/2019\/wp-json\/wp\/v2\/posts"}],"about":[{"href":"https:\/\/jorgezanoni.com.br\/2019\/wp-json\/wp\/v2\/types\/post"}],"author":[{"embeddable":true,"href":"https:\/\/jorgezanoni.com.br\/2019\/wp-json\/wp\/v2\/users\/1"}],"replies":[{"embeddable":true,"href":"https:\/\/jorgezanoni.com.br\/2019\/wp-json\/wp\/v2\/comments?post=9818"}],"version-history":[{"count":0,"href":"https:\/\/jorgezanoni.com.br\/2019\/wp-json\/wp\/v2\/posts\/9818\/revisions"}],"wp:featuredmedia":[{"embeddable":true,"href":"https:\/\/jorgezanoni.com.br\/2019\/wp-json\/wp\/v2\/media\/9822"}],"wp:attachment":[{"href":"https:\/\/jorgezanoni.com.br\/2019\/wp-json\/wp\/v2\/media?parent=9818"}],"wp:term":[{"taxonomy":"category","embeddable":true,"href":"https:\/\/jorgezanoni.com.br\/2019\/wp-json\/wp\/v2\/categories?post=9818"},{"taxonomy":"post_tag","embeddable":true,"href":"https:\/\/jorgezanoni.com.br\/2019\/wp-json\/wp\/v2\/tags?post=9818"}],"curies":[{"name":"wp","href":"https:\/\/api.w.org\/{rel}","templated":true}]}}