{"id":9812,"date":"2019-10-27T18:40:35","date_gmt":"2019-10-27T18:40:35","guid":{"rendered":"https:\/\/jorgezanoni.com.br\/2019\/?p=9812"},"modified":"2019-10-27T18:40:57","modified_gmt":"2019-10-27T18:40:57","slug":"conselho-dos-direitos-da-mulher-de-dracena-se-reuniu-na-sala-do-cidadaoa-no-paco-municipal","status":"publish","type":"post","link":"https:\/\/jorgezanoni.com.br\/2019\/conselho-dos-direitos-da-mulher-de-dracena-se-reuniu-na-sala-do-cidadaoa-no-paco-municipal\/","title":{"rendered":"Conselho dos Direitos da Mulher de Dracena se reuniu na Sala do Cidad\u00e3o(\u00e3) no Pa\u00e7o Municipal"},"content":{"rendered":"<p style=\"text-align: justify;\"><strong>Sexta-feira (25), na Sala do Cidad\u00e3o(\u00e3) no Pa\u00e7o Municipal, aconteceu a 3\u00aa Reuni\u00e3o ordin\u00e1ria do Conselho Municipal dos Direitos da Mulher.<\/strong><\/p>\n<p style=\"text-align: justify;\">SOBRE O CONSELHO DOS DIREITOS DA MULHER E SUA IMPORT\u00c2NCIA<\/p>\n<p style=\"text-align: justify;\">Em conson\u00e2ncia com o Conselho Nacional dos Direitos da Mulher, os Conselhos Municipais dos Direitos da Mulher t\u00eam como objetivo de promover pol\u00edticas que visem eliminar a discrimina\u00e7\u00e3o contra a mulher e assegurar sua participa\u00e7\u00e3o nas atividades pol\u00edticas, econ\u00f4micas e culturais; assim a Lei que cria o Conselho Municipal dos Direitos da Mulher esclarece que suas atribui\u00e7\u00f5es (dentre outras) s\u00e3o: propor medidas e atividades em defesa dos direitos da mulher; colaborar com a administra\u00e7\u00e3o p\u00fablica no que se refere ao planejamento e a\u00e7\u00f5es referentes \u00e0 mulher; propor medidas que promovam pol\u00edticas p\u00fablicas em defesa da igualdade de g\u00eanero em \u00e2mbito municipal.<\/p>\n<p style=\"text-align: justify;\">Por ser um \u00f3rg\u00e3o de colabora\u00e7\u00e3o com a gest\u00e3o, ter um Conselho de Defesa dos Direitos das Mulheres representa um avan\u00e7o para o munic\u00edpio. Trata-se de uma iniciativa que demonstra a valoriza\u00e7\u00e3o da mulher e o respeito \u00e0 suas demandas e necessidades, e a inten\u00e7\u00e3o oficial de que as decis\u00f5es tomadas pelo poder p\u00fablico possam contar com a colabora\u00e7\u00e3o efetiva de mulheres, desde o seu planejamento at\u00e9 a sua execu\u00e7\u00e3o.<\/p>\n<p style=\"text-align: justify;\">O Conselho de Defesa dos Direitos das Mulheres \u00e9 composto por representantes da Prefeitura Municipal e Representantes da Sociedade Civil. O Conselho iniciou suas atividades em 16\/08\/2019 em reuni\u00e3o que foi empossada a Diretoria que tem gest\u00e3o prevista para dois anos.<\/p>\n<p style=\"text-align: justify;\">Composi\u00e7\u00e3o da Diretoria:<\/p>\n<p style=\"text-align: justify;\">\u2022 Presidente: Maria Dias Pereira<br \/>\n\u2022 Vice-presidente: Rafaela Alves do Carmo<br \/>\n\u2022 1\u00aa Secret\u00e1ria: Miriam Rodrigues de Melo<br \/>\n\u2022 2\u00aa Secret\u00e1ria: Ana Carolina de Souza Bezerra<br \/>\n\u2022 3\u00aa Secret\u00e1ria: B\u00e1rbara Ap. Laurentino Carrilho<\/p>\n<p style=\"text-align: justify;\">Importante ressaltar que os membros do Conselho n\u00e3o recebem qualquer tipo de remunera\u00e7\u00e3o, gratifica\u00e7\u00e3o ou sal\u00e1rio para execu\u00e7\u00e3o de a\u00e7\u00f5es no Conselho. Hoje (25) o Conselho realizou sua 3\u00aa reuni\u00e3o dando continuidade aos trabalhos e planejando a\u00e7\u00f5es que possam efetivamente contribuir com as lutas das mulheres contra todos os tipos de viol\u00eancia e preconceitos determinados pela desigualdade de g\u00eanero que possa ocorrer no munic\u00edpio.<br \/>\nO papel do conselho \u00e9 colaborar com a gest\u00e3o p\u00fablica municipal para que se possa minimizar no munic\u00edpio os problemas que colocam a mulher dracenense em situa\u00e7\u00e3o vulner\u00e1vel, em qualquer \u00e1rea. N\u00e3o se trata de um \u201c\u00f3rg\u00e3o da gest\u00e3o\u201d, mas de um espa\u00e7o privilegiado de participa\u00e7\u00e3o da popula\u00e7\u00e3o para que a gest\u00e3o caminhe no sentido de promover, proteger e empoderar a mulher dracenense. Tamb\u00e9m n\u00e3o \u00e9 um \u201cespa\u00e7o de atendimento\u201d das demandas das mulheres, antes disso \u00e9 um lugar de discuss\u00e3o e planejamento para diminui\u00e7\u00e3o dessas demandas.<\/p>\n<p style=\"text-align: justify;\">COMO PARTICIPAR<\/p>\n<p style=\"text-align: justify;\">Com reuni\u00f5es abertas para a participa\u00e7\u00e3o de todas as mulheres do munic\u00edpio, sua diretoria comunica que as reuni\u00f5es ordin\u00e1rias acontecem sempre na \u00faltima sexta-feira do m\u00eas, na Sala do Cidad\u00e3o(\u00e3) no Pa\u00e7o Municipal, das 09h \u00e0s 10h. O grupo de componentes do Conselho convida as mulheres do munic\u00edpio a participar das reuni\u00f5es, e avisa que alguns eventos e a\u00e7\u00f5es j\u00e1 est\u00e3o sendo cuidadosamente pensados e organizados para os pr\u00f3ximos meses.<\/p>\n<p style=\"text-align: justify;\">Fonte: Diretoria de Comunica\u00e7\u00e3o<\/p>\n","protected":false},"excerpt":{"rendered":"<p>Sexta-feira (25), na Sala do Cidad\u00e3o(\u00e3) no Pa\u00e7o Municipal, aconteceu a 3\u00aa Reuni\u00e3o ordin\u00e1ria do Conselho Municipal dos Direitos da Mulher. SOBRE O CONSELHO DOS DIREITOS DA MULHER E SUA IMPORT\u00c2NCIA Em conson\u00e2ncia com o Conselho Nacional dos Direitos da Mulher, os Conselhos Municipais dos Direitos da Mulher t\u00eam como objetivo de promover pol\u00edticas que [&hellip;]<\/p>\n","protected":false},"author":1,"featured_media":9813,"comment_status":"closed","ping_status":"open","sticky":false,"template":"","format":"standard","meta":{"footnotes":""},"categories":[114],"tags":[],"class_list":["post-9812","post","type-post","status-publish","format-standard","has-post-thumbnail","hentry","category-geralecomercio"],"_links":{"self":[{"href":"https:\/\/jorgezanoni.com.br\/2019\/wp-json\/wp\/v2\/posts\/9812","targetHints":{"allow":["GET"]}}],"collection":[{"href":"https:\/\/jorgezanoni.com.br\/2019\/wp-json\/wp\/v2\/posts"}],"about":[{"href":"https:\/\/jorgezanoni.com.br\/2019\/wp-json\/wp\/v2\/types\/post"}],"author":[{"embeddable":true,"href":"https:\/\/jorgezanoni.com.br\/2019\/wp-json\/wp\/v2\/users\/1"}],"replies":[{"embeddable":true,"href":"https:\/\/jorgezanoni.com.br\/2019\/wp-json\/wp\/v2\/comments?post=9812"}],"version-history":[{"count":0,"href":"https:\/\/jorgezanoni.com.br\/2019\/wp-json\/wp\/v2\/posts\/9812\/revisions"}],"wp:featuredmedia":[{"embeddable":true,"href":"https:\/\/jorgezanoni.com.br\/2019\/wp-json\/wp\/v2\/media\/9813"}],"wp:attachment":[{"href":"https:\/\/jorgezanoni.com.br\/2019\/wp-json\/wp\/v2\/media?parent=9812"}],"wp:term":[{"taxonomy":"category","embeddable":true,"href":"https:\/\/jorgezanoni.com.br\/2019\/wp-json\/wp\/v2\/categories?post=9812"},{"taxonomy":"post_tag","embeddable":true,"href":"https:\/\/jorgezanoni.com.br\/2019\/wp-json\/wp\/v2\/tags?post=9812"}],"curies":[{"name":"wp","href":"https:\/\/api.w.org\/{rel}","templated":true}]}}