{"id":981,"date":"2019-07-19T16:46:26","date_gmt":"2019-07-19T16:46:26","guid":{"rendered":"http:\/\/jorgezanoni.com.br\/2019\/?p=981"},"modified":"2019-07-22T21:06:32","modified_gmt":"2019-07-22T21:06:32","slug":"homem-morre-apos-ser-prensado-por-cacamba-de-caminhao-basculante-em-adamantina","status":"publish","type":"post","link":"https:\/\/jorgezanoni.com.br\/2019\/homem-morre-apos-ser-prensado-por-cacamba-de-caminhao-basculante-em-adamantina\/","title":{"rendered":"Homem morre ap\u00f3s ser prensado por ca\u00e7amba de caminh\u00e3o basculante, em Adamantina"},"content":{"rendered":"<h2 class=\"content-head__subtitle\"><strong>V\u00edtima prestava servi\u00e7o terceirizado em uma obra no loteamento da Vila Industrial. Um inqu\u00e9rito policial ser\u00e1 instaurado para apurar o caso.<\/strong><\/h2>\n<div class=\"mc-column content-text active-extra-styles active-capital-letter\" data-block-type=\"unstyled\" data-block-weight=\"36\" data-block-id=\"1\">\n<p class=\"content-text__container theme-color-primary-first-letter\" data-track-category=\"Link no Texto\" data-track-links=\"\">Um homem, de idade ainda n\u00e3o divulgada, morreu na manh\u00e3 desta sexta-feira (19) ap\u00f3s ser prensado pela ca\u00e7amba de um caminh\u00e3o basculante em uma obra, em Adamantina. Um inqu\u00e9rito policial ser\u00e1 instaurado para apurar o caso.<\/p>\n<\/div>\n<div class=\"wall protected-content\">\n<div class=\"mc-column content-text active-extra-styles \" data-block-type=\"unstyled\" data-block-weight=\"49\" data-block-id=\"2\">\n<p class=\"content-text__container \" data-track-category=\"Link no Texto\" data-track-links=\"\">De acordo com o Corpo de Bombeiros, a v\u00edtima estava ao lado do ve\u00edculo quando a ca\u00e7amba se desprendeu e caiu sobre ele, atingindo bra\u00e7o e t\u00f3rax. O homem chegou a ser socorrido pela Unidade de Resgate para a Santa Casa de Adamantina, mas n\u00e3o resistiu aos ferimentos.<\/p>\n<\/div>\n<div class=\"mc-column content-text active-extra-styles \" data-block-type=\"unstyled\" data-block-weight=\"26\" data-block-id=\"3\">\n<p class=\"content-text__container \" data-track-category=\"Link no Texto\" data-track-links=\"\">A delegada respons\u00e1vel pelo caso, Patr\u00edcia Tranche Vasques, acrescentou que a v\u00edtima era o motorista do caminh\u00e3o basculante de terraplanagem e ele quem manuseava a ca\u00e7amba.<\/p>\n<\/div>\n<div class=\"mc-column content-text active-extra-styles \" data-block-type=\"unstyled\" data-block-weight=\"15\" data-block-id=\"4\">\n<p class=\"content-text__container \" data-track-category=\"Link no Texto\" data-track-links=\"\">Conforme a delegada, ele prestava servi\u00e7o terceirizado em uma obra no loteamento da Vila Industrial.<\/p>\n<\/div>\n<div class=\"mc-column content-text active-extra-styles \" data-block-type=\"unstyled\" data-block-weight=\"10\" data-block-id=\"5\">\n<p class=\"content-text__container \" data-track-category=\"Link no Texto\" data-track-links=\"\">Um inqu\u00e9rito policial deve apurar as causas do incidente.<\/p>\n<\/div>\n<div data-track-category=\"multicontent\" data-track-action=\"ultimo chunk conteudo\" data-track-noninteraction=\"false\" data-track-scroll=\"view\">\n<div class=\"mc-column content-text active-extra-styles \" data-block-type=\"unstyled\" data-block-weight=\"11\" data-block-id=\"6\">\n<p class=\"content-text__container \" data-track-category=\"Link no Texto\" data-track-links=\"\">A Pol\u00edcia Militar, Corpo de Bombeiros e Per\u00edcia estiveram no local.<\/p>\n<p data-track-category=\"Link no Texto\" data-track-links=\"\">Fonte: G1<\/p>\n<p data-track-category=\"Link no Texto\" data-track-links=\"\">Imagem Ilustrativa<\/p>\n<\/div>\n<\/div>\n<\/div>\n","protected":false},"excerpt":{"rendered":"<p>V\u00edtima prestava servi\u00e7o terceirizado em uma obra no loteamento da Vila Industrial. Um inqu\u00e9rito policial ser\u00e1 instaurado para apurar o caso. Um homem, de idade ainda n\u00e3o divulgada, morreu na manh\u00e3 desta sexta-feira (19) ap\u00f3s ser prensado pela ca\u00e7amba de um caminh\u00e3o basculante em uma obra, em Adamantina. Um inqu\u00e9rito policial ser\u00e1 instaurado para apurar [&hellip;]<\/p>\n","protected":false},"author":1,"featured_media":982,"comment_status":"open","ping_status":"open","sticky":false,"template":"","format":"standard","meta":{"footnotes":""},"categories":[170,110],"tags":[],"class_list":["post-981","post","type-post","status-publish","format-standard","has-post-thumbnail","hentry","category-acidentes","category-noticiasdestaque"],"_links":{"self":[{"href":"https:\/\/jorgezanoni.com.br\/2019\/wp-json\/wp\/v2\/posts\/981","targetHints":{"allow":["GET"]}}],"collection":[{"href":"https:\/\/jorgezanoni.com.br\/2019\/wp-json\/wp\/v2\/posts"}],"about":[{"href":"https:\/\/jorgezanoni.com.br\/2019\/wp-json\/wp\/v2\/types\/post"}],"author":[{"embeddable":true,"href":"https:\/\/jorgezanoni.com.br\/2019\/wp-json\/wp\/v2\/users\/1"}],"replies":[{"embeddable":true,"href":"https:\/\/jorgezanoni.com.br\/2019\/wp-json\/wp\/v2\/comments?post=981"}],"version-history":[{"count":0,"href":"https:\/\/jorgezanoni.com.br\/2019\/wp-json\/wp\/v2\/posts\/981\/revisions"}],"wp:featuredmedia":[{"embeddable":true,"href":"https:\/\/jorgezanoni.com.br\/2019\/wp-json\/wp\/v2\/media\/982"}],"wp:attachment":[{"href":"https:\/\/jorgezanoni.com.br\/2019\/wp-json\/wp\/v2\/media?parent=981"}],"wp:term":[{"taxonomy":"category","embeddable":true,"href":"https:\/\/jorgezanoni.com.br\/2019\/wp-json\/wp\/v2\/categories?post=981"},{"taxonomy":"post_tag","embeddable":true,"href":"https:\/\/jorgezanoni.com.br\/2019\/wp-json\/wp\/v2\/tags?post=981"}],"curies":[{"name":"wp","href":"https:\/\/api.w.org\/{rel}","templated":true}]}}