{"id":9809,"date":"2019-10-27T18:24:08","date_gmt":"2019-10-27T18:24:08","guid":{"rendered":"https:\/\/jorgezanoni.com.br\/2019\/?p=9809"},"modified":"2019-10-27T18:24:08","modified_gmt":"2019-10-27T18:24:08","slug":"unifadra-dracena-e-estrelada-com-avaliacao-do-guia-da-faculdade","status":"publish","type":"post","link":"https:\/\/jorgezanoni.com.br\/2019\/unifadra-dracena-e-estrelada-com-avaliacao-do-guia-da-faculdade\/","title":{"rendered":"Unifadra Dracena \u00e9 estrelada com avalia\u00e7\u00e3o do Guia da Faculdade"},"content":{"rendered":"<p style=\"font-weight: 400; text-align: justify;\"><em>A avalia\u00e7\u00e3o foi realizada pelo jornal O Estado de S. Paulo e pela Quero Educa\u00e7\u00e3o e contou com mais de 6 mil professores que deram as notas para as institui\u00e7\u00f5es do Brasil.<\/em><\/p>\n<p style=\"font-weight: 400; text-align: justify;\">A Unifadra, unidade mantida pela Fundec de Dracena, recebeu selos de qualidade na avalia\u00e7\u00e3o de cursos superiores promovida pelo Guia da Faculdade, uma parceria entre a Quero Educa\u00e7\u00e3o e o jornal O Estado de S. Paulo. Entre os quatro cursos avaliados, o curso de Psicologia recebeu nota 4 na avalia\u00e7\u00e3o (a nota m\u00e1xima da avalia\u00e7\u00e3o \u00e9 5) e os cursos de Pedagogia, Enfermagem e Educa\u00e7\u00e3o F\u00edsica obtiveram a nota 3.<\/p>\n<p style=\"font-weight: 400; text-align: justify;\">O Guia avaliou a qualidade do projeto pedag\u00f3gico, qualidade do corpo docente e infraestrutura de cursos superiores de todo o pa\u00eds. O diretor acad\u00eamico da Unifadra destacou que essas avalia\u00e7\u00f5es externas s\u00e3o muito importantes e seus resultados mostram que estamos no caminho certo para uma forma\u00e7\u00e3o de qualidade,\u00a0com\u00a0os cursos superiores da UNIFADRA.<\/p>\n<p style=\"font-weight: 400; text-align: justify;\">A Unifadra tamb\u00e9m j\u00e1 recebeu selos de qualidade de ensino e infraestrutura da Abril Educa\u00e7\u00e3o pelo Guia do Estudante (realizado pela \u00faltima vez em 2018).<\/p>\n<p style=\"font-weight: 400; text-align: justify;\"><em>Fernando Nunes<\/em><\/p>\n<p style=\"font-weight: 400; text-align: justify;\">Diretor de Comunica\u00e7\u00e3o Fundec<\/p>\n<p style=\"text-align: justify;\">Foto: Coordenadores dos cursos superiores da Unifadra que conquistaram as estrelas pelo Guia da Faculdade<\/p>\n","protected":false},"excerpt":{"rendered":"<p>A avalia\u00e7\u00e3o foi realizada pelo jornal O Estado de S. Paulo e pela Quero Educa\u00e7\u00e3o e contou com mais de 6 mil professores que deram as notas para as institui\u00e7\u00f5es do Brasil. A Unifadra, unidade mantida pela Fundec de Dracena, recebeu selos de qualidade na avalia\u00e7\u00e3o de cursos superiores promovida pelo Guia da Faculdade, uma [&hellip;]<\/p>\n","protected":false},"author":1,"featured_media":9810,"comment_status":"closed","ping_status":"open","sticky":false,"template":"","format":"standard","meta":{"footnotes":""},"categories":[110,122],"tags":[],"class_list":["post-9809","post","type-post","status-publish","format-standard","has-post-thumbnail","hentry","category-noticiasdestaque","category-saudeeducacaoeconcurso"],"_links":{"self":[{"href":"https:\/\/jorgezanoni.com.br\/2019\/wp-json\/wp\/v2\/posts\/9809","targetHints":{"allow":["GET"]}}],"collection":[{"href":"https:\/\/jorgezanoni.com.br\/2019\/wp-json\/wp\/v2\/posts"}],"about":[{"href":"https:\/\/jorgezanoni.com.br\/2019\/wp-json\/wp\/v2\/types\/post"}],"author":[{"embeddable":true,"href":"https:\/\/jorgezanoni.com.br\/2019\/wp-json\/wp\/v2\/users\/1"}],"replies":[{"embeddable":true,"href":"https:\/\/jorgezanoni.com.br\/2019\/wp-json\/wp\/v2\/comments?post=9809"}],"version-history":[{"count":0,"href":"https:\/\/jorgezanoni.com.br\/2019\/wp-json\/wp\/v2\/posts\/9809\/revisions"}],"wp:featuredmedia":[{"embeddable":true,"href":"https:\/\/jorgezanoni.com.br\/2019\/wp-json\/wp\/v2\/media\/9810"}],"wp:attachment":[{"href":"https:\/\/jorgezanoni.com.br\/2019\/wp-json\/wp\/v2\/media?parent=9809"}],"wp:term":[{"taxonomy":"category","embeddable":true,"href":"https:\/\/jorgezanoni.com.br\/2019\/wp-json\/wp\/v2\/categories?post=9809"},{"taxonomy":"post_tag","embeddable":true,"href":"https:\/\/jorgezanoni.com.br\/2019\/wp-json\/wp\/v2\/tags?post=9809"}],"curies":[{"name":"wp","href":"https:\/\/api.w.org\/{rel}","templated":true}]}}