{"id":98088,"date":"2025-09-17T17:01:40","date_gmt":"2025-09-17T17:01:40","guid":{"rendered":"https:\/\/jorgezanoni.com.br\/2019\/?p=98088"},"modified":"2025-09-17T17:01:40","modified_gmt":"2025-09-17T17:01:40","slug":"policia-civil-prende-em-panorama-homem-procurado-por-homicidio-em-araraquara","status":"publish","type":"post","link":"https:\/\/jorgezanoni.com.br\/2019\/policia-civil-prende-em-panorama-homem-procurado-por-homicidio-em-araraquara\/","title":{"rendered":"Pol\u00edcia Civil prende em Panorama homem procurado por Homic\u00eddio em Araraquara"},"content":{"rendered":"<p style=\"text-align: justify;\"><strong>A\u00e7\u00e3o contou com a atua\u00e7\u00e3o integrada das Unidades Especializadas DIG\/DISE de Dracena, Delegacia de Pol\u00edcia de Panorama e DIG de Araraquara.<\/strong><\/p>\n<p style=\"text-align: justify;\">A Pol\u00edcia Civil do Estado de S\u00e3o Paulo, por meio da Delegacia de Pol\u00edcia de Panorama, em apoio \u00e0 Delegacia de Investiga\u00e7\u00f5es Gerais (DIG) de Araraquara e com o refor\u00e7o operacional das Unidades Especializadas DIG\/DISE de Dracena, prendeu na manh\u00e3 desta quarta-feira (17) um homem de 47 anos, procurado pela Justi\u00e7a por homic\u00eddio ocorrido em Araraquara.<\/p>\n<p style=\"text-align: justify;\">O investigado foi localizado em uma resid\u00eancia no bairro Parano\u00e1, em Panorama\/SP, alvo de mandado de pris\u00e3o tempor\u00e1ria (pelo prazo inicial de 30 dias) e de mandado de busca e apreens\u00e3o domiciliar expedidos pela Vara do Plant\u00e3o da 13\u00aa Circunscri\u00e7\u00e3o Judici\u00e1ria de Araraquara. Durante a a\u00e7\u00e3o, tamb\u00e9m foram apreendidos dois aparelhos celulares que estavam em posse do acusado.<\/p>\n<p style=\"text-align: justify;\">O crime em apura\u00e7\u00e3o ocorreu no \u00faltimo dia 6, em Araraquara, quando um homem de 34 anos, propriet\u00e1rio de uma casa noturna, foi alvejado por disparos de arma de fogo e n\u00e3o resistiu aos ferimentos. Ap\u00f3s o delito, o suspeito fugiu do local. A DIG de Araraquara instaurou inqu\u00e9rito policial, deu in\u00edcio \u00e0s investiga\u00e7\u00f5es e representou pelas medidas cautelares, deferidas pelo Poder Judici\u00e1rio ap\u00f3s parecer favor\u00e1vel do Minist\u00e9rio P\u00fablico.<\/p>\n<p style=\"text-align: justify;\">Ap\u00f3s ser capturado, o preso foi conduzido \u00e0 Delegacia de Pol\u00edcia de Panorama para a formaliza\u00e7\u00e3o dos procedimentos legais. Ele permanecer\u00e1 \u00e0 disposi\u00e7\u00e3o da Justi\u00e7a e dever\u00e1 passar por audi\u00eancia de cust\u00f3dia antes de eventual transfer\u00eancia a uma unidade prisional.<\/p>\n<p>Fonte: Comunica\u00e7\u00e3o Social Pol\u00edcia Civil<\/p>\n","protected":false},"excerpt":{"rendered":"<p>A\u00e7\u00e3o contou com a atua\u00e7\u00e3o integrada das Unidades Especializadas DIG\/DISE de Dracena, Delegacia de Pol\u00edcia de Panorama e DIG de Araraquara. A Pol\u00edcia Civil do Estado de S\u00e3o Paulo, por meio da Delegacia de Pol\u00edcia de Panorama, em apoio \u00e0 Delegacia de Investiga\u00e7\u00f5es Gerais (DIG) de Araraquara e com o refor\u00e7o operacional das Unidades Especializadas [&hellip;]<\/p>\n","protected":false},"author":1,"featured_media":98089,"comment_status":"closed","ping_status":"open","sticky":false,"template":"","format":"standard","meta":{"footnotes":""},"categories":[110,2],"tags":[],"class_list":["post-98088","post","type-post","status-publish","format-standard","has-post-thumbnail","hentry","category-noticiasdestaque","category-policial"],"_links":{"self":[{"href":"https:\/\/jorgezanoni.com.br\/2019\/wp-json\/wp\/v2\/posts\/98088","targetHints":{"allow":["GET"]}}],"collection":[{"href":"https:\/\/jorgezanoni.com.br\/2019\/wp-json\/wp\/v2\/posts"}],"about":[{"href":"https:\/\/jorgezanoni.com.br\/2019\/wp-json\/wp\/v2\/types\/post"}],"author":[{"embeddable":true,"href":"https:\/\/jorgezanoni.com.br\/2019\/wp-json\/wp\/v2\/users\/1"}],"replies":[{"embeddable":true,"href":"https:\/\/jorgezanoni.com.br\/2019\/wp-json\/wp\/v2\/comments?post=98088"}],"version-history":[{"count":1,"href":"https:\/\/jorgezanoni.com.br\/2019\/wp-json\/wp\/v2\/posts\/98088\/revisions"}],"predecessor-version":[{"id":98090,"href":"https:\/\/jorgezanoni.com.br\/2019\/wp-json\/wp\/v2\/posts\/98088\/revisions\/98090"}],"wp:featuredmedia":[{"embeddable":true,"href":"https:\/\/jorgezanoni.com.br\/2019\/wp-json\/wp\/v2\/media\/98089"}],"wp:attachment":[{"href":"https:\/\/jorgezanoni.com.br\/2019\/wp-json\/wp\/v2\/media?parent=98088"}],"wp:term":[{"taxonomy":"category","embeddable":true,"href":"https:\/\/jorgezanoni.com.br\/2019\/wp-json\/wp\/v2\/categories?post=98088"},{"taxonomy":"post_tag","embeddable":true,"href":"https:\/\/jorgezanoni.com.br\/2019\/wp-json\/wp\/v2\/tags?post=98088"}],"curies":[{"name":"wp","href":"https:\/\/api.w.org\/{rel}","templated":true}]}}