{"id":98084,"date":"2025-09-17T16:48:06","date_gmt":"2025-09-17T16:48:06","guid":{"rendered":"https:\/\/jorgezanoni.com.br\/2019\/?p=98084"},"modified":"2025-09-17T16:48:06","modified_gmt":"2025-09-17T16:48:06","slug":"policia-militar-prende-homem-por-embriaguez-ao-volante-apos-acidente-de-transito-em-pauliceia","status":"publish","type":"post","link":"https:\/\/jorgezanoni.com.br\/2019\/policia-militar-prende-homem-por-embriaguez-ao-volante-apos-acidente-de-transito-em-pauliceia\/","title":{"rendered":"Pol\u00edcia Militar prende homem por embriaguez ao volante ap\u00f3s acidente de tr\u00e2nsito em Paulic\u00e9ia"},"content":{"rendered":"<p style=\"text-align: justify;\">Na data de ontem (16) por volta 20h25min policiais militares do 25\u00ba Batalh\u00e3o de Pol\u00edcia Militar do Interior pelo munic\u00edpio de Paulic\u00e9ia ap\u00f3s solicita\u00e7\u00e3o via COPOM para atendimento de acidente de tr\u00e2nsito, a equipe se deslocou at\u00e9 o local onde um indiv\u00edduo (homem 68 anos) havia perdido o controle do ve\u00edculo e colidido com o trevo de entrada da cidade. Questionado sobre ingest\u00e3o de bebida alco\u00f3lica, ele informou que havia tomado cerveja na hora do almo\u00e7o e prontificou a realizar o teste do etil\u00f4metro. Ao ser realizado o teste, foi obtido o resultado de 0.67 mg\/l. No Pronto Atendimento municipal foi constatado fratura no p\u00e9. Ocorr\u00eancia foi encaminhada at\u00e9 o Plant\u00e3o Central de Dracena sendo elaborado o flagrante de embriaguez ao volante e fixada uma fian\u00e7a no valor de um sal\u00e1rio m\u00ednimo, que foi paga por um parente, liberando o condutor. O ve\u00edculo foi entregue a um amigo do autor.<\/p>\n<p><img loading=\"lazy\" decoding=\"async\" class=\"alignnone size-full wp-image-98085\" src=\"https:\/\/jorgezanoni.com.br\/2019\/wp-content\/uploads\/2025\/09\/pau-1-Pequeno.jpg\" alt=\"\" width=\"270\" height=\"480\" srcset=\"https:\/\/jorgezanoni.com.br\/2019\/wp-content\/uploads\/2025\/09\/pau-1-Pequeno.jpg 270w, https:\/\/jorgezanoni.com.br\/2019\/wp-content\/uploads\/2025\/09\/pau-1-Pequeno-169x300.jpg 169w, https:\/\/jorgezanoni.com.br\/2019\/wp-content\/uploads\/2025\/09\/pau-1-Pequeno-236x420.jpg 236w\" sizes=\"auto, (max-width: 270px) 100vw, 270px\" \/><\/p>\n<p>Fonte: Comunica\u00e7\u00e3o Social Pol\u00edcia Militar<\/p>\n","protected":false},"excerpt":{"rendered":"<p>Na data de ontem (16) por volta 20h25min policiais militares do 25\u00ba Batalh\u00e3o de Pol\u00edcia Militar do Interior pelo munic\u00edpio de Paulic\u00e9ia ap\u00f3s solicita\u00e7\u00e3o via COPOM para atendimento de acidente de tr\u00e2nsito, a equipe se deslocou at\u00e9 o local onde um indiv\u00edduo (homem 68 anos) havia perdido o controle do ve\u00edculo e colidido com o [&hellip;]<\/p>\n","protected":false},"author":1,"featured_media":98086,"comment_status":"closed","ping_status":"open","sticky":false,"template":"","format":"standard","meta":{"footnotes":""},"categories":[170,110],"tags":[],"class_list":["post-98084","post","type-post","status-publish","format-standard","has-post-thumbnail","hentry","category-acidentes","category-noticiasdestaque"],"_links":{"self":[{"href":"https:\/\/jorgezanoni.com.br\/2019\/wp-json\/wp\/v2\/posts\/98084","targetHints":{"allow":["GET"]}}],"collection":[{"href":"https:\/\/jorgezanoni.com.br\/2019\/wp-json\/wp\/v2\/posts"}],"about":[{"href":"https:\/\/jorgezanoni.com.br\/2019\/wp-json\/wp\/v2\/types\/post"}],"author":[{"embeddable":true,"href":"https:\/\/jorgezanoni.com.br\/2019\/wp-json\/wp\/v2\/users\/1"}],"replies":[{"embeddable":true,"href":"https:\/\/jorgezanoni.com.br\/2019\/wp-json\/wp\/v2\/comments?post=98084"}],"version-history":[{"count":1,"href":"https:\/\/jorgezanoni.com.br\/2019\/wp-json\/wp\/v2\/posts\/98084\/revisions"}],"predecessor-version":[{"id":98087,"href":"https:\/\/jorgezanoni.com.br\/2019\/wp-json\/wp\/v2\/posts\/98084\/revisions\/98087"}],"wp:featuredmedia":[{"embeddable":true,"href":"https:\/\/jorgezanoni.com.br\/2019\/wp-json\/wp\/v2\/media\/98086"}],"wp:attachment":[{"href":"https:\/\/jorgezanoni.com.br\/2019\/wp-json\/wp\/v2\/media?parent=98084"}],"wp:term":[{"taxonomy":"category","embeddable":true,"href":"https:\/\/jorgezanoni.com.br\/2019\/wp-json\/wp\/v2\/categories?post=98084"},{"taxonomy":"post_tag","embeddable":true,"href":"https:\/\/jorgezanoni.com.br\/2019\/wp-json\/wp\/v2\/tags?post=98084"}],"curies":[{"name":"wp","href":"https:\/\/api.w.org\/{rel}","templated":true}]}}