{"id":9806,"date":"2019-10-27T18:14:30","date_gmt":"2019-10-27T18:14:30","guid":{"rendered":"https:\/\/jorgezanoni.com.br\/2019\/?p=9806"},"modified":"2019-10-27T18:15:00","modified_gmt":"2019-10-27T18:15:00","slug":"encontro-cientifico-da-alta-paulista-ecap-da-unifadra-fundec-homenageia-o-medico-ricardo-sobhie-dias","status":"publish","type":"post","link":"https:\/\/jorgezanoni.com.br\/2019\/encontro-cientifico-da-alta-paulista-ecap-da-unifadra-fundec-homenageia-o-medico-ricardo-sobhie-dias\/","title":{"rendered":"Encontro Cient\u00edfico da Alta Paulista (ECAP) da Unifadra\/Fundec homenageia o m\u00e9dico Ricardo Sobhie Dias"},"content":{"rendered":"<p style=\"text-align: justify;\">A 10\u00aa edi\u00e7\u00e3o do Encontro Cient\u00edfico da Alta Paulista (ECAP) tem como homenageado o m\u00e9dico infectologista\u00a0<strong>Ricardo Sobhie Diaz,<\/strong>\u00a0que realiza pesquisa translacional em HIV\/Aids.<\/p>\n<p style=\"text-align: justify;\">O ECAP \u00e9 um evento promovido anualmente pela Unifadra, mantida pela Fundec, por meio de seus departamentos de ensino, pesquisa e extens\u00e3o, e seus cursos de gradua\u00e7\u00e3o. Neste ano, de forma especial, comemora a sua\u00a0<strong>d\u00e9cima edi\u00e7\u00e3o e ser\u00e1 realizado de 5 a 9 de novembro.<\/strong><br \/>\nO evento tem como objetivos espec\u00edficos promover atividades cient\u00edficas envolvendo profissionais de reconhecimento nacional e internacional, permitindo a intera\u00e7\u00e3o de experi\u00eancias entre os participantes; divulgar os resultados de pesquisas cient\u00edficas realizadas por alunos de gradua\u00e7\u00e3o, p\u00f3s-gradua\u00e7\u00e3o e docentes de Institui\u00e7\u00f5es de Ensino Superior; estimular o interesse pela inicia\u00e7\u00e3o cient\u00edfica entre os acad\u00eamicos e incentivar a pesquisa cient\u00edfica entre alunos e docentes.<\/p>\n<p style=\"text-align: justify;\">Ricardo Diaz \u00e9 professor da Disciplina de Infectologia da Escola Paulista de Medicina da Universidade Federal de S\u00e3o Paulo e chefe do Laborat\u00f3rio de Retrovirologia dessa Institui\u00e7\u00e3o. Tem mais de 150 artigos publicados em revistas cient\u00edficas com pol\u00edtica de revis\u00e3o. \u00c9 membro do &#8220;Consenso brasileiro para uso de antirretrovirais em adultos e adolescentes do Minist\u00e9rio da Sa\u00fade&#8221;, e atua como consultor na \u00e1rea de Laborat\u00f3rio do Departamento de DST\/Aids e Hepatites Virais do Minist\u00e9rio da Sa\u00fade do Brasil. Foi membro eleito do conselho governamental da Sociedade Internacional de Aids, representando a Am\u00e9rica Latina e Caribe, de 2006 a 2014. Sua \u00e1rea de interesse em pesquisa \u00e9 diversidade gen\u00e9tica do HIV e sua rela\u00e7\u00e3o com a patog\u00eanese, tratamento e resist\u00eancia antirretroviral e cura da infec\u00e7\u00e3o pelo HIV.<\/p>\n<p style=\"text-align: justify;\">Ainda podem ser feitas as \u00a0inscri\u00e7\u00f5es para a 10\u00aa edi\u00e7\u00e3o do Encontro Cient\u00edfico da Alta Paulista \u2013 ECAP na Faculdade Unifadra\/Fundec de Dracena. O ECAP promover\u00e1 uma intensa atividade cient\u00edfica com palestrantes de reconhecimento nacional\u00a0e internacional,\u00a0permitindo a intera\u00e7\u00e3o de experi\u00eancias entre os participantes e divulga\u00e7\u00e3o das pesquisas cient\u00edficas realizadas pelos alunos de gradua\u00e7\u00e3o e docentes de institui\u00e7\u00f5es de ensino superior. As inscri\u00e7\u00f5es devem ser feitas pelo site\u00a0<strong><a href=\"http:\/\/www.fundec.edu.br\/portal\/ecap\">www.fundec.edu.br\/portal\/ecap<\/a>.<\/strong><strong>\u00a0<\/strong><\/p>\n<p style=\"text-align: justify;\"><em>Fernando Nunes<\/em><\/p>\n<p style=\"text-align: justify;\">Diretor de Comunica\u00e7\u00e3o Fundec<\/p>\n<p style=\"text-align: justify;\">Foto: Ricardo Sobhie Diaz \u00e9 o homenageado da 10\u00aa edi\u00e7\u00e3o do ECAP da Unifadra\/Fundec.<\/p>\n<p>&nbsp;<\/p>\n","protected":false},"excerpt":{"rendered":"<p>A 10\u00aa edi\u00e7\u00e3o do Encontro Cient\u00edfico da Alta Paulista (ECAP) tem como homenageado o m\u00e9dico infectologista\u00a0Ricardo Sobhie Diaz,\u00a0que realiza pesquisa translacional em HIV\/Aids. O ECAP \u00e9 um evento promovido anualmente pela Unifadra, mantida pela Fundec, por meio de seus departamentos de ensino, pesquisa e extens\u00e3o, e seus cursos de gradua\u00e7\u00e3o. Neste ano, de forma especial, [&hellip;]<\/p>\n","protected":false},"author":1,"featured_media":9807,"comment_status":"closed","ping_status":"open","sticky":false,"template":"","format":"standard","meta":{"footnotes":""},"categories":[110,122],"tags":[],"class_list":["post-9806","post","type-post","status-publish","format-standard","has-post-thumbnail","hentry","category-noticiasdestaque","category-saudeeducacaoeconcurso"],"_links":{"self":[{"href":"https:\/\/jorgezanoni.com.br\/2019\/wp-json\/wp\/v2\/posts\/9806","targetHints":{"allow":["GET"]}}],"collection":[{"href":"https:\/\/jorgezanoni.com.br\/2019\/wp-json\/wp\/v2\/posts"}],"about":[{"href":"https:\/\/jorgezanoni.com.br\/2019\/wp-json\/wp\/v2\/types\/post"}],"author":[{"embeddable":true,"href":"https:\/\/jorgezanoni.com.br\/2019\/wp-json\/wp\/v2\/users\/1"}],"replies":[{"embeddable":true,"href":"https:\/\/jorgezanoni.com.br\/2019\/wp-json\/wp\/v2\/comments?post=9806"}],"version-history":[{"count":0,"href":"https:\/\/jorgezanoni.com.br\/2019\/wp-json\/wp\/v2\/posts\/9806\/revisions"}],"wp:featuredmedia":[{"embeddable":true,"href":"https:\/\/jorgezanoni.com.br\/2019\/wp-json\/wp\/v2\/media\/9807"}],"wp:attachment":[{"href":"https:\/\/jorgezanoni.com.br\/2019\/wp-json\/wp\/v2\/media?parent=9806"}],"wp:term":[{"taxonomy":"category","embeddable":true,"href":"https:\/\/jorgezanoni.com.br\/2019\/wp-json\/wp\/v2\/categories?post=9806"},{"taxonomy":"post_tag","embeddable":true,"href":"https:\/\/jorgezanoni.com.br\/2019\/wp-json\/wp\/v2\/tags?post=9806"}],"curies":[{"name":"wp","href":"https:\/\/api.w.org\/{rel}","templated":true}]}}