{"id":98047,"date":"2025-09-15T21:53:08","date_gmt":"2025-09-15T21:53:08","guid":{"rendered":"https:\/\/jorgezanoni.com.br\/2019\/?p=98047"},"modified":"2025-09-15T21:55:10","modified_gmt":"2025-09-15T21:55:10","slug":"policia-militar-prende-homem-em-flagrante-por-estupro-em-jacipora","status":"publish","type":"post","link":"https:\/\/jorgezanoni.com.br\/2019\/policia-militar-prende-homem-em-flagrante-por-estupro-em-jacipora\/","title":{"rendered":"Pol\u00edcia Militar prende homem em flagrante por estupro em Jacipor\u00e3"},"content":{"rendered":"<p style=\"text-align: justify;\">Na tarde de ontem (14), por volta das 17h30min, policiais militares do 25\u00ba Batalh\u00e3o de Pol\u00edcia Militar do Interior, durante patrulhamento, foram acionados via COPOM ap\u00f3s v\u00edtima (26 anos) relatar ter sido violentada sexualmente. Segundo informa\u00e7\u00f5es colhidas, a v\u00edtima e uma testemunha aceitaram carona do autor (24 anos) durante evento em distrito pr\u00f3ximo. No deslocamento, o indiv\u00edduo desviou para uma estrada de terra e, em um canavial, obrigou a v\u00edtima a manter rela\u00e7\u00e3o sexual contra sua vontade, abandonando ambas em seguida. Assustadas, elas conseguiram retornar at\u00e9 a \u00e1rea urbana e solicitaram apoio policial. Com base nas caracter\u00edsticas do ve\u00edculo e informa\u00e7\u00f5es transmitidas pelo monitoramento, equipes deslocaram-se at\u00e9 o endere\u00e7o do suspeito, logrando \u00eaxito em localiz\u00e1-lo. Embora ele tenha negado os fatos, foi reconhecido pela v\u00edtima sem qualquer d\u00favida. A v\u00edtima e a testemunha foram atendidas no pronto-socorro, sendo a v\u00edtima submetida a exames m\u00e9dicos. Na sequ\u00eancia, ambas foram ouvidas pela autoridade policial, que ratificou a pris\u00e3o em flagrante do autor, permanecendo este \u00e0 disposi\u00e7\u00e3o da Justi\u00e7a.<\/p>\n<p>Fonte: Comunica\u00e7\u00e3o Social Pol\u00edcia Militar<\/p>\n<p>Na foto a equipe de Policiais Militares que trabalharam na ocorr\u00eancia.<\/p>\n","protected":false},"excerpt":{"rendered":"<p>Na tarde de ontem (14), por volta das 17h30min, policiais militares do 25\u00ba Batalh\u00e3o de Pol\u00edcia Militar do Interior, durante patrulhamento, foram acionados via COPOM ap\u00f3s v\u00edtima (26 anos) relatar ter sido violentada sexualmente. Segundo informa\u00e7\u00f5es colhidas, a v\u00edtima e uma testemunha aceitaram carona do autor (24 anos) durante evento em distrito pr\u00f3ximo. No deslocamento, [&hellip;]<\/p>\n","protected":false},"author":1,"featured_media":98048,"comment_status":"closed","ping_status":"open","sticky":false,"template":"","format":"standard","meta":{"footnotes":""},"categories":[110,2],"tags":[],"class_list":["post-98047","post","type-post","status-publish","format-standard","has-post-thumbnail","hentry","category-noticiasdestaque","category-policial"],"_links":{"self":[{"href":"https:\/\/jorgezanoni.com.br\/2019\/wp-json\/wp\/v2\/posts\/98047","targetHints":{"allow":["GET"]}}],"collection":[{"href":"https:\/\/jorgezanoni.com.br\/2019\/wp-json\/wp\/v2\/posts"}],"about":[{"href":"https:\/\/jorgezanoni.com.br\/2019\/wp-json\/wp\/v2\/types\/post"}],"author":[{"embeddable":true,"href":"https:\/\/jorgezanoni.com.br\/2019\/wp-json\/wp\/v2\/users\/1"}],"replies":[{"embeddable":true,"href":"https:\/\/jorgezanoni.com.br\/2019\/wp-json\/wp\/v2\/comments?post=98047"}],"version-history":[{"count":1,"href":"https:\/\/jorgezanoni.com.br\/2019\/wp-json\/wp\/v2\/posts\/98047\/revisions"}],"predecessor-version":[{"id":98049,"href":"https:\/\/jorgezanoni.com.br\/2019\/wp-json\/wp\/v2\/posts\/98047\/revisions\/98049"}],"wp:featuredmedia":[{"embeddable":true,"href":"https:\/\/jorgezanoni.com.br\/2019\/wp-json\/wp\/v2\/media\/98048"}],"wp:attachment":[{"href":"https:\/\/jorgezanoni.com.br\/2019\/wp-json\/wp\/v2\/media?parent=98047"}],"wp:term":[{"taxonomy":"category","embeddable":true,"href":"https:\/\/jorgezanoni.com.br\/2019\/wp-json\/wp\/v2\/categories?post=98047"},{"taxonomy":"post_tag","embeddable":true,"href":"https:\/\/jorgezanoni.com.br\/2019\/wp-json\/wp\/v2\/tags?post=98047"}],"curies":[{"name":"wp","href":"https:\/\/api.w.org\/{rel}","templated":true}]}}