{"id":9803,"date":"2019-10-27T16:33:40","date_gmt":"2019-10-27T16:33:40","guid":{"rendered":"https:\/\/jorgezanoni.com.br\/2019\/?p=9803"},"modified":"2019-10-27T16:35:21","modified_gmt":"2019-10-27T16:35:21","slug":"homem-arremessa-pedras-contra-o-forum-de-adamantina-e-acaba-preso-em-flagrante-pela-pm","status":"publish","type":"post","link":"https:\/\/jorgezanoni.com.br\/2019\/homem-arremessa-pedras-contra-o-forum-de-adamantina-e-acaba-preso-em-flagrante-pela-pm\/","title":{"rendered":"Homem arremessa pedras contra o F\u00f3rum de Adamantina e acaba preso em flagrante pela PM"},"content":{"rendered":"<h2 class=\"subtitulo\" style=\"text-align: justify;\"><strong>Homem foi preso em flagrante, ap\u00f3s arremessar pedras contra o F\u00f3rum de Adamantina e fugir.<\/strong><\/h2>\n<p style=\"font-weight: 400; text-align: justify;\">Um caso de dano ao patrim\u00f4nio foi registrado pela pol\u00edcia, em Adamantina, na noite da \u00faltima quinta-feira (24), ap\u00f3s um homem de 30 anos arremessar pedras e danificar vidros das portas de entrada do F\u00f3rum local. O caso foi denunciado pelo vigia, que presenciou a a\u00e7\u00e3o do homem e acionou a Pol\u00edcia Militar.<\/p>\n<p style=\"font-weight: 400; text-align: justify;\">Segundo o jornal Di\u00e1rio do Oeste, o vigia relatou que o homem parou em frente ao F\u00f3rum conduzindo uma moto CB 300, cor preta. Ele desceu do ve\u00edculo e arremessou duas pedras contra o pr\u00e9dio, o que danificou vidros da porta de entrada, deixando o local em seguida.<\/p>\n<p style=\"font-weight: 400; text-align: justify;\">Com as caracter\u00edsticas do infrator, o vigia do F\u00f3rum acionou a PM. As equipes em servi\u00e7o iniciaram dilig\u00eancias e conseguiram localizar o suspeito, em sua resid\u00eancia.<\/p>\n<p style=\"font-weight: 400; text-align: justify;\">Ele recebeu voz de pris\u00e3o em flagrante por dano ao patrim\u00f4nio e foi conduzido em seguida ao plant\u00e3o da Pol\u00edcia Civil, onde o delegado plantonista ratificou a pris\u00e3o, ficando o homem preso, \u00e0 disposi\u00e7\u00e3o da Justi\u00e7a.<\/p>\n<p style=\"text-align: justify;\">Fonte: sigamais.com<\/p>\n","protected":false},"excerpt":{"rendered":"<p>Homem foi preso em flagrante, ap\u00f3s arremessar pedras contra o F\u00f3rum de Adamantina e fugir. Um caso de dano ao patrim\u00f4nio foi registrado pela pol\u00edcia, em Adamantina, na noite da \u00faltima quinta-feira (24), ap\u00f3s um homem de 30 anos arremessar pedras e danificar vidros das portas de entrada do F\u00f3rum local. O caso foi denunciado [&hellip;]<\/p>\n","protected":false},"author":1,"featured_media":9805,"comment_status":"closed","ping_status":"open","sticky":false,"template":"","format":"standard","meta":{"footnotes":""},"categories":[2],"tags":[],"class_list":["post-9803","post","type-post","status-publish","format-standard","has-post-thumbnail","hentry","category-policial"],"_links":{"self":[{"href":"https:\/\/jorgezanoni.com.br\/2019\/wp-json\/wp\/v2\/posts\/9803","targetHints":{"allow":["GET"]}}],"collection":[{"href":"https:\/\/jorgezanoni.com.br\/2019\/wp-json\/wp\/v2\/posts"}],"about":[{"href":"https:\/\/jorgezanoni.com.br\/2019\/wp-json\/wp\/v2\/types\/post"}],"author":[{"embeddable":true,"href":"https:\/\/jorgezanoni.com.br\/2019\/wp-json\/wp\/v2\/users\/1"}],"replies":[{"embeddable":true,"href":"https:\/\/jorgezanoni.com.br\/2019\/wp-json\/wp\/v2\/comments?post=9803"}],"version-history":[{"count":0,"href":"https:\/\/jorgezanoni.com.br\/2019\/wp-json\/wp\/v2\/posts\/9803\/revisions"}],"wp:featuredmedia":[{"embeddable":true,"href":"https:\/\/jorgezanoni.com.br\/2019\/wp-json\/wp\/v2\/media\/9805"}],"wp:attachment":[{"href":"https:\/\/jorgezanoni.com.br\/2019\/wp-json\/wp\/v2\/media?parent=9803"}],"wp:term":[{"taxonomy":"category","embeddable":true,"href":"https:\/\/jorgezanoni.com.br\/2019\/wp-json\/wp\/v2\/categories?post=9803"},{"taxonomy":"post_tag","embeddable":true,"href":"https:\/\/jorgezanoni.com.br\/2019\/wp-json\/wp\/v2\/tags?post=9803"}],"curies":[{"name":"wp","href":"https:\/\/api.w.org\/{rel}","templated":true}]}}